{"id":2050,"date":"2023-03-05T08:24:11","date_gmt":"2023-03-05T08:24:11","guid":{"rendered":"http:\/\/parafialapy-pp.pl\/?p=2050"},"modified":"2024-11-17T08:07:37","modified_gmt":"2024-11-17T08:07:37","slug":"ogloszenia-duszpasterskie-5-marca-2023r","status":"publish","type":"post","link":"http:\/\/parafialapy-pp.pl\/index.php\/2023\/03\/05\/ogloszenia-duszpasterskie-5-marca-2023r\/","title":{"rendered":"<strong>OG\u0141OSZENIA DUSZPASTERSKIE 5 MARCA 2023r.<\/strong>"},"content":{"rendered":"\n<p>Dzi\u015b druga niedziela Wielkiego Postu, czyli Niedziela Ad Gentes, kt\u00f3ra jest Dniem Modlitwy, Postu i Solidarno\u015bci z Misjonarzami. W wielu miejscach \u015bwiata ofiarn\u0105 prac\u0119 misyjn\u0105 podejmuj\u0105 misjonarze duchowni i \u015bwieccy. Nie tylko nios\u0105 \u015bwiat\u0142o Ewangelii, ale tak\u017ce codzienn\u0105 pomoc. M\u00f3dlmy si\u0119 dzisiaj za wszystkich pracuj\u0105cych na misjach, aby do\u015bwiadczali Bo\u017cej pomocy i wsparcia ze strony wsp\u00f3lnoty wierz\u0105cych.<\/p>\n\n\n\n<p>\u25cf Dzi\u0119kujemy ks. Paw\u0142owi Makarewiczowi, oficja\u0142owi S\u0105du biskupiego w E\u0142ku, za wyg\u0142oszone S\u0142owo Bo\u017ce i wsp\u00f3ln\u0105 modlitw\u0119.<\/p>\n\n\n\n<p>\u25cf Pierwsza niedziela miesi\u0105ca to w naszej parafii niedziela adoracyjna. B\u0142ogos\u0142awie\u0144stwo rodzin i dzieci oraz wystawienie Naj\u015bwi\u0119tszego Sakramentu po Mszy o godzinie 12<sup>00<\/sup>. Godzinna adoracja prowadzona przez Wsp\u00f3lnot\u0119 dla Intronizacji Naj\u015bwi\u0119tszego Serca Pana Jezusa, roz\u00adpocznie si\u0119 bezpo\u015brednio po Mszy o godzinie 16<sup>00<\/sup> i b\u0119\u00addzie trwa\u0142a do gorzkich \u017cali o godzinie 17<sup>30<\/sup>.<\/p>\n\n\n\n<p>\u25cf W \u015brod\u0119 8 marca przypada Dzie\u0144 Kobiet. Wszystkim paniom, pocz\u0105wszy od najm\u0142odszych, a ko\u0144cz\u0105c na seniorkach, \u017cyczymy Bo\u017cego b\u0142ogos\u0142awie\u0144stwa i opieki Matki Bo\u00ad\u017cej \u2013 kt\u00f3ra jest najdoskonalszym wzorem dla wszyst\u00adkich kobiet. W tym dniu podczas Mszy \u015bwi\u0119tych b\u0119dziemy szczeg\u00f3lnie modli\u0107 si\u0119 za wszystkie kobiety.<\/p>\n\n\n\n<p>\u25cf Ze wzgl\u0119du na to \u017ce 19 marca przypada IV niedziela wielkiego postu, Uroczysto\u015b\u0107 \u015bw. J\u00f3zefa Oblubie\u0144ca NMP przeniesiona jest na dzie\u0144 kolejny \u2013 20 marca. Nowenn\u0119 do \u015bw. J\u00f3zefa, przed t\u0105 uroczysto\u015bci\u0105 rozpoczniemy 11 marca.<\/p>\n\n\n\n<p><a><\/a> \u25cf Przypominamy, \u017ce rozpocz\u0105\u0142 si\u0119 czas Komunii \u015bwi\u0119\u00adtej wielkanocnej i b\u0119dzie trwa\u0142 do Zes\u0142ania Ducha \u015awi\u0119tego. Przypominamy o przykazaniu ko\u015bcielnym, m\u00f3wi\u0105cym o powinno\u015bci skorzystania przynajmniej raz w roku z sakramentu pojednania i przyj\u0119cia Ko\u00admunii \u015bwi\u0119tej w okresie wielkanocnym. Do spowiedzi zapraszamy odpowiednio wcze\u015bniej, spowied\u017a rozpoczynamy minimum 15 minut przed ka\u017cd\u0105 Msz\u0105 \u015bwi\u0119t\u0105. Podczas Mszy nie zawsze b\u0119dzie kap\u0142an pos\u0142uguj\u0105cy w konfesjonale.<\/p>\n\n\n\n<p>\u25cf Wszystkich serdecznie zach\u0119camy do udzia\u0142u w wiekopostnych nabo\u017ce\u0144stwach: Drodze Krzy\u017cowej i Gorzkich \u017balach. Droga Krzy\u017cowa w pi\u0105tek o godzinie 17<sup>00<\/sup>, Gorzkie \u017bale z kazaniem pasyjnym w niedziel\u0119 o godzinie 17<sup>30<\/sup>, bezpo\u015brednio po Gorzkich \u017balach Msza \u015bwi\u0119ta.<\/p>\n\n\n\n<p>\u25cf Zar\u00f3wno do odprawiania Drogi Krzy\u017cowej i Gorzkich \u017bali, jak i do pobo\u017cnego odm\u00f3wienia w pi\u0105tki Wielkiego Postu przed wizerunkiem Ukrzy\u017cowanego modlitwy: \u201eOto ja, dobry i najs\u0142odszy Jezu\u201d, przypisana jest mo\u017cliwo\u015b\u0107 uzyskania odpustu zupe\u0142nego. Odpust mo\u017cemy ofiarowa\u0107 za siebie lub za kogo\u015b ze zmar\u0142ych. Do uzyskania odpustu konieczny jest: stan \u0142aski u\u015bwi\u0119caj\u0105cej, przyj\u0119cie w tym dniu Komunii \u015awi\u0119tej, modlitwa w intencjach Ojca \u015awi\u0119tego oraz wyzbycie si\u0119 przywi\u0105zania do grzechu, nawet lekkiego.<\/p>\n\n\n\n<p>\u25cf W czasie wielkiego postu czynimy rozmaite wyrzeczenia, zaoszcz\u0119dzone przez nas, dzi\u0119ki tym wielkopostnym umartwieniom i wyrzeczeniom pieni\u0105dze, mo\u017cemy ofiarowa\u0107 jako nasz\u0105 wielkopostn\u0105 ja\u0142mu\u017cn\u0119 osobom potrzebuj\u0105cym. W tym roku te ofiary b\u0119d\u0105 przeznaczone na pomoc materialn\u0105 uchod\u017acom z Ukrainy. Nasz wielkopostny dar serca mo\u017cemy sk\u0142ada\u0107 do skarbony przy krzy\u017cu. Mo\u017cemy r\u00f3wnie\u017c sk\u0142ada\u0107 ofiary na kwiaty do dekoracji Grobu Pa\u0144skiego, zach\u0119camy cz\u0142onk\u00f3w K\u00f3\u0142 \u017bywego R\u00f3\u017ca\u0144ca i innych Wsp\u00f3lnot do zbi\u00f3rki ofiar r\u00f3wnie\u017c na ten cel. Niech dobry B\u00f3g wynagradza wszelk\u0105 hojno\u015b\u0107 swoim b\u0142ogos\u0142awie\u0144stwem.<\/p>\n\n\n\n<p>\u25cf W przysz\u0142\u0105 niedziel\u0119 po Mszy o godzinie 12<sup>00<\/sup> odb\u0119dzie si\u0119 spotkanie dla rodzic\u00f3w dzieci przygotowuj\u0105cych si\u0119 w tym roku do I Komunii \u015awi\u0119tej.<\/p>\n\n\n\n<p>\u25cf W naszej parafii w terminie: 18 \u2013 19 marca oraz 1 \u2013 2 kwietnia, odb\u0119d\u0105 si\u0119 weekendowe spotkania przygotowuj\u0105ce do zawarcia Sakramentu Ma\u0142\u017ce\u0144stwa. Zapisy w zakrystii i kancelarii oraz pod numerem tel: 570 045 455 \u2013 ilo\u015b\u0107 miejsc jest ograniczona.<\/p>\n\n\n\n<p>\u25cf Spotkanie informacyjno-organizacyjne wyje\u017cd\u017caj\u0105cych w maju bie\u017c\u0105cego roku na pielgrzymk\u0119 do W\u0142och odb\u0119dzie si\u0119 w sobot\u0119 18 marca o godzinie 12<sup>00<\/sup> w naszym ko\u015bciele.<\/p>\n\n\n\n<p>\u25cf Przypominamy, aby zam\u00f3wione intencje Mszy op\u0142aca\u0107 minimum dwa tygodnie przed terminem odprawiania.<\/p>\n\n\n\n<p>\u25cf Dzi\u0119kujemy wszystkim za modlitw\u0119 i ofiary sk\u0142adane na potrzeby parafii, za te sk\u0142adane na coniedzieln\u0105 tac\u0119, indywidualnie, prze ofiaromat, konto bankowe, czy w postaci kamiennych tabliczek. Ofiary sk\u0142adane w przysz\u0142\u0105 niedziel\u0119 na tac\u0119 s\u0105 przeznaczona na pokrycie koszt\u00f3w ogrzewania naszej \u015bwi\u0105tyni. W minionym tygodniu zosta\u0142a wykonana renowacja posadzki marmurowej na ca\u0142o\u015bci prezbiterium, dzi\u0119kujemy serdecznie paniom kt\u00f3re pomaga\u0142y w sprz\u0105taniu \u015bwi\u0105tyni po tych pracach.<\/p>\n\n\n\n<p>\u25cf Zwi\u0105zek ma\u0142\u017ce\u0144ski maj\u0105 zamiar zawrze\u0107: Pawe\u0142 Bokiniec kawaler parafii naszej i Natalia Agnieszka Zadro\u017cniak panna parafii Chrystusa Mi\u0142osiernego w Bia\u0142ej Podlaskiej \u2013 zapowied\u017a II; \u2013 ktokolwiek wiedzia\u0142by o przeszkodach zacho\u00addz\u0105cych miedzy tymi osobami zobowi\u0105zany jest w sumieniu o powiadomieniu Kancelarii Parafialnej.<\/p>\n\n\n\n<p>\u25cf W minionym tygodniu odszed\u0142 do wieczno\u015bci z naszej wsp\u00f3lnoty parafialnej: \u015bp. Jadwiga Ba\u0142akier, l.87 i Tomasz \u0141api\u0144ski l. 45 \u2013 wieczny odpoczynek racz Im da\u0107 Panie, a \u015bwiat\u0142o\u015b\u0107 wiekuista niechaj Im \u015bwieci, niech odpoczywaj\u0105 w pokoju wiecznym Amen.<\/p>\n\n\n\n<p>\u25cf Wszystkim prze\u017cywaj\u0105cym w najbli\u017cszym tygodniu dzie\u0144 imienin, urodzin oraz inne jubileusze \u017cyczymy obfito\u015bci Bo\u017cego b\u0142ogos\u0142awie\u0144stwa i Bo\u017cego \u015bwiat\u0142a na drogach codzienno\u015bci. Mi\u0142ej i b\u0142ogos\u0142awionej niedzieli.<\/p>\n","protected":false},"excerpt":{"rendered":"<p>Dzi\u015b druga niedziela Wielkiego Postu, czyli Niedziela Ad Gentes, kt\u00f3ra jest Dniem Modlitwy, Postu i Solidarno\u015bci z Misjonarzami. W wielu miejscach \u015bwiata ofiarn\u0105 prac\u0119 misyjn\u0105<\/p>\n","protected":false},"author":1,"featured_media":2051,"comment_status":"closed","ping_status":"closed","sticky":false,"template":"","format":"standard","meta":{"footnotes":""},"categories":[3],"tags":[],"class_list":["post-2050","post","type-post","status-publish","format-standard","has-post-thumbnail","hentry","category-ogloszenia"],"_links":{"self":[{"href":"http:\/\/parafialapy-pp.pl\/index.php\/wp-json\/wp\/v2\/posts\/2050","targetHints":{"allow":["GET"]}}],"collection":[{"href":"http:\/\/parafialapy-pp.pl\/index.php\/wp-json\/wp\/v2\/posts"}],"about":[{"href":"http:\/\/parafialapy-pp.pl\/index.php\/wp-json\/wp\/v2\/types\/post"}],"author":[{"embeddable":true,"href":"http:\/\/parafialapy-pp.pl\/index.php\/wp-json\/wp\/v2\/users\/1"}],"replies":[{"embeddable":true,"href":"http:\/\/parafialapy-pp.pl\/index.php\/wp-json\/wp\/v2\/comments?post=2050"}],"version-history":[{"count":1,"href":"http:\/\/parafialapy-pp.pl\/index.php\/wp-json\/wp\/v2\/posts\/2050\/revisions"}],"predecessor-version":[{"id":2052,"href":"http:\/\/parafialapy-pp.pl\/index.php\/wp-json\/wp\/v2\/posts\/2050\/revisions\/2052"}],"wp:featuredmedia":[{"embeddable":true,"href":"http:\/\/parafialapy-pp.pl\/index.php\/wp-json\/wp\/v2\/media\/2051"}],"wp:attachment":[{"href":"http:\/\/parafialapy-pp.pl\/index.php\/wp-json\/wp\/v2\/media?parent=2050"}],"wp:term":[{"taxonomy":"category","embeddable":true,"href":"http:\/\/parafialapy-pp.pl\/index.php\/wp-json\/wp\/v2\/categories?post=2050"},{"taxonomy":"post_tag","embeddable":true,"href":"http:\/\/parafialapy-pp.pl\/index.php\/wp-json\/wp\/v2\/tags?post=2050"}],"curies":[{"name":"wp","href":"https:\/\/api.w.org\/{rel}","templated":true}]}}