{"id":2899,"date":"2023-09-10T06:35:21","date_gmt":"2023-09-10T06:35:21","guid":{"rendered":"http:\/\/parafialapy-pp.pl\/?p=2899"},"modified":"2024-11-17T08:06:13","modified_gmt":"2024-11-17T08:06:13","slug":"intencje-mszy-swietych-10-17-ix-2023-r","status":"publish","type":"post","link":"http:\/\/parafialapy-pp.pl\/index.php\/2023\/09\/10\/intencje-mszy-swietych-10-17-ix-2023-r\/","title":{"rendered":"INTENCJE MSZY \u015aWI\u0118TYCH: 10 \u2013 17 IX 2023 r."},"content":{"rendered":"\n<figure class=\"wp-block-table\"><table><tbody><tr><td><br><\/td><td>NIEDZIELA<\/td><\/tr><tr><td><em><strong>7<\/strong><sup><strong>00<\/strong><\/sup><\/em><\/td><td>O Bo\u017ce b\u0142ogos\u0142awie\u0144stwo, dary Ducha \u015bw., opiek\u0119 Matki Bo\u017cej dla Jaros\u0142awa i Magdaleny Manista i ich dzieci Grzegorza i Amelii w 23 rocznic\u0119 \u015blubu<\/td><\/tr><tr><td><em><strong>9<sup>00<\/sup><\/strong><\/em><\/td><td>\u015bp. Paulina i Dariusz Kostrowscy<\/td><\/tr><tr><td><em><strong>9<sup>00<\/sup><\/strong><\/em><\/td><td>Pro populo<\/td><\/tr><tr><td><em><strong>10<sup> 30<\/sup><\/strong><\/em><\/td><td>\u015bp. Halina Wyszy\u0144ska \u2013 4 rocznica \u015bmierci, zmarli z rodziny Wyszy\u0144skich<\/td><\/tr><tr><td><em><strong>10<sup> 30<\/sup><\/strong><\/em><\/td><td>O Bo\u017ce b\u0142ogos\u0142awie\u0144stwo i opiek\u0119 Matki Bo\u017cej w rodzinie Kami\u0144skich<\/td><\/tr><tr><td><em><strong>12<sup> 00<\/sup><\/strong><\/em><\/td><td>\u015bp. Eugenia i Eugeniusz Koc \u2013 9 rocznica \u015bmierci<\/td><\/tr><tr><td><em><strong>16<sup> 00<\/sup><\/strong><\/em><\/td><td>Dzi\u0119kczynna w 60 rocznic\u0119 urodzin Andrzeja z pro\u015bb\u0105 o Bo\u017ce b\u0142ogos\u0142awie\u0144stwo i potrzebne \u0142aski na dalsze lata \u017cycia dla jubilata i jego ca\u0142ej rodziny<\/td><\/tr><tr><td><em><strong>16<sup> 00<\/sup><\/strong><\/em><\/td><td>\u015bp. Wojciech Falkowski \u2013 4 rocznica \u015bmierci<\/td><\/tr><tr><td><em><strong>18<sup> 00<\/sup><\/strong><\/em><\/td><td>\u015bp. Sylwester Bort \u2013 4 rocznica \u015bmierci<\/td><\/tr><tr><td><br><\/td><td>PONIEDZIA\u0141EK<\/td><\/tr><tr><td><em><strong>6<sup> 30<\/sup><\/strong><\/em><\/td><td>\u015bp. Helena, Wac\u0142aw G\u0105sowscy<\/td><\/tr><tr><td><em><strong>7<sup>00<\/sup><\/strong><\/em><\/td><td>\u015bp. Boles\u0142awa, Eugeniusz, Bernard Zalewskich<\/td><\/tr><tr><td><em><strong>7<sup>00<\/sup><\/strong><\/em><\/td><td>\u015bp. Dariusz Puci\u0142owski, zmar\u0142ych z rodziny Puci\u0142owskich<\/td><\/tr><tr><td><em><strong>18<sup> 00<\/sup><\/strong><\/em><\/td><td>\u015bp. Maria Leszczy\u0144ska \u2013 intencja od Micha\u0142a \u0141api\u0144skiego i Eugeniusza \u0141api\u0144skiego z rodzinami <strong>\u2013 Ks. proboszcz poza parafi\u0105<\/strong><\/td><\/tr><tr><td><em><strong>18<sup> 00<\/sup><\/strong><\/em><\/td><td>\u015bp. Stanis\u0142aw Dziardziel w 4 rocznic\u0119 \u015bmierci i zmarli z ca\u0142ej rodziny<\/td><\/tr><tr><td><br><\/td><td>WTOREK<\/td><\/tr><tr><td><em><strong>6<sup> 30<\/sup><\/strong><\/em><\/td><td>\u015bp. Henryk G\u0142owacki<\/td><\/tr><tr><td><em><strong>6<sup> 30<\/sup><\/strong><\/em><\/td><td>\u015bp. Antoni i Romualda Brzozowscy <strong>\u2013 Ks. proboszcz poza parafi\u0105<\/strong><\/td><\/tr><tr><td><em><strong>7<sup>00<\/sup><\/strong><\/em><\/td><td>\u015bp. Czes\u0142awa(k) Marek i Mieczys\u0142aw Arasimowicz<\/td><\/tr><tr><td><em><strong>18<sup> 00<\/sup><\/strong><\/em><\/td><td>\u015bp. Jadwiga Dziedzic i jej rodzice<\/td><\/tr><tr><td><em><strong>18<sup> 00<\/sup><\/strong><\/em><\/td><td>\u015bp. Helena i zmarli z rodziny Brzozowskich<\/td><\/tr><tr><td><br><\/td><td>\u015aRODA<\/td><\/tr><tr><td><em><strong>6<sup> 30<\/sup><\/strong><\/em><\/td><td>\u015bp. Tadeusz Stypu\u0142kowski \u2013 intencja od rodziny Roszkowskich i \u0141api\u0144skich<\/td><\/tr><tr><td><em><strong>7<sup>00<\/sup><\/strong><\/em><\/td><td>\u015bp. Marianna Piekut w 6 rocznic\u0119 \u015bmierci<\/td><\/tr><tr><td><em><strong>18<sup> 00<\/sup><\/strong><\/em><\/td><td>\u015bp. Edward i Eugenia \u0141ukaszuk<\/td><\/tr><tr><td><em><strong>18<sup> 00<\/sup><\/strong><\/em><\/td><td>\u015bp. Stanis\u0142aw Sienkiewicz \u2013 intencja od kole\u017canek c\u00f3rki z pracy z Urz\u0119du Miejskiego w Bia\u0142ymstoku<\/td><\/tr><tr><td><br><\/td><td>CZWARTEK<\/td><\/tr><tr><td><em><strong>6<sup> 30<\/sup><\/strong><\/em><\/td><td>\u015bp. Tadeusz Stypu\u0142kowski \u2013 intencja od rodziny Zalewskich<\/td><\/tr><tr><td><em><strong>7<sup>00<\/sup><\/strong><\/em><\/td><td>\u015bp. Kazimierz i zmarli z rodziny Kostr\u00f3w \u2013 w 34 rocznic\u0119 \u015bmierci Kazimierza<\/td><\/tr><tr><td><em><strong>18<sup> 00<\/sup><\/strong><\/em><\/td><td>\u015bp. Olimpia, Mieczys\u0142aw, Ewa, Boles\u0142aw, zmarli z rodziny Zaniewskich<\/td><\/tr><tr><td><em><strong>18<sup> 00<\/sup><\/strong><\/em><\/td><td>O Bo\u017ce b\u0142ogos\u0142awie\u0144stwo, opiek\u0119 Matki Bo\u017cej i zdrowie w rodzinie W\u0105\u017c<\/td><\/tr><tr><td><br><\/td><td>PI\u0104TEK<\/td><\/tr><tr><td><em><strong>6<sup> 30<\/sup><\/strong><\/em><\/td><td>\u015bp. Tadeusz Stypu\u0142kowski \u2013 intencja od rodziny Dr\u0105gowskich<\/td><\/tr><tr><td><em><strong>7<sup>00<\/sup><\/strong><\/em><\/td><td>\u015bp. Janina Zawadzka \u2013 intencja od Ko\u0142a R\u00f3\u017ca\u0144cowego pw. \u015bw. Ap. Piotra i Paw\u0142a<\/td><\/tr><tr><td><em><strong>18<sup> 00<\/sup><\/strong><\/em><\/td><td>\u015bp. Pawe\u0142 Dragun i zmarli rodzice<\/td><\/tr><tr><td><em><strong>18<sup> 00<\/sup><\/strong><\/em><\/td><td>\u015bp. Ryszard Banaszewski i zmarli z rodziny Nurczyk\u00f3w<\/td><\/tr><tr><td><br><\/td><td>SOBOTA<\/td><\/tr><tr><td><em><strong>6<sup> 30<\/sup><\/strong><\/em><\/td><td>\u015bp. Jadwiga Ludwik Czes\u0142aw Jadwiga i Teresa<\/td><\/tr><tr><td><em><strong>7<sup> 00<\/sup><\/strong><\/em><\/td><td>\u015bp. Eugeniusz Kiersnowski \u2013 10 rocznica \u015bmierci<\/td><\/tr><tr><td><em><strong>18<sup> 00<\/sup><\/strong><\/em><\/td><td>\u015bp. Mieczys\u0142aw \u0141api\u0144ski<\/td><\/tr><tr><td><em><strong>18<sup> 00<\/sup><\/strong><\/em><\/td><td><a><\/a> \u015bp. Angelina Krasnod\u0119bska \u2013 5 rocznica \u015bmierci<\/td><\/tr><tr><td><br><\/td><td>NIEDZIELA<\/td><\/tr><tr><td><em><strong>7<\/strong><sup><strong>00<\/strong><\/sup><\/em><\/td><td>\u015bp. Irena i Aleksander Francke<\/td><\/tr><tr><td><em><strong>9<sup>00<\/sup><\/strong><\/em><\/td><td>Pro populo<\/td><\/tr><tr><td><em><strong>9<sup>00<\/sup><\/strong><\/em><\/td><td>\u015bp. Jan Domaszewski \u2013 1 rocznica \u015bmierci<\/td><\/tr><tr><td><em><strong>10<sup> 30<\/sup><\/strong><\/em><\/td><td>\u015bp. Stanis\u0142aw Bogusz oraz Wiktoria i Antoni w 21 rocznic\u0119 \u015bmierci Stanis\u0142awa<\/td><\/tr><tr><td><em><strong>10<sup> 30<\/sup><\/strong><\/em><\/td><td>O Bo\u017ce b\u0142ogos\u0142awie\u0144stwo, dary Ducha \u015awi\u0119tego, opiek\u0119 Marki Bo\u017cej i potrzebne \u0142aski dla Izabeli z okazji 18 urodzin<\/td><\/tr><tr><td><em><strong>12<sup> 00<\/sup><\/strong><\/em><\/td><td>O Bo\u017ce b\u0142ogos\u0142awie\u0144stwo, dary Ducha \u015bwi\u0119tego opiek\u0119 Matki Bo\u017cej dla Szymona w 10 rocznic\u0119 urodzin<\/td><\/tr><tr><td><em><strong>16<sup> 00<\/sup><\/strong><\/em><\/td><td>O Bo\u017ce b\u0142ogos\u0142awie\u0144stwo i zdrowie dla Jakuba i Mariusza<\/td><\/tr><tr><td><em><strong>18<sup>     00<\/sup><\/strong><\/em><\/td><td><a><\/a> Dzi\u0119kczynna z pro\u015bb\u0105 o Bo\u017ce b\u0142ogos\u0142awie\u0144stwo i opiek\u0119 Matki Bo\u017cej dla Agnieszki i Karola \u0141api\u0144skich i ich dzieci w 20 rocznic\u0119 \u015blubu<\/td><\/tr><\/tbody><\/table><\/figure>\n","protected":false},"excerpt":{"rendered":"<p>NIEDZIELA 700 O Bo\u017ce b\u0142ogos\u0142awie\u0144stwo, dary Ducha \u015bw., opiek\u0119 Matki Bo\u017cej dla Jaros\u0142awa i Magdaleny Manista i ich dzieci Grzegorza i Amelii w 23 rocznic\u0119<\/p>\n","protected":false},"author":1,"featured_media":0,"comment_status":"closed","ping_status":"closed","sticky":false,"template":"","format":"standard","meta":{"footnotes":""},"categories":[6],"tags":[],"class_list":["post-2899","post","type-post","status-publish","format-standard","hentry","category-intencje-mszy-sw"],"_links":{"self":[{"href":"http:\/\/parafialapy-pp.pl\/index.php\/wp-json\/wp\/v2\/posts\/2899","targetHints":{"allow":["GET"]}}],"collection":[{"href":"http:\/\/parafialapy-pp.pl\/index.php\/wp-json\/wp\/v2\/posts"}],"about":[{"href":"http:\/\/parafialapy-pp.pl\/index.php\/wp-json\/wp\/v2\/types\/post"}],"author":[{"embeddable":true,"href":"http:\/\/parafialapy-pp.pl\/index.php\/wp-json\/wp\/v2\/users\/1"}],"replies":[{"embeddable":true,"href":"http:\/\/parafialapy-pp.pl\/index.php\/wp-json\/wp\/v2\/comments?post=2899"}],"version-history":[{"count":1,"href":"http:\/\/parafialapy-pp.pl\/index.php\/wp-json\/wp\/v2\/posts\/2899\/revisions"}],"predecessor-version":[{"id":2900,"href":"http:\/\/parafialapy-pp.pl\/index.php\/wp-json\/wp\/v2\/posts\/2899\/revisions\/2900"}],"wp:attachment":[{"href":"http:\/\/parafialapy-pp.pl\/index.php\/wp-json\/wp\/v2\/media?parent=2899"}],"wp:term":[{"taxonomy":"category","embeddable":true,"href":"http:\/\/parafialapy-pp.pl\/index.php\/wp-json\/wp\/v2\/categories?post=2899"},{"taxonomy":"post_tag","embeddable":true,"href":"http:\/\/parafialapy-pp.pl\/index.php\/wp-json\/wp\/v2\/tags?post=2899"}],"curies":[{"name":"wp","href":"https:\/\/api.w.org\/{rel}","templated":true}]}}