{"id":2913,"date":"2023-09-24T06:16:09","date_gmt":"2023-09-24T06:16:09","guid":{"rendered":"http:\/\/parafialapy-pp.pl\/?p=2913"},"modified":"2024-11-17T08:05:26","modified_gmt":"2024-11-17T08:05:26","slug":"intencje-mszy-swietych-24-ix-1-x-2023-r","status":"publish","type":"post","link":"http:\/\/parafialapy-pp.pl\/index.php\/2023\/09\/24\/intencje-mszy-swietych-24-ix-1-x-2023-r\/","title":{"rendered":"INTENCJE MSZY \u015aWI\u0118TYCH: 24 IX \u2013 1 X 2023 r."},"content":{"rendered":"\n<figure class=\"wp-block-table\"><table><tbody><tr><td><br><\/td><td>NIEDZIELA<\/td><\/tr><tr><td><em><strong>7<\/strong><sup><strong>00<\/strong><\/sup><\/em><\/td><td>\u015bp. Jadwiga, Ignacy Zdrowdowscy i zmarli z rodziny Zdrodowskich<\/td><\/tr><tr><td><em><strong>9<sup>00<\/sup><\/strong><\/em><\/td><td>Pro populo<\/td><\/tr><tr><td><em><strong>9<sup>00<\/sup><\/strong><\/em><\/td><td>\u015bp. Jan Perkowski w 21 rocznic\u0119 \u015bmierci<\/td><\/tr><tr><td><em><strong>9<sup>00<\/sup><\/strong><\/em><\/td><td>O b\u0142ogos\u0142awie\u0144stwo Bo\u017ce i potrzebne \u0142aski dla uczestnik\u00f3w pielgrzymki po figur\u0119 \u015bw. Micha\u0142a Archanio\u0142a z Gargano<\/td><\/tr><tr><td><em><strong>10<sup> 30<\/sup><\/strong><\/em><\/td><td>\u015bp. Henryk, Zofia Zdrodowscy<\/td><\/tr><tr><td><em><strong>12<sup> 00<\/sup><\/strong><\/em><\/td><td>O zdrowie i Bo\u017ce b\u0142ogos\u0142awie\u0144stwo i potrzebne \u0142aski dla Agnieszki, Dariusza i ich dzieci<\/td><\/tr><tr><td><em><strong>16<sup> 00<\/sup><\/strong><\/em><\/td><td>\u015bp. Krzysztof \u2013 21 rocznica \u015bmierci, Henryka(k) i J\u00f3zef Milewscy<\/td><\/tr><tr><td><em><strong>18<sup> 00<\/sup><\/strong><\/em><\/td><td>\u015bp. Andrzej Osomolski \u2013 w 5 rocznic\u0119 \u015bmierci<\/td><\/tr><tr><td><br><\/td><td>PONIEDZIA\u0141EK<\/td><\/tr><tr><td><em><strong>6<sup> 30<\/sup><\/strong><\/em><\/td><td>\u015bp. Kazimierz Zawadzki \u2013 intencja od rodzin Jankowskich, Porowskich i \u0141ukaszuk\u00f3w<\/td><\/tr><tr><td><em><strong>7<sup>00<\/sup><\/strong><\/em><\/td><td>O zdrowie i Bo\u017ce b\u0142ogos\u0142awie\u0144stwo, dary Ducha \u015aw. dla Mariusza, Justyny i ich dzieci<\/td><\/tr><tr><td><em><strong>7<sup>00<\/sup><\/strong><\/em><\/td><td>\u015bp. Ryszard Zieli\u0144ski \u2013 intencja od uczestnik\u00f3w pogrzebu<\/td><\/tr><tr><td><em><strong>18<sup> 00<\/sup><\/strong><\/em><\/td><td>\u015bp. Robert \u0141opi\u0144ski \u2013 intencja od wychowawcy, rodzic\u00f3w i uczni\u00f3w klasy 7a<\/td><\/tr><tr><td><em><strong>18<sup> 00<\/sup><\/strong><\/em><\/td><td>\u015bp. Halina Maciejczuk \u2013 3 rocznica \u015bmierci<\/td><\/tr><tr><td><br><\/td><td>WTOREK<\/td><\/tr><tr><td><em><strong>6<sup> 30<\/sup><\/strong><\/em><\/td><td>\u015bp. Jerzy G\u0105sowski<\/td><\/tr><tr><td><em><strong>7<sup>00<\/sup><\/strong><\/em><\/td><td>\u015bp. Tadeusz i Agnieszka \u0141api\u0144scy<\/td><\/tr><tr><td><em><strong>18<sup> 00<\/sup><\/strong><\/em><\/td><td>\u015bp. Aniela \u0141api\u0144ska i zmarli z rodziny \u0141api\u0144skich w 16 rocznic\u0119 \u015bmierci Anieli<\/td><\/tr><tr><td><em><strong>18<sup> 00<\/sup><\/strong><\/em><\/td><td>O Bo\u017ce b\u0142ogos\u0142awie\u0144stwo, opiek\u0119 Matki Bo\u017cej dla El\u017cbiety i Stanis\u0142awa oraz ich dzieci i wnuk\u00f3w w 49 rocznic\u0119 ich \u015blubu<\/td><\/tr><tr><td><br><\/td><td>\u015aRODA<\/td><\/tr><tr><td><em><strong>6<sup> 30<\/sup><\/strong><\/em><\/td><td>\u015bp. Stanis\u0142awa i Jadwiga Ko\u015bnik<\/td><\/tr><tr><td><em><strong>7<sup>00<\/sup><\/strong><\/em><\/td><td>\u015bp. Alicja Zbrze\u017aniak w 10 rocznic\u0119 \u015bmierci<\/td><\/tr><tr><td><em><strong>18<sup> 00<\/sup><\/strong><\/em><\/td><td>Za dusze czy\u015b\u0107cowe<\/td><\/tr><tr><td><em><strong>18<sup> 00<\/sup><\/strong><\/em><\/td><td>\u015bp. Ewa Szymborska<\/td><\/tr><tr><td><br><\/td><td>CZWARTEK<\/td><\/tr><tr><td><em><strong>6<sup> 30<\/sup><\/strong><\/em><\/td><td>\u015bp. Henryk \u017bochowski<\/td><\/tr><tr><td><em><strong>7<sup>00<\/sup><\/strong><\/em><\/td><td>\u015bp. Zygmunt Markowski intencja od uczestnik\u00f3w pogrzebu<\/td><\/tr><tr><td><em><strong>18<sup> 00<\/sup><\/strong><\/em><\/td><td><a><\/a> \u015bp. Wac\u0142aw Jab\u0142o\u0144ski \u2013 intencja z okazji i imienin<\/td><\/tr><tr><td><em><strong>18<sup> 00<\/sup><\/strong><\/em><\/td><td>\u015bp. Romuald i Zofia Zakrzewscy w 22 rocznic\u0119 \u015bmierci Romualda<\/td><\/tr><tr><td><br><\/td><td>PI\u0104TEK<\/td><\/tr><tr><td><em><strong>6<sup> 30<\/sup><\/strong><\/em><\/td><td>\u015bp. Mieczys\u0142aw Rodowicz intencja od uczestnik\u00f3w pogrzebu<\/td><\/tr><tr><td><em><strong>7<sup>00<\/sup><\/strong><\/em><\/td><td>\u015bp. Tadeusz Stypu\u0142kowski \u2013 intencja od rodziny Kami\u0144skich<\/td><\/tr><tr><td><em><strong>18<sup> 00<\/sup><\/strong><\/em><\/td><td>O Bo\u017ce b\u0142ogos\u0142awie\u0144stwo, dary Ducha \u015aw. opiek\u0119 Matki Bo\u017cej dla Rafa\u0142a<\/td><\/tr><tr><td><em><strong>18<sup> 00<\/sup><\/strong><\/em><\/td><td>\u015bp. Micha\u0142 \u0141opie\u0144ski \u2013 intencja od rodziny Dr\u0105gowskich<\/td><\/tr><tr><td><br><\/td><td>SOBOTA<\/td><\/tr><tr><td><em><strong>6<sup> 30<\/sup><\/strong><\/em><\/td><td>\u015bp. Witold Stypu\u0142kowski<\/td><\/tr><tr><td><em><strong>7<sup> 00<\/sup><\/strong><\/em><\/td><td>\u015bp. Wies\u0142aw Zalewski \u2013 3 rocznica \u015bmierci<\/td><\/tr><tr><td><em><strong>18<sup> 00<\/sup><\/strong><\/em><\/td><td>O Bo\u017ce b\u0142ogos\u0142awie\u0144stwo i opiek\u0119 Matki Bo\u017cej dla Hieronimy i Edwarda z okazji 60 rocznicy \u015blubu<\/td><\/tr><tr><td><em><strong>18<sup> 00<\/sup><\/strong><\/em><\/td><td>O Bo\u017ce b\u0142ogos\u0142awie\u0144stwo, dary Ducha \u015aw. wstawiennictwo \u015awi\u0119tej Tereski dla przyjaci\u00f3\u0142 i dobroczy\u0144c\u00f3w si\u00f3str Karmelitanek<\/td><\/tr><tr><td><br><\/td><td>NIEDZIELA<\/td><\/tr><tr><td><em><strong>7<\/strong><sup><strong>00<\/strong><\/sup><\/em><\/td><td>\u015bp. Marian, Antoni i Stanis\u0142aw<\/td><\/tr><tr><td><em><strong>9<sup>00<\/sup><\/strong><\/em><\/td><td>Pro populo<\/td><\/tr><tr><td><em><strong>9<sup>00<\/sup><\/strong><\/em><\/td><td>\u015bp. Stanis\u0142awa Mrozi\u0144ska \u2013 gregoria\u0144ska<\/td><\/tr><tr><td><em><strong>10<sup> 30<\/sup><\/strong><\/em><\/td><td>\u015bp. Helena i Boles\u0142aw Gryko \u2013 4 rocznica \u015bmierci Heleny<\/td><\/tr><tr><td><em><strong>12<sup> 00<\/sup><\/strong><\/em><\/td><td>\u015bp. Teresa Bogusz w 4 rocznic\u0119 \u015bmierci<\/td><\/tr><tr><td><em><strong>16<sup> 00<\/sup><\/strong><\/em><\/td><td>O Bo\u017ce b\u0142ogos\u0142awie\u0144stwo, opiek\u0119 Matki Bo\u017cej dla pracownik\u00f3w Poczty w \u0141apach i ich rodzin &#8211; rezerwacja<\/td><\/tr><tr><td><em><strong>18<sup>     00<\/sup><\/strong><\/em><\/td><td><a><\/a> \u015bp. Czes\u0142aw, Halina i Waleria<\/td><\/tr><\/tbody><\/table><\/figure>\n","protected":false},"excerpt":{"rendered":"<p>NIEDZIELA 700 \u015bp. Jadwiga, Ignacy Zdrowdowscy i zmarli z rodziny Zdrodowskich 900 Pro populo 900 \u015bp. Jan Perkowski w 21 rocznic\u0119 \u015bmierci 900 O b\u0142ogos\u0142awie\u0144stwo<\/p>\n","protected":false},"author":1,"featured_media":0,"comment_status":"closed","ping_status":"closed","sticky":false,"template":"","format":"standard","meta":{"footnotes":""},"categories":[6],"tags":[],"class_list":["post-2913","post","type-post","status-publish","format-standard","hentry","category-intencje-mszy-sw"],"_links":{"self":[{"href":"http:\/\/parafialapy-pp.pl\/index.php\/wp-json\/wp\/v2\/posts\/2913","targetHints":{"allow":["GET"]}}],"collection":[{"href":"http:\/\/parafialapy-pp.pl\/index.php\/wp-json\/wp\/v2\/posts"}],"about":[{"href":"http:\/\/parafialapy-pp.pl\/index.php\/wp-json\/wp\/v2\/types\/post"}],"author":[{"embeddable":true,"href":"http:\/\/parafialapy-pp.pl\/index.php\/wp-json\/wp\/v2\/users\/1"}],"replies":[{"embeddable":true,"href":"http:\/\/parafialapy-pp.pl\/index.php\/wp-json\/wp\/v2\/comments?post=2913"}],"version-history":[{"count":1,"href":"http:\/\/parafialapy-pp.pl\/index.php\/wp-json\/wp\/v2\/posts\/2913\/revisions"}],"predecessor-version":[{"id":2914,"href":"http:\/\/parafialapy-pp.pl\/index.php\/wp-json\/wp\/v2\/posts\/2913\/revisions\/2914"}],"wp:attachment":[{"href":"http:\/\/parafialapy-pp.pl\/index.php\/wp-json\/wp\/v2\/media?parent=2913"}],"wp:term":[{"taxonomy":"category","embeddable":true,"href":"http:\/\/parafialapy-pp.pl\/index.php\/wp-json\/wp\/v2\/categories?post=2913"},{"taxonomy":"post_tag","embeddable":true,"href":"http:\/\/parafialapy-pp.pl\/index.php\/wp-json\/wp\/v2\/tags?post=2913"}],"curies":[{"name":"wp","href":"https:\/\/api.w.org\/{rel}","templated":true}]}}