{"id":3645,"date":"2025-03-15T20:50:44","date_gmt":"2025-03-15T20:50:44","guid":{"rendered":"http:\/\/parafialapy-pp.pl\/?p=3645"},"modified":"2025-03-15T20:50:45","modified_gmt":"2025-03-15T20:50:45","slug":"ogloszenia-duszpasterskie-16-marca-2025r","status":"publish","type":"post","link":"http:\/\/parafialapy-pp.pl\/index.php\/2025\/03\/15\/ogloszenia-duszpasterskie-16-marca-2025r\/","title":{"rendered":"OG\u0141OSZENIA DUSZPASTERSKIE 16 MARCA 2025r."},"content":{"rendered":"\n<p>\u25cf Dzi\u015b przypada druga niedziela Wielkiego Postu. Ko\u015bci\u00f3\u0142 na r\u00f3\u017cne sposoby pragnie nam pom\u00f3c, aby\u015bmy ten \u015bwi\u0119ty czas prze\u017cywali z jak najwi\u0119kszym po\u017cytkiem. Czyni to zw\u0142aszcza przez g\u0142oszenie s\u0142owa Bo\u017cego i sprawowanie sakramentu pojednania i pokuty. Czyni to tak\u017ce przez organizowanie w tym czasie rekolekcji, dni skupienia czy specjalnych nabo\u017ce\u0144stw pokutnych. Przypominam, \u017ce w naszym ko\u015bciele w ka\u017cdy pi\u0105tek o godzinie 17<sup>15 <\/sup>razem z&nbsp;Chrystusem i Jego Bolej\u0105c\u0105 Matk\u0105 przemierzamy Drog\u0119 krzy\u017cow\u0105, a w niedziele o godzinie 17<sup>30 <\/sup>rozpami\u0119tujemy m\u0119k\u0119 Pana Jezusa podczas Gorzkich \u017cali. Wszystkich zach\u0119cam do licznego udzia\u0142u w tych nabo\u017ce\u0144stwach.<\/p>\n\n\n\n<p>\u25cf W Ko\u015bciele powszechnym prze\u017cywamy niedziel\u0119 Ad Gentes \u2013 Dzie\u0144 Modlitw, Postu i&nbsp;Solidarno\u015bci z Misjonarzami. Naszymi modlitwami obejmujemy tych, kt\u00f3rzy g\u0142osz\u0105 Ewangeli\u0119 na kra\u0144cach ziemi. Oni cz\u0119sto na wz\u00f3r Chrystusa cierpi\u0105 prze\u015bladowania i p\u0142ac\u0105 najwy\u017csz\u0105 cen\u0119 z w\u0142asnego \u017cycia za swoj\u0105 pos\u0142ug\u0119. M\u00f3dlmy si\u0119 dzisiaj za wszystkich pracuj\u0105cych na misjach, aby do\u015bwiadczali Bo\u017cej pomocy i wsparcia ze strony wsp\u00f3lnoty wierz\u0105cych. Ofiarami z\u0142o\u017conymi dzi\u015b do puszek wesprzyjmy prac\u0119 misyjn\u0105.<\/p>\n\n\n\n<p>\u25cf Wpatrzeni w Ukrzy\u017cowanego, kt\u00f3ry dla nas z\u0142o\u017cy\u0142 w ofierze swoje \u017cycie, podejmujmy trud dobrowolnego umartwienia, jako wynagrodzenie za grzechy nasze i naszych bli\u017anich. Zr\u00f3bmy dobre postanowienia, powstrzymujmy si\u0119 od udzia\u0142u w g\u0142o\u015bnych rozrywkach, od spo\u017cywania napoj\u00f3w alkoholowych, palenia papieros\u00f3w, aby w ten spos\u00f3b wynagrodzi\u0107 Bogu grzechy pija\u0144stwa, rozwi\u0105z\u0142o\u015bci, nieuczciwo\u015bci i wszelki brak pokory. Nie zapominajmy, \u017ce Wielki Post jest czasem pokuty i modlitwy. Niech go nie zak\u0142\u00f3c\u0105 huczne spotkania czy imprezy rozrywkowe. Kochani rodzice, z wi\u0119ksz\u0105 trosk\u0105 spojrzyjcie w tym czasie na swoje dzieci. To na Was spoczywa obowi\u0105zek dobrego wychowania m\u0142odego pokolenia, tak\u017ce w duchu tradycji i naszej polskiej pobo\u017cno\u015bci.<\/p>\n\n\n\n<p>\u25cf W ramach naszego wielkopostnego przygotowania do \u015bwi\u0105t zmartwychwstania Chrystusa b\u0119dziemy uczestniczy\u0107 w rekolekcjach wielkopostnych. W naszej wsp\u00f3lnocie b\u0119d\u0105 mia\u0142y miejsce w dniach od 6 do 9 kwietnia, a poprowadzi je &nbsp;ks. Tomasz Koprianiuk \u2013 dyrektor Krajowego Biura Organizacyjnego \u015aDM w Polsce.<\/p>\n\n\n\n<p>\u25cf W \u015brod\u0119, 19 marca, przypada uroczysto\u015b\u0107 \u015awi\u0119tego J\u00f3zefa, Oblubie\u0144ca Naj\u015bwi\u0119tszej Maryi Panny i opiekuna Pana Jezusa. Papie\u017c Pius IX w 1870 roku og\u0142osi\u0142 go patronem Ko\u015bcio\u0142a powszechnego i rodzin chrze\u015bcija\u0144skich. W tym dniu przez wstawiennictwo Opiekuna Naj\u015bwi\u0119tszej Rodziny b\u0119dziemy modli\u0107 si\u0119 za m\u0119\u017c\u00f3w i ojc\u00f3w z&nbsp;naszej wsp\u00f3lnoty parafialnej o godne wype\u0142nianie przez nich swojego powo\u0142ania. Kiedy wok\u00f3\u0142 tyle trudno\u015bci, codziennych k\u0142opot\u00f3w, warto zwraca\u0107 si\u0119 o pomoc do \u015awi\u0119tego J\u00f3zefa nie tylko w dniu jego \u015bwi\u0119ta, ale tak\u017ce w ka\u017cd\u0105 \u015brod\u0119 kt\u00f3ra szczeg\u00f3lnie Jemu jest po\u015bwi\u0119cona. \u015awi\u0119ty J\u00f3zef jest te\u017c patronem dobrej \u015bmierci. Wed\u0142ug tradycji odszed\u0142 z tego \u015bwiata w ramionach samego Pana Jezusa. Jego wstawiennictwu b\u0119dziemy zatem poleca\u0107 wszystkich konaj\u0105cych. Nasz\u0105 modlitw\u0105 obejmujemy r\u00f3wnie\u017c wszystkich m\u0119\u017cczyzn kt\u00f3rym patronuje \u015bwi\u0119ty J\u00f3zef, niech na wz\u00f3r \u015bw. J\u00f3zefa b\u0119d\u0105 troskliwymi opiekunami swoich rodzin. Uroczysto\u015b\u0107 \u015bw. J\u00f3zefa, to dzie\u0144 imienin ks. profesora J\u00f3zefa \u0141upi\u0144skiego, solenizantowi \u017cyczymy Bo\u017cego b\u0142ogos\u0142awie\u0144stwa, opieki Matki Bo\u017cej i \u015bw. J\u00f3zefa w pos\u0142udze kap\u0142a\u0144skiej i akademickiej.<\/p>\n\n\n\n<p>\u25cf W duchu wielkopostnej solidarno\u015bci wspierajmy w tym czasie dzia\u0142alno\u015b\u0107 charytatywnych instytucji Ko\u015bcio\u0142a, zw\u0142aszcza Caritas, kt\u00f3ra pomaga najubo\u017cszym w ca\u0142ej Polsce oraz biednym Polakom na obczy\u017anie. Niech wszyscy zaznaj\u0105 rado\u015bci \u015bwi\u0105t Zmartwychwstania Pa\u0144skiego, zw\u0142aszcza dzieci, samotni i opuszczeni, zapomniani przez najbli\u017cszych, pozostawieni w\u0142asnemu losowi. Nasz wielkopostny dar serca \u2013 ja\u0142mu\u017cn\u0119 wielkopostn\u0105, mo\u017cemy sk\u0142ada\u0107 do skarbony przy krzy\u017cu.<\/p>\n\n\n\n<p>\u25cf W przysz\u0142\u0105 niedziel\u0119 b\u0119dziemy go\u015bci\u0107 w naszej parafii z opraw\u0105 muzyczn\u0105 Mszy \u015bwi\u0119tych zesp\u00f3\u0142 TARUTA z Ukrainy. Zesp\u00f3\u0142 ten pomaga dzieciom z sieroci\u0144ca w Tarnopolu.&nbsp;Je\u017celi to mo\u017cliwe prosz\u0105 nas o pomoc, w formie przybor\u00f3w szkolnych, chemii, \u017cywno\u015bci czy s\u0142odyczy.&nbsp;B\u0119d\u0105 mieli p\u0142yty i inne drobiazgi, kt\u00f3re b\u0119dziemy mogli za dobrowoln\u0105 ofiar\u0119 wzi\u0105\u0107 na pami\u0105tk\u0119.<\/p>\n\n\n\n<p>\u25cf Zesp\u00f3\u0142 Szk\u00f3\u0142 Mechanicznych zaprasza w przysz\u0142\u0105 niedziel\u0119 23 marca w godzinach od 10<sup>00<\/sup> do 16<sup>00<\/sup>&nbsp; na Dzie\u0144 Otwarty, kt\u00f3ry b\u0119dzie po\u0142\u0105czony z Turniejem Charytatywnym pi\u0142ki no\u017cnej pod has\u0142em \u201ePom\u00f3\u017cmy Micha\u0142owi\u201d \u2013&nbsp;wi\u0119cej informacji na plakatach.<\/p>\n\n\n\n<p>\u25cf Przypominamy, aby zam\u00f3wione intencje Mszy op\u0142aca\u0107 minimum dwa tygodnie przed terminem odprawiania.<\/p>\n\n\n\n<p>\u25cf Zach\u0119camy, by sakramentu pokuty i&nbsp;pojednania nie odk\u0142ada\u0107 na ostatni\u0105 chwil\u0119 przed \u015bwi\u0119tami. W naszej \u015bwi\u0105tyni spowied\u017a jest codziennie minimum 15 minut przed ka\u017cd\u0105 Msz\u0105 \u015awi\u0119t\u0105. Podczas Mszy nie zawsze b\u0119dzie kap\u0142an pos\u0142uguj\u0105cy w konfesjonale, szczeg\u00f3lnie w dni powszednie.<\/p>\n\n\n\n<p>\u25cf Dzi\u0119kujemy wszystkim za modlitw\u0119 i ofiary sk\u0142adane na potrzeby parafii, za te sk\u0142adane na coniedzieln\u0105 tac\u0119, ofiary indywidualne, przez ofiaromat, na konto bankowe, czy w postaci kamiennych tabliczek. Dzi\u0119kujemy za prac\u0119 na rzecz parafii w tym tygodniu p. Piotrowi Warpechowskiemu i Tomaszowi Onopa.<\/p>\n\n\n\n<p>\u25cf Dzi\u0119kujemy r\u00f3wnie\u017c za z\u0142o\u017cone ofiary na kwiaty do dekoracji Grobu Pa\u0144skiego sk\u0142adane do puszki przy dekoracji wielkopostnej. Niech dobry B\u00f3g wynagradza wszelk\u0105 hojno\u015b\u0107 swoim b\u0142ogos\u0142awie\u0144stwem.<\/p>\n\n\n\n<p>\u25cf Zwi\u0105zek ma\u0142\u017ce\u0144ski maj\u0105 zamiar zawrze\u0107: Mateusz Czaczkowski i Michalina \u0141api\u0144ska oboje parafii naszej \u2013 zapowied\u017a I \u2013 ktokolwiek wiedzia\u0142by o przeszkodach zacho\u00addz\u0105cych miedzy tymi osobami zobowi\u0105zany jest w sumieniu o powiadomieniu Kancelarii Parafialnej.<\/p>\n\n\n\n<p><a><\/a> \u25cf W minionym tygodniu odszed\u0142 do wieczno\u015bci z naszej wsp\u00f3lnoty parafialnej: \u015bp. Eugeniusz Tokarzewski lat 70 \u2013 wieczny odpoczynek racz mu da\u0107 Panie, a \u015bwiat\u0142o\u015b\u0107 wiekuista niechaj mu \u015bwieci, niech odpoczywa w pokoju wiecznym. Amen.<\/p>\n\n\n\n<p>\u25cf Wszystkim solenizantom i jubilatom tego tygodnia \u017cyczymy do\u015bwiadczenia blisko\u015bci Boga i Jego zbawczej mocy oraz opieki Matki Naj\u015bwi\u0119tszej. Mi\u0142ej i b\u0142ogos\u0142awionej niedzieli.<\/p>\n","protected":false},"excerpt":{"rendered":"<p>\u25cf Dzi\u015b przypada druga niedziela Wielkiego Postu. Ko\u015bci\u00f3\u0142 na r\u00f3\u017cne sposoby pragnie nam pom\u00f3c, aby\u015bmy ten \u015bwi\u0119ty czas prze\u017cywali z jak najwi\u0119kszym po\u017cytkiem. Czyni to<\/p>\n","protected":false},"author":1,"featured_media":2051,"comment_status":"closed","ping_status":"closed","sticky":false,"template":"","format":"standard","meta":{"footnotes":""},"categories":[3],"tags":[],"class_list":["post-3645","post","type-post","status-publish","format-standard","has-post-thumbnail","hentry","category-ogloszenia"],"_links":{"self":[{"href":"http:\/\/parafialapy-pp.pl\/index.php\/wp-json\/wp\/v2\/posts\/3645","targetHints":{"allow":["GET"]}}],"collection":[{"href":"http:\/\/parafialapy-pp.pl\/index.php\/wp-json\/wp\/v2\/posts"}],"about":[{"href":"http:\/\/parafialapy-pp.pl\/index.php\/wp-json\/wp\/v2\/types\/post"}],"author":[{"embeddable":true,"href":"http:\/\/parafialapy-pp.pl\/index.php\/wp-json\/wp\/v2\/users\/1"}],"replies":[{"embeddable":true,"href":"http:\/\/parafialapy-pp.pl\/index.php\/wp-json\/wp\/v2\/comments?post=3645"}],"version-history":[{"count":1,"href":"http:\/\/parafialapy-pp.pl\/index.php\/wp-json\/wp\/v2\/posts\/3645\/revisions"}],"predecessor-version":[{"id":3646,"href":"http:\/\/parafialapy-pp.pl\/index.php\/wp-json\/wp\/v2\/posts\/3645\/revisions\/3646"}],"wp:featuredmedia":[{"embeddable":true,"href":"http:\/\/parafialapy-pp.pl\/index.php\/wp-json\/wp\/v2\/media\/2051"}],"wp:attachment":[{"href":"http:\/\/parafialapy-pp.pl\/index.php\/wp-json\/wp\/v2\/media?parent=3645"}],"wp:term":[{"taxonomy":"category","embeddable":true,"href":"http:\/\/parafialapy-pp.pl\/index.php\/wp-json\/wp\/v2\/categories?post=3645"},{"taxonomy":"post_tag","embeddable":true,"href":"http:\/\/parafialapy-pp.pl\/index.php\/wp-json\/wp\/v2\/tags?post=3645"}],"curies":[{"name":"wp","href":"https:\/\/api.w.org\/{rel}","templated":true}]}}