{"id":3801,"date":"2025-08-03T16:35:57","date_gmt":"2025-08-03T16:35:57","guid":{"rendered":"https:\/\/parafialapy-pp.pl\/?p=3801"},"modified":"2025-08-03T16:35:58","modified_gmt":"2025-08-03T16:35:58","slug":"ogloszenia-duszpasterskie-3-sierpnia-2025r","status":"publish","type":"post","link":"http:\/\/parafialapy-pp.pl\/index.php\/2025\/08\/03\/ogloszenia-duszpasterskie-3-sierpnia-2025r\/","title":{"rendered":"OG\u0141OSZENIA DUSZPASTERSKIE 3 SIERPNIA 2025r."},"content":{"rendered":"\n<p>\u25cf W miniony czwartek i pi\u0105tek w ramach przygotowania do obchod\u00f3w&nbsp;100-lecia powstania Diecezji \u0141om\u017cy\u0144skiej, w naszej parafii odbywa\u0142a si\u0119 Peregrynacja&nbsp;Obrazu Matki Bo\u017cej Pi\u0119knej Mi\u0142o\u015bci z \u0141om\u017cy\u0144skiej Katedry. Dzi\u0119kujemy wszystkim zaanga\u017cowanym w to modlitewne wydarzenie. W spos\u00f3b szczeg\u00f3lny dzi\u0119kujemy S\u0142u\u017cbie Liturgicznej O\u0142tarza, Siostrze Margicie, Ko\u0142om \u017bywego R\u00f3\u017ca\u0144ca, panu organi\u015bcie, scholii doros\u0142ych oraz wszystkim czcicielom Matki Naj\u015bwi\u0119tszej.&nbsp;<\/p>\n\n\n\n<p>\u25cf Rozpocz\u0119li\u015bmy sierpie\u0144. To miesi\u0105c dla nas szczeg\u00f3lny tak pod wzgl\u0119dem religijnym, jak i&nbsp;historycznym. W tym miesi\u0105cu ze wszystkich stron Polski i Europy tysi\u0105ce pielgrzym\u00f3w zd\u0105\u017caj\u0105 na Jasn\u0105 G\u00f3r\u0119. \u0141\u0105czmy si\u0119 w modlitwie z tymi, kt\u00f3rzy podj\u0119li trud wyj\u015bcia na p\u0105tnicze szlaki. W\u0142\u0105czmy si\u0119 te\u017c w wielk\u0105 modlitw\u0119 o trze\u017awo\u015b\u0107 naszego narodu. Mo\u017ce dla wyrwania z na\u0142ogu pija\u0144stwa czy narkomanii kogo\u015b bliskiego, znajomego warto ofiarowa\u0107 Panu Bogu czasow\u0105 lub ca\u0142kowit\u0105 abstynencj\u0119. Naszym or\u0119downikiem w modlitwie o&nbsp;trze\u017awo\u015b\u0107 jest \u015awi\u0119ty Maksymilian Maria Kolbe.<\/p>\n\n\n\n<p>\u25cf Dzisiaj jak w ka\u017cd\u0105 pierwsz\u0105 niedziel\u0119 miesi\u0105ca, b\u0142ogos\u0142awie\u0144stwo rodzin i dzieci i adoracja Naj\u015bwi\u0119tszego Sakramentu po Mszy o godzinie 12<sup>00<\/sup>. Wsp\u00f3lnota dla Intronizacji Naj\u015bwi\u0119tszego Serca Jezusowego zaprasza w tym dniu na modlitw\u0119 adoracyjn\u0105 po Mszy o godzinie 16<sup>00<\/sup>.<\/p>\n\n\n\n<p>\u25cf W miniony pi\u0105tek wyruszy\u0142a 41 Piesza Pielgrzymka z \u0141om\u017cy na Jasn\u0105 G\u00f3r\u0119. Ka\u017cdego dnia do 14 sierpnia w\u0142\u0105cznie gromadzimy si\u0119 na Eucharystii o 20<sup>30<\/sup>,pokt\u00f3rej w Apelu Jasnog\u00f3rskim \u0142\u0105cz\u0105c si\u0119 duchowo z p\u0105tnikami i przed wizerunkiem Matki Bo\u017cej zanosimy intencje kt\u00f3re skrywaj\u0105 nasze serca. Polecamy sprawy remontowe naszej \u015bwi\u0105tyni, prosimy o ustanie blu\u017anierstw i bezczeszczenia wiary katolickiej, modlimy si\u0119 o pok\u00f3j na \u015bwiecie, o zgod\u0119, mi\u0142o\u015b\u0107 i \u015bwi\u0119to\u015b\u0107 naszych rodzin, modlimy si\u0119 za m\u0142odzie\u017c i dzieci, osoby samotne i starsze. Za kilka dni wyruszy r\u00f3wnie\u017c 314 Warszawska pielgrzymka w kt\u00f3rej ponad 100 os\u00f3b pielgrzymuje z \u0141ap. Podczas Apeli pami\u0119tamy o naszych pielgrzymach. Prosimy o zapisywanie si\u0119 do Grupy Bia\u0142ej i zach\u0119camy aby na t\u0119 Msz\u0119 i Apel przychodzi\u0107 w miar\u0119 mo\u017cliwo\u015bci w bia\u0142ych strojach. Ofiary z\u0142o\u017cone przy zapisach s\u0105 wsparciem w organizacji pieszej pielgrzymki.<\/p>\n\n\n\n<p>\u25cf Najbli\u017cszy wtorek to pierwszy wtorek miesi\u0105ca, dzie\u0144 w kt\u00f3rym w naszej parafii czcimy \u015bw. Micha\u0142a Archanio\u0142a. Nabo\u017ce\u0144stwo do \u015bw. Micha\u0142 z modlitw\u0105 o uzdrowienie i uwolnienie wyj\u0105tkowo w tym miesi\u0105cu przed Msz\u0105 wieczorn\u0105, o godzinie 20<sup>00<\/sup>.<\/p>\n\n\n\n<p>\u25cf W \u015brod\u0119, 6 sierpnia, przypada \u015bwi\u0119to Przemienienia Pa\u0144skiego. W Ko\u015bciele obchodzone jest ju\u017c od VI wieku, a w Polsce znane od XI wieku. Fakt Chrystusowego przemienienia pozwala Aposto\u0142om i nam zrozumie\u0107, jak niepe\u0142ne s\u0105 nasze wyobra\u017cenia o Bogu. To lekcja pokory wobec majestatu pot\u0119gi Bo\u017cej. Przemienienie Pa\u0144skie to \u015bwi\u0119to rado\u015bci i nadziei, \u017ce przyjdzie czas, kiedy Pan odmieni nas wszystkich.<\/p>\n\n\n\n<p>\u25cf W tym tygodniu przypada r\u00f3wnie\u017c pierwszy czwartek miesi\u0105ca. W ten dzie\u0144 dzi\u0119kujemy za dar Eucharystii i kap\u0142a\u0144stwa, prosimy o nowe i \u015bwi\u0119te powo\u0142ania do pracy w Ko\u015bciele, tak\u017ce z naszej wsp\u00f3lnoty parafialnej. Przed Msz\u0105 wieczorn\u0105 o godzinie 19<sup>30 <\/sup>wystawienie Naj\u015bwi\u0119tszego Sakramentu i Godzina \u015awi\u0119ta, przeniesione z minionego czwartku.<\/p>\n\n\n\n<p>\u25cf Zapraszamy rodzic\u00f3w dzieci kt\u00f3re wezm\u0105 udzia\u0142 w ewangelizacyjnych zaj\u0119ciach wakacyjnych w naszej parafii, po odbi\u00f3r kart uczestnictwa. Wype\u0142nione zgody przynosimy do 8 sierpnia.&nbsp;<\/p>\n\n\n\n<p>\u25cf Przypominamy, aby zam\u00f3wione intencje Mszy op\u0142aca\u0107 minimum dwa tygodnie przed terminem odprawiania.<\/p>\n\n\n\n<p>\u25cf Ka\u017cdy kto chce skorzysta\u0107 z sakramentu pokuty, niech uczyni to, minimum 15 minut przed Msz\u0105 \u015bwi\u0119t\u0105 \u2013 podczas Mszy nie zawsze ksi\u0105dz b\u0119dzie pos\u0142ugiwa\u0142 w konfesjonale.<\/p>\n\n\n\n<p>\u25cf Dzi\u0119kujemy wszystkim za modlitw\u0119 i ofiary sk\u0142adane na potrzeby parafii, za te sk\u0142adane na coniedzieln\u0105 tac\u0119, ofiary indywidualne, przez ofiaromat, na konto bankowe czy w postaci marmurowych tabliczek. W przysz\u0142\u0105 niedziel\u0119 ofiary sk\u0142adane na tac\u0119 przeznaczone s\u0105 na uzyskanie \u015brodk\u00f3w, kt\u00f3rych Stolica Apostolska potrzebuje do pe\u0142nienia nale\u017cytej s\u0142u\u017cby wobec ca\u0142ego Ko\u015bcio\u0142a.<\/p>\n\n\n\n<p>\u25cf Zwi\u0105zek ma\u0142\u017ce\u0144ski maj\u0105 zamiar zawrze\u0107: Adrian \u0141api\u0144ski kawaler parafii naszej i Karolina Nowicka panna parafii Bo\u017cego Cia\u0142a w Sura\u017cu \u2013 zapowied\u017a II; \u2013 ktokolwiek wiedzia\u0142by o przeszkodach zacho\u00addz\u0105cych miedzy tymi osobami zobowi\u0105zany jest w sumieniu o powiadomieniu Kancelarii Parafialnej.<\/p>\n\n\n\n<p>\u25cf Wszystkim solenizantom i jubilatom tego tygodnia \u017cyczymy obfito\u015bci Bo\u017cego b\u0142ogos\u0142awie\u0144stwa oraz opieki Matki Naj\u015bwi\u0119tszej.<\/p>\n\n\n\n<p><strong>W tym tygodniu patronuj\u0105 nam:<\/strong><\/p>\n\n\n\n<p>\u2013 w poniedzia\u0142ek 4 sierpnia \u2013 \u015awi\u0119ty Jan Maria Vianney (1786-1859), prezbiter, patron proboszcz\u00f3w, wybitny, a jednocze\u015bnie prosty i skromny kap\u0142an;<\/p>\n\n\n\n<p><a><\/a> \u2013 w czwartek 7 sierpnia \u2013 B\u0142ogos\u0142awiony Edmund Bojanowski, \u015bwiecki, kt\u00f3ry b\u0119d\u0105c wielkim spo\u0142ecznikiem, prowadzi\u0142 szeroko rozpowszechnion\u0105 dzia\u0142alno\u015b\u0107 charytatywn\u0105; aby obj\u0105\u0107 opiek\u0105 zaniedbane wiejskie dzieci za\u0142o\u017cy\u0142 Zgromadzenie Si\u00f3str S\u0142u\u017cebniczek Naj\u015bwi\u0119tszej Maryi Panny;<\/p>\n\n\n\n<p>\u2013 w pi\u0105tek 8 sierpnia \u2013 \u015awi\u0119ty Dominik (ok. 1170-1221), prezbiter, za\u0142o\u017cyciel Zakonu Kaznodziejskiego \u2013 dominikan\u00f3w, kt\u00f3ry do dzi\u015b szerzy Ewangeli\u0119 przez g\u0142oszenie s\u0142owa i&nbsp;\u015bwiadectwo \u017cycia;<\/p>\n\n\n\n<p>\u2013 w sobot\u0119 9 sierpnia \u2013 \u015awi\u0119ta Teresa Benedykta od Krzy\u017ca, dziewica i m\u0119czennica, patronka Europy.<\/p>\n","protected":false},"excerpt":{"rendered":"<p>\u25cf W miniony czwartek i pi\u0105tek w ramach przygotowania do obchod\u00f3w&nbsp;100-lecia powstania Diecezji \u0141om\u017cy\u0144skiej, w naszej parafii odbywa\u0142a si\u0119 Peregrynacja&nbsp;Obrazu Matki Bo\u017cej Pi\u0119knej Mi\u0142o\u015bci z<\/p>\n","protected":false},"author":1,"featured_media":3802,"comment_status":"closed","ping_status":"closed","sticky":false,"template":"","format":"standard","meta":{"footnotes":""},"categories":[3],"tags":[],"class_list":["post-3801","post","type-post","status-publish","format-standard","has-post-thumbnail","hentry","category-ogloszenia"],"_links":{"self":[{"href":"http:\/\/parafialapy-pp.pl\/index.php\/wp-json\/wp\/v2\/posts\/3801","targetHints":{"allow":["GET"]}}],"collection":[{"href":"http:\/\/parafialapy-pp.pl\/index.php\/wp-json\/wp\/v2\/posts"}],"about":[{"href":"http:\/\/parafialapy-pp.pl\/index.php\/wp-json\/wp\/v2\/types\/post"}],"author":[{"embeddable":true,"href":"http:\/\/parafialapy-pp.pl\/index.php\/wp-json\/wp\/v2\/users\/1"}],"replies":[{"embeddable":true,"href":"http:\/\/parafialapy-pp.pl\/index.php\/wp-json\/wp\/v2\/comments?post=3801"}],"version-history":[{"count":1,"href":"http:\/\/parafialapy-pp.pl\/index.php\/wp-json\/wp\/v2\/posts\/3801\/revisions"}],"predecessor-version":[{"id":3803,"href":"http:\/\/parafialapy-pp.pl\/index.php\/wp-json\/wp\/v2\/posts\/3801\/revisions\/3803"}],"wp:featuredmedia":[{"embeddable":true,"href":"http:\/\/parafialapy-pp.pl\/index.php\/wp-json\/wp\/v2\/media\/3802"}],"wp:attachment":[{"href":"http:\/\/parafialapy-pp.pl\/index.php\/wp-json\/wp\/v2\/media?parent=3801"}],"wp:term":[{"taxonomy":"category","embeddable":true,"href":"http:\/\/parafialapy-pp.pl\/index.php\/wp-json\/wp\/v2\/categories?post=3801"},{"taxonomy":"post_tag","embeddable":true,"href":"http:\/\/parafialapy-pp.pl\/index.php\/wp-json\/wp\/v2\/tags?post=3801"}],"curies":[{"name":"wp","href":"https:\/\/api.w.org\/{rel}","templated":true}]}}