{"id":3805,"date":"2025-08-09T16:07:19","date_gmt":"2025-08-09T16:07:19","guid":{"rendered":"https:\/\/parafialapy-pp.pl\/?p=3805"},"modified":"2025-08-09T16:07:21","modified_gmt":"2025-08-09T16:07:21","slug":"intencje-mszy-swietych-10-17-viii-25-r","status":"publish","type":"post","link":"http:\/\/parafialapy-pp.pl\/index.php\/2025\/08\/09\/intencje-mszy-swietych-10-17-viii-25-r\/","title":{"rendered":"INTENCJE MSZY \u015aWI\u0118TYCH: 10 \u2013 17 VIII 25 r."},"content":{"rendered":"\n<figure class=\"wp-block-table\"><table><tbody><tr><td><br><\/td><td>NIEDZIELA<\/td><\/tr><tr><td><em><strong>7<sup> 00<\/sup><\/strong><\/em><\/td><td>\u015bp. Henryk i Janina \u0141api\u0144scy<\/td><\/tr><tr><td><em><strong>9<sup> 00<\/sup><\/strong><\/em><\/td><td>Pro populo <strong>\u2013 ks. na urlopie poza paraf\u0105<\/strong><\/td><\/tr><tr><td><em><strong>9<sup> 00<\/sup><\/strong><\/em><\/td><td>\u015bp. Andrzej Jurkowicz <strong>\u2013 gregoria\u0144ska<\/strong><\/td><\/tr><tr><td><em><strong>10<sup> 30<\/sup><\/strong><\/em><\/td><td>\u015bp. Marian Mierzwi\u0144ski<\/td><\/tr><tr><td><em><strong>10<sup> 30<\/sup><\/strong><\/em><\/td><td>Za zmar\u0142ych z rodziny Zdrodowskich i Czajkowskich<\/td><\/tr><tr><td><em><strong>12<sup> 00<\/sup><\/strong><\/em><\/td><td>\u015bp. Janusz i Witold \u0141api\u0144scy oraz zmarli rodzice Jadwiga i Ludwik w 17 rocznic\u0119 \u015bmierci Witolda<\/td><\/tr><tr><td><em><strong>16<sup> 00<\/sup><\/strong><\/em><\/td><td>\u015bp. Pawe\u0142 Jab\u0142onowski oraz Janina Wac\u0142aw Sulewscy w 12 rocznic\u0119 \u015bmierci Paw\u0142a<\/td><\/tr><tr><td><em><strong>18<sup> 00<\/sup><\/strong><\/em><\/td><td>\u015bp. Edward Stypu\u0142kowski <strong>\u2013 gregoria\u0144ska<\/strong><\/td><\/tr><tr><td><em><strong>20<sup> 30<\/sup><\/strong><\/em><\/td><td>\u015bp. Janina, J\u00f3zef, Zenon, Karolina i Micha\u0142 Topczewscy<\/td><\/tr><tr><td><br><\/td><td>PONIEDZIA\u0141EK<\/td><\/tr><tr><td><em><strong>6<sup> 30<\/sup><\/strong><\/em><\/td><td>\u015bp. Henryk \u0141upi\u0144ski \u2013 intencja od rodziny Kruszewskich<\/td><\/tr><tr><td><em><strong>7<sup> 00<\/sup><\/strong><\/em><\/td><td>\u015bp. Edward Stypu\u0142kowski <strong>\u2013 gregoria\u0144ska<\/strong><\/td><\/tr><tr><td><em><strong>7<sup> 00<\/sup><\/strong><\/em><\/td><td>\u015bp. Andrzej Jurkowicz <strong>\u2013 gregoria\u0144ska<\/strong><\/td><\/tr><tr><td><em><strong>20<sup> 30<\/sup><\/strong><\/em><\/td><td>O Bo\u017ce b\u0142ogos\u0142awie\u0144stwo opiek\u0119 Matki Bo\u017cej dla Grzegorza i Katarzyny w 15 rocznic\u0119 \u015blubu oraz ich c\u00f3rki Julii <strong>\u2013 ks. na urlopie poza paraf\u0105<\/strong><\/td><\/tr><tr><td><em><strong>20<sup> 30<\/sup><\/strong><\/em><\/td><td>\u015bp. J\u00f3zef G\u00f3rski \u2013 intencja od Ko\u0142a \u017bywego R\u00f3\u017ca\u0144ca \u015bw. Ap. Piotra i Paw\u0142a<\/td><\/tr><tr><td><br><\/td><td>WTOREK<\/td><\/tr><tr><td><em><strong>6<sup> 30<\/sup><\/strong><\/em><\/td><td>Msza \u015bwi\u0119ta dzi\u0119kczynna za prze\u017cyte 87 lat \u017cycia Janiny<\/td><\/tr><tr><td><em><strong>7<sup> 00<\/sup><\/strong><\/em><\/td><td>\u015bp. Edward Stypu\u0142kowski <strong>\u2013 gregoria\u0144ska<\/strong><\/td><\/tr><tr><td><em><strong>7<sup> 00<\/sup><\/strong><\/em><\/td><td>\u015bp. Andrzej Jurkowicz <strong>\u2013 gregoria\u0144ska<\/strong><\/td><\/tr><tr><td><em><strong>20<sup> 30<\/sup><\/strong><\/em><\/td><td>\u015bp. Edyta Kuprianowicz \u2013 intencja od uczestnik\u00f3w pogrzebu <strong>\u2013 ks. na urlopie poza paraf\u0105<\/strong><\/td><\/tr><tr><td><em><strong>20<sup> 30<\/sup><\/strong><\/em><\/td><td>\u015bp. Robert Nowacki \u2013 intencja od Pelagii<\/td><\/tr><tr><td><br><\/td><td>\u015aRODA<\/td><\/tr><tr><td><em><strong>6<sup> 30<\/sup><\/strong><\/em><\/td><td>\u015bp. Adam Kucewicz \u2013 intencja od rodziny Malinowskich i Osowskich<\/td><\/tr><tr><td><em><strong>7<sup> 00<\/sup><\/strong><\/em><\/td><td>\u015bp. Edward Stypu\u0142kowski <strong>\u2013 gregoria\u0144ska<\/strong><\/td><\/tr><tr><td><em><strong>7<sup> 00<\/sup><\/strong><\/em><\/td><td>\u015bp. Andrzej Jurkowicz <strong>\u2013 gregoria\u0144ska<\/strong><\/td><\/tr><tr><td><em><strong>7<sup> 00<\/sup><\/strong><\/em><\/td><td>\u015bp. Teresa \u0141api\u0144ska \u2013 intencja od uczestnik\u00f3w pogrzebu <strong>\u2013 ks. na urlopie poza paraf\u0105<\/strong><\/td><\/tr><tr><td><em><strong>20<sup> 30<\/sup><\/strong><\/em><\/td><td>\u015bp. Marian Mierzwi\u0144ski i zmarli z ca\u0142ej rodziny Mierzwi\u0144skich<\/td><\/tr><tr><td><br><\/td><td>CZWARTEK<\/td><\/tr><tr><td><em><strong>6<sup> 30<\/sup><\/strong><\/em><\/td><td>Dzi\u0119kczynna z pro\u015bb\u0105 o b\u0142ogos\u0142awie\u0144stwo Bo\u017ce zdrowie i Dary Ducha \u015awi\u0119tego i opiek\u0119 Matki Bo\u017cej dla Mieczys\u0142awy w 88 rocznic\u0119 urodzin<\/td><\/tr><tr><td><em><strong>7<sup> 00<\/sup><\/strong><\/em><\/td><td>\u015bp. Edward Stypu\u0142kowski <strong>\u2013 gregoria\u0144ska<\/strong><\/td><\/tr><tr><td><em><strong>7<sup> 00<\/sup><\/strong><\/em><\/td><td>\u015bp. Andrzej Jurkowicz <strong>\u2013 gregoria\u0144ska<\/strong><\/td><\/tr><tr><td><em><strong>7<sup> 00<\/sup><\/strong><\/em><\/td><td>O zdrowie b\u0142ogos\u0142awie\u0144stwo Bo\u017ce i opiek\u0119 Matki Bo\u017cej Cz\u0119stochowskiej dla Jaros\u0142awa Beaty i Marty oraz ich rodzin <strong>\u2013 ks. na urlopie poza paraf\u0105<\/strong><\/td><\/tr><tr><td><em><strong>20<sup> 30<\/sup><\/strong><\/em><\/td><td>\u015bp. Eugenia Knakoske \u2013 3 rocznica \u015bmierci<\/td><\/tr><tr><td><br><\/td><td>PI\u0104TEK<\/td><\/tr><tr><td><em><strong>7<sup> 00<\/sup><\/strong><\/em><\/td><td>\u015bp. Marek \u0141apszo \u2013 29 rocznica \u015bmierci<\/td><\/tr><tr><td><em><strong>9<sup> 00<\/sup><\/strong><\/em><\/td><td>Pro populo<\/td><\/tr><tr><td><em><strong>9<sup> 00<\/sup><\/strong><\/em><\/td><td>\u015bp. Andrzej Jurkowicz <strong>\u2013 gregoria\u0144ska<\/strong> <strong>\u2013 ks. na urlopie poza paraf\u0105<\/strong><\/td><\/tr><tr><td><em><strong>10<sup> 30<\/sup><\/strong><\/em><\/td><td>O mi\u0142osierdzie Bo\u017ce dla \u015bp. Emilii Franciszka Piotra Jedlikowskiego i Magdaleny Jab\u0142o\u0144skiej<\/td><\/tr><tr><td><em><strong>12<sup> 00<\/sup><\/strong><\/em><\/td><td>\u015bp. Andrzej Brzozowski \u2013 22 rocznica \u015bmierci<\/td><\/tr><tr><td><em><strong>14<sup> 30<\/sup><\/strong><\/em><\/td><td><strong>\u015aLUB:<\/strong> Cwietkow Jakub i Aleksandra \u0141apszo<\/td><\/tr><tr><td><em><strong>16<sup> 00<\/sup><\/strong><\/em><\/td><td>\u015bp. Edward Stypu\u0142kowski <strong>\u2013 gregoria\u0144ska<\/strong><\/td><\/tr><tr><td><em><strong>18<sup> 00<\/sup><\/strong><\/em><\/td><td>\u015bp. Stanis\u0142awa i Boles\u0142aw Jab\u0142onowscy w 40 rocznic\u0119 \u015bmierci Boles\u0142awa<\/td><\/tr><tr><td><br><\/td><td>SOBOTA<\/td><\/tr><tr><td><em><strong>6<sup> 30<\/sup><\/strong><\/em><\/td><td>\u015bp. Henryk Krzyworzeka \u2013 intencja od s\u0105siad\u00f3w<\/td><\/tr><tr><td><em><strong>7<sup> 00<\/sup><\/strong><\/em><\/td><td>Za dusze w czy\u015b\u0107cu cierpi\u0105ce<\/td><\/tr><tr><td><em><strong>7<sup> 00<\/sup><\/strong><\/em><\/td><td>\u015bp. Iwona Szustak \u2013 intencja od uczestnik\u00f3w pogrzebu <strong>\u2013 ks. na urlopie poza paraf\u0105<\/strong><\/td><\/tr><tr><td><em><strong>15<sup> 00<\/sup><\/strong><\/em><\/td><td><a><\/a> <strong>Msza Rodu \u0141api\u0144skich <\/strong>O Bo\u017ce b\u0142ogos\u0142awie\u0144stwo dla wszystkich \u017cyj\u0105cych cz\u0142onk\u00f3w rodu \u0141api\u0144skich i o wieczn\u0105 rado\u015b\u0107 w niebie dla zmar\u0142ych z tego rodu<\/td><\/tr><tr><td><em><strong>18<sup> 00<\/sup><\/strong><\/em><\/td><td>\u015bp. Andrzej Jurkowicz <strong>\u2013 gregoria\u0144ska<\/strong><\/td><\/tr><tr><td><em><strong>18<sup> 00<\/sup><\/strong><\/em><\/td><td>\u015bp. Edward Stypu\u0142kowski <strong>\u2013 gregoria\u0144ska<\/strong><\/td><\/tr><tr><td><br><\/td><td>NIEDZIELA<\/td><\/tr><tr><td><em><strong>7<sup> 00<\/sup><\/strong><\/em><\/td><td>O b\u0142ogos\u0142awie\u0144stwo Bo\u017ce i potrzebne \u0142aski dla Jaros\u0142awa i Magdaleny Manista w 25 rocznic\u0119 \u015blubu oraz w 18 rocznic\u0119 urodzin Amelii i w 20 rocznic\u0119 urodzin Grzegorza.<\/td><\/tr><tr><td><em><strong>7<sup> 00<\/sup><\/strong><\/em><\/td><td>Pro populo <strong>\u2013 ks. poza paraf\u0105<\/strong><\/td><\/tr><tr><td><em><strong>9<sup> 00<\/sup><\/strong><\/em><\/td><td>O Bo\u017ce b\u0142ogos\u0142awie\u0144stwo opiek\u0119 Matki Bo\u017cej potrzebne \u0142aski dla Alicji i Wies\u0142awa \u0141api\u0144skich w 50 rocznic\u0119 \u015blubu<\/td><\/tr><tr><td><em><strong>9<sup> 00<\/sup><\/strong><\/em><\/td><td>\u015bp. Andrzej Jurkowicz \u2013 gregorianka <strong>\u2013 ks. na urlopie poza paraf\u0105<\/strong><\/td><\/tr><tr><td><em><strong>10<sup> 30<\/sup><\/strong><\/em><\/td><td>\u015bp. Tadeusz, Genowefa i J\u00f3zef \u0141api\u0144scy<\/td><\/tr><tr><td><em><strong>10<sup> 30<\/sup><\/strong><\/em><\/td><td>\u015bp. Henryka i Stanis\u0142aw \u0141api\u0144scy i za ich zmar\u0142ych rodzic\u00f3w<\/td><\/tr><tr><td><em><strong>12<sup> 00<\/sup><\/strong><\/em><\/td><td>O Bo\u017ce b\u0142ogos\u0142awie\u0144stwo i opiek\u0119 Matki Bo\u017cej dla Aleksandry i Artura w 2 rocznic\u0119 \u015blubu<\/td><\/tr><tr><td><em><strong>16<sup> 00<\/sup><\/strong><\/em><\/td><td>O zdrowie i opiek\u0119 Matki Boskiej Cz\u0119stochowskiej, dary Ducha \u015bwi\u0119tego dla Marcelinki i Mateuszka i ich rodzic\u00f3w Marty i Mariusza Rydzewskich \u2013 intencja od rodziny Grochowskich<\/td><\/tr><tr><td><em><strong>18<sup> 00<\/sup><\/strong><\/em><\/td><td><a><\/a> \u015bp. Edward Stypu\u0142kowski <strong>\u2013 gregoria\u0144ska<\/strong><\/td><\/tr><\/tbody><\/table><\/figure>\n","protected":false},"excerpt":{"rendered":"<p>NIEDZIELA 7 00 \u015bp. Henryk i Janina \u0141api\u0144scy 9 00 Pro populo \u2013 ks. na urlopie poza paraf\u0105 9 00 \u015bp. Andrzej Jurkowicz \u2013 gregoria\u0144ska<\/p>\n","protected":false},"author":1,"featured_media":0,"comment_status":"closed","ping_status":"closed","sticky":false,"template":"","format":"standard","meta":{"footnotes":""},"categories":[6],"tags":[],"class_list":["post-3805","post","type-post","status-publish","format-standard","hentry","category-intencje-mszy-sw"],"_links":{"self":[{"href":"http:\/\/parafialapy-pp.pl\/index.php\/wp-json\/wp\/v2\/posts\/3805","targetHints":{"allow":["GET"]}}],"collection":[{"href":"http:\/\/parafialapy-pp.pl\/index.php\/wp-json\/wp\/v2\/posts"}],"about":[{"href":"http:\/\/parafialapy-pp.pl\/index.php\/wp-json\/wp\/v2\/types\/post"}],"author":[{"embeddable":true,"href":"http:\/\/parafialapy-pp.pl\/index.php\/wp-json\/wp\/v2\/users\/1"}],"replies":[{"embeddable":true,"href":"http:\/\/parafialapy-pp.pl\/index.php\/wp-json\/wp\/v2\/comments?post=3805"}],"version-history":[{"count":1,"href":"http:\/\/parafialapy-pp.pl\/index.php\/wp-json\/wp\/v2\/posts\/3805\/revisions"}],"predecessor-version":[{"id":3806,"href":"http:\/\/parafialapy-pp.pl\/index.php\/wp-json\/wp\/v2\/posts\/3805\/revisions\/3806"}],"wp:attachment":[{"href":"http:\/\/parafialapy-pp.pl\/index.php\/wp-json\/wp\/v2\/media?parent=3805"}],"wp:term":[{"taxonomy":"category","embeddable":true,"href":"http:\/\/parafialapy-pp.pl\/index.php\/wp-json\/wp\/v2\/categories?post=3805"},{"taxonomy":"post_tag","embeddable":true,"href":"http:\/\/parafialapy-pp.pl\/index.php\/wp-json\/wp\/v2\/tags?post=3805"}],"curies":[{"name":"wp","href":"https:\/\/api.w.org\/{rel}","templated":true}]}}