{"id":3807,"date":"2025-08-09T16:21:11","date_gmt":"2025-08-09T16:21:11","guid":{"rendered":"https:\/\/parafialapy-pp.pl\/?p=3807"},"modified":"2025-08-09T16:21:12","modified_gmt":"2025-08-09T16:21:12","slug":"ogloszenia-duszpasterskie-10-sierpnia-2025r","status":"publish","type":"post","link":"http:\/\/parafialapy-pp.pl\/index.php\/2025\/08\/09\/ogloszenia-duszpasterskie-10-sierpnia-2025r\/","title":{"rendered":"OG\u0141OSZENIA DUSZPASTERSKIE 10 SIERPNIA 2025r."},"content":{"rendered":"\n<p>\u25cf Dzi\u015b kolejna wakacyjna niedziela, dziewi\u0119tnasta w roku liturgicznym. Wykorzystajmy nasze wakacyjne w\u0119dr\u00f3wki, pielgrzymki, indywidualny odpoczynek na stworzenie w\u0142a\u015bciwej duchowej atmosfery, niezb\u0119dnej, aby odczu\u0107 blisk\u0105 obecno\u015b\u0107 Boga i&nbsp;umocni\u0107 nasz\u0105 wiar\u0119. Powierzajmy je Opatrzno\u015bci Bo\u017cej przez r\u0119ce naszej Niebieskiej Matki \u2013 Pani Jasnog\u00f3rskiej, do kt\u00f3rej w tych sierpniowych dniach kierujemy nasze kroki.<\/p>\n\n\n\n<p>\u25cf W \u015brod\u0119 13 dzie\u0144 miesi\u0105ca sierpnia wspominamy objawienia Matki Bo\u017cej w Fatimie, o godzinie 20<sup>00<\/sup> r\u00f3\u017caniec fatimski, je\u017celi pogoda pozwoli odm\u00f3wimy r\u00f3\u017caniec przed Grot\u0105 Matki Bo\u017cej, je\u017celi nie odm\u00f3wimy r\u00f3\u017caniec w \u015bwi\u0105tyni. Nast\u0119pnie o 20<sup>30<\/sup> Msza \u015bwi\u0119ta i Apel Jasnog\u00f3rski.<\/p>\n\n\n\n<p>\u25cf W czwartek Msz\u0105 na wa\u0142ach Jasnog\u00f3rskich zako\u0144czy si\u0119 41 Piesza Pielgrzymka \u0141om\u017cy\u0144ska, dzi\u0119kujemy wszystkim pielgrzymom Grupy Bia\u0142ej za tak liczny udzia\u0142 w Apelach \u2013 w tym dniu ostatni dzie\u0144 Apeli.<\/p>\n\n\n\n<p>\u25cf W pi\u0105tek, 15 sierpnia, przypada uroczysto\u015b\u0107 Wniebowzi\u0119cia Naj\u015bwi\u0119tszej Maryi Panny. Prawd\u0119 wiary o tym, \u017ce Maryja po ziemskim \u017cyciu z cia\u0142em i dusz\u0105 zosta\u0142a wzi\u0119ta do chwa\u0142y niebieskiej i wywy\u017cszona przez Boga jako Kr\u00f3lowa, og\u0142osi\u0142 papie\u017c Pius XII w 1950 roku. Ten dogmat by\u0142 przypiecz\u0119towaniem starodawnej tradycji. Ju\u017c w V wieku obchodzono bowiem w Ko\u015bciele \u015bwi\u0119to Wniebowzi\u0119cia w\u0142a\u015bnie 15 sierpnia. Msze \u015awi\u0119te w naszej \u015bwi\u0105tyni tego dnia o godzinie: 7<sup>00<\/sup>, 9<sup>00<\/sup>, 10<sup>30<\/sup>, 12<sup>00<\/sup>, 16<sup>00<\/sup> i 18<sup>00<\/sup>. W polskiej tradycji uroczysto\u015b\u0107 ta nosi nazw\u0119 \u015bwi\u0119ta Matki Bo\u017cej Zielnej. Maryja jest najpi\u0119kniejszym kwiatem ludzko\u015bci. Tego dnia b\u0142ogos\u0142awimy bukiety kwiat\u00f3w, zi\u00f3\u0142 i&nbsp;warzyw. W ten spos\u00f3b b\u0119dziemy dzi\u0119kowali Bogu za pierwsze tegoroczne zbiory i owoce ziemi. W tym dniu nie obowi\u0105zuje wstrzemi\u0119\u017aliwo\u015b\u0107 od pokarm\u00f3w mi\u0119snych.<\/p>\n\n\n\n<p>\u25cf W t\u0119 maryjn\u0105 uroczysto\u015b\u0107 tradycyjnie pami\u0119ci\u0105 si\u0119gamy do naszej historii, aby wspomina\u0107 \u201eCud nad Wis\u0142\u0105\u201d z 1920 roku. Pami\u0119tajmy, \u017ce zmagania o w\u0142a\u015bciwe miejsce Polski w\u015br\u00f3d narod\u00f3w Europy i \u015bwiata ci\u0105gle jeszcze trwaj\u0105. W kolejn\u0105 105 rocznic\u0119 Bitwy Warszawskiej, polecajmy Kr\u00f3lowej Polski losy naszego narodu. Ten dzie\u0144 obchodzony jest tak\u017ce jako \u015awi\u0119to Wojska Polskiego.<\/p>\n\n\n\n<p>\u25cf Ju\u017c dzisiaj informujemy, \u017ce Og\u00f3lnopolskie Do\u017cynki na Jasnej G\u00f3rze odb\u0119d\u0105 si\u0119 w dniach 6 \u2013 7 wrze\u015bnia. Diecezjalne dzi\u0119kczynienie za plony odb\u0119d\u0105 si\u0119 w niedziel\u0119 14 wrze\u015bnia br. w Ma\u0142ym P\u0142ocku.<\/p>\n\n\n\n<p>\u25cf W sobot\u0119 30 sierpnia o godzinie 10<sup>00<\/sup> z placu przy naszym ko\u015bciele wyruszy piesza pielgrzymka do Hodyszewa organizowana przez \u0141apski Oddzia\u0142 Niezale\u017cnego Samorz\u0105dnego Zwi\u0105zku Zawodowego \u201eSolidarno\u015b\u0107\u201d. Kontakt w sprawie pielgrzymki: El\u017cbieta Brzosko kom 534259660.<\/p>\n\n\n\n<p><a><\/a> \u25cf Wy\u017csze Seminarium Duchowne w \u0141om\u017cy organizuje po raz drugi wakacyjny weekend powo\u0142aniowy dla m\u0142odzie\u017cy m\u0119skiej (pomaturalnej i szk\u00f3\u0142 \u015brednich) pod has\u0142em \u201eOdbuduj m\u00f3j Ko\u015bci\u00f3\u0142\u201d. Celem jest pog\u0142\u0119bienie relacji z Bogiem, g\u0142\u0119bsze poznanie nauki Ko\u015bcio\u0142a oraz pomoc w rozpoznawaniu \u017cyciowego powo\u0142ania. Spotkanie odb\u0119dzie si\u0119 w tym razem w Domu Formacyjnym w Drozdowie w dniach 29-31.08.2025 r. (zjazd w pi\u0105tek do godziny 12<sup>00<\/sup>; zako\u0144czenie rekolekcji cw niedziel\u0119 ok. godziny 15<sup>00<\/sup>). M\u0142odzie\u017c, pragn\u0105ca uczestniczy\u0107 w spotkaniu, powinna dokona\u0107 zg\u0142oszenia (indywidualnie, b\u0105d\u017a przez duszpasterza, czy katechet\u0119) najp\u00f3\u017aniej do 28.08.2025 r. na adres e-mail: <a href=\"mailto:sbzcw78@gmail.com\">sbzcw78@gmail.com<\/a> lub telefonicznie: 508719064. Wi\u0119cej informacji r\u00f3wnie\u017c w zakrystii.<\/p>\n\n\n\n<p>\u25cf Poszukujemy kogo\u015b do pracy w kuchni.<\/p>\n\n\n\n<p>\u25cf Przypominamy, aby zam\u00f3wione intencje Mszy op\u0142aca\u0107 minimum dwa tygodnie przed terminem odprawiania.<\/p>\n\n\n\n<p>\u25cf Dzi\u0119kujemy wszystkim za modlitw\u0119 i ofiary sk\u0142adane na potrzeby parafii, za te sk\u0142adane na coniedzieln\u0105 tac\u0119, ofiary indywidualne, przez ofiaromat, na konto bankowe czy w postaci marmurowych tabliczek. Ofiary sk\u0142adane w przysz\u0142\u0105 niedziel\u0119 na tac\u0119 s\u0105 przeznaczone na prace remontowe przy naszej \u015bwi\u0105tyni.<\/p>\n\n\n\n<p>\u25cf Zwi\u0105zek ma\u0142\u017ce\u0144ski maj\u0105 zamiar zawrze\u0107: Sebastian Micha\u0142owski kawaler parafii \u015aw. Krzy\u017ca w \u0141apach i Paulina Dr\u0105gowska panna parafii naszej \u2013 zapowied\u017a I; \u2013 ktokolwiek wiedzia\u0142by o przeszkodach zacho\u00addz\u0105cych miedzy tymi osobami zobowi\u0105zany jest w sumieniu o powiadomieniu Kancelarii Parafialnej.<\/p>\n\n\n\n<p>\u25cf W minionym tygodniu przez chrzest \u015bwi\u0119ty zostali w\u0142\u0105czeni do wsp\u00f3lnoty Ko\u015bcio\u0142a w naszej parafii: Adrian Mojkowski i Helena Zaniewska \u2013 niech zawsze b\u0119d\u0105 blisko Pana Jezusa.<\/p>\n\n\n\n<p>\u25cf Wszystkim solenizantom i jubilatom tego tygodnia \u017cyczymy obfito\u015bci Bo\u017cego b\u0142ogos\u0142awie\u0144stwa oraz opieki Matki Naj\u015bwi\u0119tszej.<\/p>\n\n\n\n<p><strong>W tym tygodniu patronuj\u0105 nam:<\/strong><\/p>\n\n\n\n<p>\u2013 w dzisiejsz\u0105 niedziel\u0119 10 sierpnia \u2013 \u015awi\u0119ty Wawrzyniec (\u2020258), diakon i m\u0119czennik;<\/p>\n\n\n\n<p>\u2013 poniedzia\u0142ek 11 sierpnia \u2013 \u015awi\u0119ta Klara (1194-1253), dziewica, kt\u00f3ra id\u0105c za wzorem \u015awi\u0119tego Franciszka, wybra\u0142a \u017cycie w ub\u00f3stwie i za\u0142o\u017cy\u0142a zakon si\u00f3str zwanych od jej imienia klaryskami;<\/p>\n\n\n\n<p>\u2013 czwartek 14 sierpnia \u2013 \u015awi\u0119ty Maksymilian Maria Kolbe (1894-1941), prezbiter franciszka\u0144ski i m\u0119czennik, za\u0142o\u017cyciel Niepokalanowa, czciciel Maryi Niepokalanej;<\/p>\n","protected":false},"excerpt":{"rendered":"<p>\u25cf Dzi\u015b kolejna wakacyjna niedziela, dziewi\u0119tnasta w roku liturgicznym. Wykorzystajmy nasze wakacyjne w\u0119dr\u00f3wki, pielgrzymki, indywidualny odpoczynek na stworzenie w\u0142a\u015bciwej duchowej atmosfery, niezb\u0119dnej, aby odczu\u0107 blisk\u0105<\/p>\n","protected":false},"author":1,"featured_media":518,"comment_status":"closed","ping_status":"closed","sticky":false,"template":"","format":"standard","meta":{"footnotes":""},"categories":[1],"tags":[],"class_list":["post-3807","post","type-post","status-publish","format-standard","has-post-thumbnail","hentry","category-informacja"],"_links":{"self":[{"href":"http:\/\/parafialapy-pp.pl\/index.php\/wp-json\/wp\/v2\/posts\/3807","targetHints":{"allow":["GET"]}}],"collection":[{"href":"http:\/\/parafialapy-pp.pl\/index.php\/wp-json\/wp\/v2\/posts"}],"about":[{"href":"http:\/\/parafialapy-pp.pl\/index.php\/wp-json\/wp\/v2\/types\/post"}],"author":[{"embeddable":true,"href":"http:\/\/parafialapy-pp.pl\/index.php\/wp-json\/wp\/v2\/users\/1"}],"replies":[{"embeddable":true,"href":"http:\/\/parafialapy-pp.pl\/index.php\/wp-json\/wp\/v2\/comments?post=3807"}],"version-history":[{"count":1,"href":"http:\/\/parafialapy-pp.pl\/index.php\/wp-json\/wp\/v2\/posts\/3807\/revisions"}],"predecessor-version":[{"id":3808,"href":"http:\/\/parafialapy-pp.pl\/index.php\/wp-json\/wp\/v2\/posts\/3807\/revisions\/3808"}],"wp:featuredmedia":[{"embeddable":true,"href":"http:\/\/parafialapy-pp.pl\/index.php\/wp-json\/wp\/v2\/media\/518"}],"wp:attachment":[{"href":"http:\/\/parafialapy-pp.pl\/index.php\/wp-json\/wp\/v2\/media?parent=3807"}],"wp:term":[{"taxonomy":"category","embeddable":true,"href":"http:\/\/parafialapy-pp.pl\/index.php\/wp-json\/wp\/v2\/categories?post=3807"},{"taxonomy":"post_tag","embeddable":true,"href":"http:\/\/parafialapy-pp.pl\/index.php\/wp-json\/wp\/v2\/tags?post=3807"}],"curies":[{"name":"wp","href":"https:\/\/api.w.org\/{rel}","templated":true}]}}