{"id":3810,"date":"2025-08-17T03:06:11","date_gmt":"2025-08-17T03:06:11","guid":{"rendered":"https:\/\/parafialapy-pp.pl\/?p=3810"},"modified":"2025-08-17T03:06:12","modified_gmt":"2025-08-17T03:06:12","slug":"intencje-mszy-swietych-17-24-viii-25-r","status":"publish","type":"post","link":"http:\/\/parafialapy-pp.pl\/index.php\/2025\/08\/17\/intencje-mszy-swietych-17-24-viii-25-r\/","title":{"rendered":"INTENCJE MSZY \u015aWI\u0118TYCH: 17 \u2013 24 VIII 25 r."},"content":{"rendered":"\n<figure class=\"wp-block-table\"><table><tbody><tr><td><br><\/td><td>NIEDZIELA<\/td><\/tr><tr><td><em><strong>7<sup> 00<\/sup><\/strong><\/em><\/td><td>O b\u0142ogos\u0142awie\u0144stwo Bo\u017ce i potrzebne \u0142aski dla Jaros\u0142awa i Magdaleny Manista w 25 rocznic\u0119 \u015blubu oraz w 18 rocznic\u0119 urodzin Amelii i w 20 rocznic\u0119 urodzin Grzegorza.<\/td><\/tr><tr><td><em><strong>7<sup> 00<\/sup><\/strong><\/em><\/td><td>Pro populo <strong>\u2013 ks. poza paraf\u0105<\/strong><\/td><\/tr><tr><td><em><strong>9<sup> 00<\/sup><\/strong><\/em><\/td><td>O Bo\u017ce b\u0142ogos\u0142awie\u0144stwo opiek\u0119 Matki Bo\u017cej potrzebne \u0142aski dla Alicji i Wies\u0142awa \u0141api\u0144skich w 50 rocznic\u0119 \u015blubu<\/td><\/tr><tr><td><em><strong>9<sup> 00<\/sup><\/strong><\/em><\/td><td>\u015bp. Andrzej Jurkowicz \u2013 gregorianka <strong>\u2013 ks. na urlopie poza paraf\u0105<\/strong><\/td><\/tr><tr><td><em><strong>10<sup> 30<\/sup><\/strong><\/em><\/td><td>\u015bp. Tadeusz, Genowefa i J\u00f3zef \u0141api\u0144scy<\/td><\/tr><tr><td><em><strong>10<sup> 30<\/sup><\/strong><\/em><\/td><td>\u015bp. Henryka i Stanis\u0142aw \u0141api\u0144scy i za ich zmar\u0142ych rodzic\u00f3w<\/td><\/tr><tr><td><em><strong>12<sup> 00<\/sup><\/strong><\/em><\/td><td>O Bo\u017ce b\u0142ogos\u0142awie\u0144stwo i opiek\u0119 Matki Bo\u017cej dla Aleksandry i Artura w 2 rocznic\u0119 \u015blubu<\/td><\/tr><tr><td><em><strong>16<sup> 00<\/sup><\/strong><\/em><\/td><td>O zdrowie i opiek\u0119 Matki Boskiej Cz\u0119stochowskiej, dary Ducha \u015bwi\u0119tego dla Marcelinki i Mateuszka i ich rodzic\u00f3w Marty i Mariusza Rydzewskich \u2013 intencja od rodziny Grochowskich<\/td><\/tr><tr><td><em><strong>18<sup> 00<\/sup><\/strong><\/em><\/td><td>\u015bp. Edward Stypu\u0142kowski <strong>\u2013 gregoria\u0144ska<\/strong><\/td><\/tr><tr><td><br><\/td><td>PONIEDZIA\u0141EK<\/td><\/tr><tr><td><em><strong>6<sup> 30<\/sup><\/strong><\/em><\/td><td>\u015bp. Helena i Stanis\u0142aw P\u0119za i rodzic\u00f3w i rodze\u0144stwo &#8211; rezerwacja<\/td><\/tr><tr><td><em><strong>7<sup> 00<\/sup><\/strong><\/em><\/td><td>\u015bp. Helena Grodzka \u2013 intencja od Ko\u0142a R\u00f3\u017ca\u0144cowego pod wezwaniem \u015bw. Brata Alberta Chmielowskiego<\/td><\/tr><tr><td><em><strong>7<sup> 00<\/sup><\/strong><\/em><\/td><td>\u015bp. Iwona Szustak \u2013 intencja od uczestnik\u00f3w pogrzebu <strong>\u2013 ks. na urlopie poza paraf\u0105<\/strong><\/td><\/tr><tr><td><em><strong>18<sup> 00<\/sup><\/strong><\/em><\/td><td>\u015bp. Andrzej Jurkowicz <strong>\u2013 gregoria\u0144ska \u2013 ks. Wojciech Turek<\/strong> <strong>poza paraf\u0105<\/strong><\/td><\/tr><tr><td><em><strong>18<sup> 00<\/sup><\/strong><\/em><\/td><td>\u015bp. Edward Stypu\u0142kowski <strong>\u2013 gregoria\u0144ska<\/strong><\/td><\/tr><tr><td><br><\/td><td>WTOREK<\/td><\/tr><tr><td><em><strong>6<sup> 30<\/sup><\/strong><\/em><\/td><td>\u015bp. Boles\u0142aw i Stanis\u0142awa Jab\u0142onowscy oraz zmarli z ca\u0142ej rodziny Jab\u0142onowskich w 40 rocznic\u0119 \u015bmierci Boles\u0142awa<\/td><\/tr><tr><td><em><strong>7<sup> 00<\/sup><\/strong><\/em><\/td><td>\u015bp. Edward Stypu\u0142kowski <strong>\u2013 gregoria\u0144ska<\/strong><\/td><\/tr><tr><td><em><strong>7<sup> 00<\/sup><\/strong><\/em><\/td><td>\u015bp. Iwona Szustak \u2013 intencja od uczestnik\u00f3w pogrzebu <strong>\u2013 ks. na urlopie poza paraf\u0105<\/strong><\/td><\/tr><tr><td><em><strong>18<sup> 00<\/sup><\/strong><\/em><\/td><td>\u015bp. Janusza Prze\u015bniak i rodzice z obojga stron w 34 rocznic\u0119 \u015bmierci Janusza<\/td><\/tr><tr><td><em><strong>18<sup> 00<\/sup><\/strong><\/em><\/td><td>\u015bp. Andrzej Jurkowicz <strong>\u2013 gregoria\u0144ska \u2013 ks. Wojciech Turek<\/strong> <strong>poza paraf\u0105<\/strong><\/td><\/tr><tr><td><br><\/td><td>\u015aRODA<\/td><\/tr><tr><td><em><strong>6<sup> 30<\/sup><\/strong><\/em><\/td><td>\u015bp. Bernard Zalewski 6 rocznica \u015bmierci<\/td><\/tr><tr><td><em><strong>7<sup> 00<\/sup><\/strong><\/em><\/td><td>\u015bp. Henryk \u0141upi\u0144ski \u2013 intencja od miesza\u0144c\u00f3w z bloku<\/td><\/tr><tr><td><em><strong>7<sup> 00<\/sup><\/strong><\/em><\/td><td>\u015bp. Iwona Szustak \u2013 intencja od uczestnik\u00f3w pogrzebu <strong>\u2013 ks. na urlopie poza paraf\u0105<\/strong><\/td><\/tr><tr><td><em><strong>18<sup> 00<\/sup><\/strong><\/em><\/td><td>\u015bp. Edward Stypu\u0142kowski <strong>\u2013 gregoria\u0144ska<\/strong><\/td><\/tr><tr><td><em><strong>18<sup> 00<\/sup><\/strong><\/em><\/td><td>\u015bp. Andrzej Jurkowicz <strong>\u2013 gregoria\u0144ska \u2013 ks. Wojciech Turek<\/strong> <strong>poza paraf\u0105<\/strong><\/td><\/tr><tr><td><br><\/td><td>CZWARTEK<\/td><\/tr><tr><td><em><strong>6<sup> 30<\/sup><\/strong><\/em><\/td><td>O b\u0142ogos\u0142awie\u0144stwo Bo\u017ce potrzebne \u0142aski dla Tomasza i Marii w 1 rocznic\u0119 \u015blubu, oraz o Bo\u017ce b\u0142ogos\u0142awie\u0144stwo i zdrowie dla Przemys\u0142awa, Natalii, Huberta i Marzeny<\/td><\/tr><tr><td><em><strong>7<sup> 00<\/sup><\/strong><\/em><\/td><td>\u015bp. Edward Stypu\u0142kowski <strong>\u2013 gregoria\u0144ska<\/strong><\/td><\/tr><tr><td><em><strong>7<sup> 00<\/sup><\/strong><\/em><\/td><td>\u015bp. Andrzej Jurkowicz <strong>\u2013 gregoria\u0144ska \u2013 ks. Wojciech Turek<\/strong> <strong>poza paraf\u0105<\/strong><\/td><\/tr><tr><td><em><strong>18<sup> 00<\/sup><\/strong><\/em><\/td><td>\u015bp. Jan Go\u0142aszewski \u2013 24 rocznica \u015bmierci<\/td><\/tr><tr><td><em><strong>18<sup> 00<\/sup><\/strong><\/em><\/td><td>\u015bp. Stanis\u0142aw Marianna Stanis\u0142aw i zmar\u0142ych z rodziny Brzozowskich <strong>\u2013 ks. na urlopie poza paraf\u0105<\/strong><\/td><\/tr><tr><td><br><\/td><td>PI\u0104TEK<\/td><\/tr><tr><td><em><strong>6<sup> 30<\/sup><\/strong><\/em><\/td><td>\u015bp. Helena \u0141api\u0144ska \u2013 intencja od rodziny z Korczak<\/td><\/tr><tr><td><em><strong>7<sup> 00<\/sup><\/strong><\/em><\/td><td>\u015bp. Franciszek i Wanda G\u00f3rscy i za zmar\u0142ych z rodziny G\u00f3rskich<\/td><\/tr><tr><td><em><strong>7<sup> 00<\/sup><\/strong><\/em><\/td><td>\u015bp. Andrzej Jurkowicz <strong>\u2013 gregoria\u0144ska \u2013 ks. na urlopie poza parafi\u0105<\/strong><\/td><\/tr><tr><td><em><strong>18<sup> 00<\/sup><\/strong><\/em><\/td><td>\u015bp. Edward Stypu\u0142kowski <strong>\u2013 gregoria\u0144ska<\/strong><\/td><\/tr><tr><td><em><strong>18<sup> 00<\/sup><\/strong><\/em><\/td><td>O Bo\u017ce B\u0142ogos\u0142awie\u0144stwo opiek\u0119 Matki Bo\u017cej potrzebne \u0142aski w 10 rocznic\u0119 \u015blubu Anny i S\u0142awomira \u0141api\u0144skich oraz ich dzieci Frania i Adrianki <strong>\u2013 <\/strong><strong>ks. Wojciech Turek<\/strong> <strong>poza paraf\u0105<\/strong><\/td><\/tr><tr><td><br><\/td><td>SOBOTA<\/td><\/tr><tr><td><em><strong>6<sup> 30<\/sup><\/strong><\/em><\/td><td>\u015bp. Adam Kucewicz \u2013 intencja od Wsp\u00f3lnoty Intronizacji NSJ w Jedwabnem<\/td><\/tr><tr><td><em><strong>7<sup> 00<\/sup><\/strong><\/em><\/td><td>O Bo\u017ce b\u0142ogos\u0142awie\u0144stwo, opiek\u0119 Matki Bo\u017cej i potrzebne \u0142aski dla Rafa\u0142a i Oleny oraz ich dzieci w kolejn\u0105 rocznic\u0119 ma\u0142\u017ce\u0144stwa i urodzin<\/td><\/tr><tr><td><em><strong>18<sup> 00<\/sup><\/strong><\/em><\/td><td>\u015bp. Sebastian Choi\u0144ski \u2013 7 rocznica \u015bmierci <strong>\u2013 ks. na urlopie poza paraf\u0105<\/strong><\/td><\/tr><tr><td><em><strong>18<sup> 00<\/sup><\/strong><\/em><\/td><td>\u015bp. Andrzej Jurkowicz <strong>\u2013 gregoria\u0144ska<\/strong> <strong>\u2013 ks. Wojciech Turek<\/strong> <strong>poza paraf\u0105<\/strong><\/td><\/tr><tr><td><em><strong>18<sup> 00<\/sup><\/strong><\/em><\/td><td>\u015bp. Edward Stypu\u0142kowski <strong>\u2013 gregoria\u0144ska<\/strong><\/td><\/tr><tr><td><br><\/td><td>NIEDZIELA<\/td><\/tr><tr><td><em><strong>7<sup> 00<\/sup><\/strong><\/em><\/td><td>\u015bp. Edward Stypu\u0142kowski <strong>\u2013 gregoria\u0144ska<\/strong><\/td><\/tr><tr><td><em><strong>9<sup> 00<\/sup><\/strong><\/em><\/td><td>Pro populo<\/td><\/tr><tr><td><em><strong>9<sup> 00<\/sup><\/strong><\/em><\/td><td><a><\/a> \u015bp. J\u00f3zef \u0141upi\u0144ski \u2013 20 rocznica \u015bmierci<\/td><\/tr><tr><td><em><strong>10<sup> 30<\/sup><\/strong><\/em><\/td><td>\u015bp. Andrzej Jurkowicz \u2013 gregorianka <strong>\u2013 ks. na urlopie poza paraf\u0105<\/strong><\/td><\/tr><tr><td><em><strong>10<sup> 30<\/sup><\/strong><\/em><\/td><td>\u015bp. Mieczys\u0142aw Regina Boles\u0142aw Julianna \u0141api\u0144skich Zdzis\u0142aw Kami\u0144ski<\/td><\/tr><tr><td><em><strong>12<sup> 00<\/sup><\/strong><\/em><\/td><td>\u015bp. Eugenia i Eugeniusz Koc w 6 rocznic\u0119 \u015bmierci Eugenii i w 11 rocznic\u0119 \u015bmierci Eugeniusza oraz za zmar\u0142ych z rodziny Rysi\u00f3w<\/td><\/tr><tr><td><em><strong>16<sup> 00<\/sup><\/strong><\/em><\/td><td>O Bo\u017ce b\u0142ogos\u0142awie\u0144stwo, opiek\u0119 Matki Bo\u017cej, zdrowie dla Piotra, Faustyny i ich dzieci<\/td><\/tr><tr><td><em><strong>18<sup> 00<\/sup><\/strong><\/em><\/td><td><a><\/a> \u015bp. Krzysztof Roszkowski \u2013 3 rocznica \u015bmierci<\/td><\/tr><\/tbody><\/table><\/figure>\n","protected":false},"excerpt":{"rendered":"<p>NIEDZIELA 7 00 O b\u0142ogos\u0142awie\u0144stwo Bo\u017ce i potrzebne \u0142aski dla Jaros\u0142awa i Magdaleny Manista w 25 rocznic\u0119 \u015blubu oraz w 18 rocznic\u0119 urodzin Amelii i<\/p>\n","protected":false},"author":1,"featured_media":0,"comment_status":"closed","ping_status":"closed","sticky":false,"template":"","format":"standard","meta":{"footnotes":""},"categories":[6],"tags":[],"class_list":["post-3810","post","type-post","status-publish","format-standard","hentry","category-intencje-mszy-sw"],"_links":{"self":[{"href":"http:\/\/parafialapy-pp.pl\/index.php\/wp-json\/wp\/v2\/posts\/3810","targetHints":{"allow":["GET"]}}],"collection":[{"href":"http:\/\/parafialapy-pp.pl\/index.php\/wp-json\/wp\/v2\/posts"}],"about":[{"href":"http:\/\/parafialapy-pp.pl\/index.php\/wp-json\/wp\/v2\/types\/post"}],"author":[{"embeddable":true,"href":"http:\/\/parafialapy-pp.pl\/index.php\/wp-json\/wp\/v2\/users\/1"}],"replies":[{"embeddable":true,"href":"http:\/\/parafialapy-pp.pl\/index.php\/wp-json\/wp\/v2\/comments?post=3810"}],"version-history":[{"count":1,"href":"http:\/\/parafialapy-pp.pl\/index.php\/wp-json\/wp\/v2\/posts\/3810\/revisions"}],"predecessor-version":[{"id":3811,"href":"http:\/\/parafialapy-pp.pl\/index.php\/wp-json\/wp\/v2\/posts\/3810\/revisions\/3811"}],"wp:attachment":[{"href":"http:\/\/parafialapy-pp.pl\/index.php\/wp-json\/wp\/v2\/media?parent=3810"}],"wp:term":[{"taxonomy":"category","embeddable":true,"href":"http:\/\/parafialapy-pp.pl\/index.php\/wp-json\/wp\/v2\/categories?post=3810"},{"taxonomy":"post_tag","embeddable":true,"href":"http:\/\/parafialapy-pp.pl\/index.php\/wp-json\/wp\/v2\/tags?post=3810"}],"curies":[{"name":"wp","href":"https:\/\/api.w.org\/{rel}","templated":true}]}}