{"id":3812,"date":"2025-08-17T03:08:19","date_gmt":"2025-08-17T03:08:19","guid":{"rendered":"https:\/\/parafialapy-pp.pl\/?p=3812"},"modified":"2025-08-17T03:08:20","modified_gmt":"2025-08-17T03:08:20","slug":"ogloszenia-duszpasterskie-17-sierpnia-2025r","status":"publish","type":"post","link":"http:\/\/parafialapy-pp.pl\/index.php\/2025\/08\/17\/ogloszenia-duszpasterskie-17-sierpnia-2025r\/","title":{"rendered":"OG\u0141OSZENIA DUSZPASTERSKIE 17 SIERPNIA 2025r."},"content":{"rendered":"\n<p>\u25cf Dzi\u015b kolejna wakacyjna niedziela, w kalendarzu liturgicznym dwudziesta niedziela zwyk\u0142a w ci\u0105gu roku. Zwracamy si\u0119 w modlitwie do Boga, aby\u015bmy mi\u0142uj\u0105c Go we wszystkim i ponad wszystko, otrzymali obiecane dziedzictwo, kt\u00f3re przewy\u017csza wszelkie pragnienia. Niech moc Pana p\u0142yn\u0105ca z tajemnicy Eucharystii umacnia nas na drogach codziennych obowi\u0105zk\u00f3w.<\/p>\n\n\n\n<p>\u25cf W sierpniu tak cz\u0119sto nasze my\u015bli i modlitwy kierujemy do Matki Bo\u017cej. W nadchodz\u0105cy pi\u0105tek 22 sierpnia, b\u0119dziemy radowali si\u0119 Maryj\u0105 \u2013 Kr\u00f3low\u0105. Od najwcze\u015bniejszych wiek\u00f3w Ko\u015bci\u00f3\u0142 wierzy\u0142 w kr\u00f3lowanie Maryi. Wiele narod\u00f3w i pa\u0144stw obra\u0142o Maryj\u0119 za swoj\u0105 Kr\u00f3low\u0105. Tak\u017ce i nasz nar\u00f3d, odczytuj\u0105c znaki czasu, powierzy\u0142 Jej swoje losy. Tak uczyni\u0142 kr\u00f3l Jan Kazimierz 1 kwietnia 1656 roku w katedrze lwowskiej, dzi\u0119kuj\u0105c za ocalenie podczas najazdu szwedzkiego. Uroczy\u015bcie uzna\u0142 ten fakt papie\u017c Pius XII w 1954 roku. Pami\u0119tajmy, \u017ce Maryja jest Kr\u00f3low\u0105 wszystkich, gdy\u017c wyda\u0142a na \u015bwiat Syna \u2013 Kr\u00f3la i Pana wszystkiego.<\/p>\n\n\n\n<p>\u25cf Godne i cz\u0119ste przyjmowanie Komunii \u015awi\u0119tej domaga si\u0119 od nas czynnej mi\u0142o\u015bci do Pana Boga i bli\u017aniego. Trwa jeszcze sierpie\u0144 \u2013 miesi\u0105c modlitwy o trze\u017awo\u015b\u0107 naszego narodu. Jednym z przejaw\u00f3w mi\u0142o\u015bci bli\u017aniego mo\u017ce by\u0107 wi\u0119c zobowi\u0105zanie do abstynencji od alkoholu w celu ratowania innych os\u00f3b uzale\u017cnionych, a tak\u017ce pomoc w podj\u0119ciu przez takie osoby decyzji o leczeniu odwykowym. Podejmujmy w tej kwestii osobist\u0105 modlitw\u0119 i&nbsp;konkretne dzia\u0142ania. W ka\u017cdym czasie i na ka\u017cdym miejscu miejmy si\u0142\u0119 i odwag\u0119 przeciwstawi\u0107 si\u0119 grzechowi pija\u0144stwa. Maryi \u2013 Kr\u00f3lowej z\u0142\u00f3\u017cmy wotum czasowej lub ca\u0142kowitej abstynencji.<\/p>\n\n\n\n<p>\u25cf W sobot\u0119 23 sierpnia, przypada Europejski Dzie\u0144 Pami\u0119ci Ofiar Stalinizmu i Nazizmu. Dzie\u0144 ten zosta\u0142 ustanowiony przez Parlament Europejski w 2008 roku, a termin jego obchodu zwi\u0105zany jest z dat\u0105 podpisania paktu Ribbentrop-Mo\u0142otow. Po raz pierwszy by\u0142 publicznie obchodzony dopiero w 2011 roku w Warszawie. Dzi\u015b, gdy tak cz\u0119sto podwa\u017ca si\u0119 i relatywizuje fakty historyczne, pr\u00f3buje si\u0119 nagina\u0107 histori\u0119 w imi\u0119 tak zwanej poprawno\u015bci politycznej, nie mo\u017cemy o tym zapomina\u0107. Tego dnia m\u00f3dlmy si\u0119 o dobre owoce ich cierpie\u0144 dla przysz\u0142ych pokole\u0144. W naszej modlitwie pami\u0119tajmy o wszystkich ofiarach totalitarnych rz\u0105d\u00f3w, prosz\u0105c, aby mi\u0142osierny B\u00f3g obdarzy\u0142 ich \u0142ask\u0105 \u017cycia bez ko\u0144ca.<\/p>\n\n\n\n<p>\u25cf Ju\u017c teraz informujemy \u017ce 30 sierpnia 2025 r. o godzinie 10<sup>00<\/sup> pod przewodnictwem Kapelana Solidarno\u015bci Okr\u0119gu \u0141apy i Wysokie Mazowieckie, Ks. Jana Szczube\u0142ka, proboszcza parafii Bokiny, z naszego ko\u015bcio\u0142a wyruszy piesza pielgrzymka do Hodyszewa organizowana, przez Niezale\u017cny Samorz\u0105dny Zwi\u0105zek Zawodowy \u201eSolidarno\u015b\u0107\u201d Oddzia\u0142 w \u0141apach. B\u0119dzie zapewniony samoch\u00f3d baga\u017cowy, oraz bus z kt\u00f3rego b\u0119d\u0105 mog\u0142y skorzysta\u0107 osoby, kt\u00f3re poczuj\u0105 si\u0119 gorzej. Pojazd kt\u00f3ry b\u0119dzie podstawiony w pobli\u017cu groty p\u00f3\u0142 godziny przed wyj\u015bciem pielgrzymki. Zapraszamy wszystkich do udzia\u0142u w pielgrzymce. Kontakt w sprawie pielgrzymki: El\u017cbieta Brzosko kom 534259660.<\/p>\n\n\n\n<p>\u25cf Wy\u017csze Seminarium Duchowne w \u0141om\u017cy organizuje po raz drugi wakacyjny weekend powo\u0142aniowy dla m\u0142odzie\u017cy m\u0119skiej (pomaturalnej i szk\u00f3\u0142 \u015brednich) pod has\u0142em \u201eOdbuduj m\u00f3j Ko\u015bci\u00f3\u0142\u201d. Celem jest pog\u0142\u0119bienie relacji z Bogiem, g\u0142\u0119bsze poznanie nauki Ko\u015bcio\u0142a oraz pomoc w rozpoznawaniu \u017cyciowego powo\u0142ania. Spotkanie odb\u0119dzie si\u0119 w tym razem w Domu Formacyjnym w Drozdowie w dniach 29-31.08.2025 r. (zjazd w pi\u0105tek do godziny 12<sup>00<\/sup>; zako\u0144czenie rekolekcji w niedziel\u0119 ok. godziny 15<sup>00<\/sup>). M\u0142odzie\u017c, pragn\u0105ca uczestniczy\u0107 w spotkaniu, powinna dokona\u0107 zg\u0142oszenia (indywidualnie, b\u0105d\u017a przez duszpasterza, czy katechet\u0119) najp\u00f3\u017aniej do 28.08.2025 r. na adres e-mail: <a href=\"mailto:sbzcw78@gmail.com\">sbzcw78@gmail.com<\/a> lub telefonicznie: 508719064. Wi\u0119cej informacji r\u00f3wnie\u017c w zakrystii.<\/p>\n\n\n\n<p>\u25cf Przypominamy, aby zam\u00f3wione intencje Mszy op\u0142aca\u0107 minimum dwa tygodnie przed terminem odprawiania.<\/p>\n\n\n\n<p>\u25cf Dzi\u0119kujemy wszystkim za modlitw\u0119 i ofiary sk\u0142adane na potrzeby parafii, za te sk\u0142adane na coniedzieln\u0105 tac\u0119, ofiary indywidualne, przez ofiaromat, na konto bankowe czy w postaci marmurowych tabliczek. Sk\u0142adamy serdeczne B\u00f3g zap\u0142a\u0107 za ofiary z\u0142o\u017cone w dzisiejsz\u0105 niedziel\u0119 na prace remontowe prowadzone przy naszej \u015bwi\u0105tyni. Ofiary sk\u0142adane w przysz\u0142\u0105 niedziel\u0119 na tac\u0119 b\u0119d\u0105 przeznaczone na potrzeby Wy\u017cszego Seminarium Duchownego w \u0141om\u017cy.<\/p>\n\n\n\n<p>\u25cf Zwi\u0105zek ma\u0142\u017ce\u0144ski maj\u0105 zamiar zawrze\u0107: Sebastian Micha\u0142owski kawaler parafii \u015aw. Krzy\u017ca w \u0141apach i Paulina Dr\u0105gowska panna parafii naszej \u2013 zapowied\u017a II; \u2013 ktokolwiek wiedzia\u0142by o przeszkodach zacho\u00addz\u0105cych miedzy tymi osobami zobowi\u0105zany jest w sumieniu o powiadomieniu Kancelarii Parafialnej.<\/p>\n\n\n\n<p>\u25cf W minionym tygodniu przez chrzest \u015bwi\u0119ty zostali w\u0142\u0105czeni do wsp\u00f3lnoty Ko\u015bcio\u0142a w naszej parafii: Leo P\u0142o\u0144ski i Wiktor Raszkiewicz \u2013 niech zawsze b\u0119d\u0105 blisko Pana Jezusa.<\/p>\n\n\n\n<p><a><\/a> \u25cf W minionym tygodniu w naszej \u015bwi\u0105tyni zwi\u0105zek ma\u0142\u017ce\u0144ski zawarli: Cwietkow Jakub i Aleksandra \u0141apszo \u2013 m\u0142odej parze \u017cyczymy obfito\u015bci Bo\u017cego b\u0142ogos\u0142awie\u0144stwa na nowej drodze \u017cycia.<\/p>\n\n\n\n<p>\u25cf Wszystkim jubilatom i solenizantom \u017cyczymy obfito\u015bci Bo\u017cych dar\u00f3w oraz szczeg\u00f3lnej opieki Jasnog\u00f3rskiej Pani.<\/p>\n\n\n\n<p><strong>W tym tygodniu patronuj\u0104 nam:<\/strong><\/p>\n\n\n\n<p>\u2013 w dzisiejsz\u0105 niedziel\u0119 17 sierpnia \u2013 \u015awi\u0119ty Jacek Odrow\u0105\u017c (1200-1257), prezbiter, polski dominikanin, kt\u00f3ry po\u015bwi\u0119ci\u0142 si\u0119 misjom w r\u00f3\u017cnych cz\u0119\u015bciach naszego kraju; jego \u017cycie by\u0142o wype\u0142nione czci\u0105 do Matki Bo\u017cej;<\/p>\n\n\n\n<p>\u2013 w poniedzia\u0142ek, 18 sierpnia \u2013 B\u0142ogos\u0142awiona Sancja Szymkowiak (1910-1942), dziewica, siostra serafitka, ca\u0142kowicie oddana Bogu i ludziom; na \u0142o\u017cu \u015bmierci do swojej siostry prze\u0142o\u017conej wypowiedzia\u0142a s\u0142owa, kt\u00f3re warto zapami\u0119ta\u0107: \u201eBo umieram z mi\u0142o\u015bci, a Mi\u0142o\u015b\u0107 mi\u0142o\u015bci niczego odm\u00f3wi\u0107 nie mo\u017ce\u201d;<\/p>\n","protected":false},"excerpt":{"rendered":"<p>\u25cf Dzi\u015b kolejna wakacyjna niedziela, w kalendarzu liturgicznym dwudziesta niedziela zwyk\u0142a w ci\u0105gu roku. Zwracamy si\u0119 w modlitwie do Boga, aby\u015bmy mi\u0142uj\u0105c Go we wszystkim<\/p>\n","protected":false},"author":1,"featured_media":2874,"comment_status":"closed","ping_status":"closed","sticky":false,"template":"","format":"standard","meta":{"footnotes":""},"categories":[3],"tags":[],"class_list":["post-3812","post","type-post","status-publish","format-standard","has-post-thumbnail","hentry","category-ogloszenia"],"_links":{"self":[{"href":"http:\/\/parafialapy-pp.pl\/index.php\/wp-json\/wp\/v2\/posts\/3812","targetHints":{"allow":["GET"]}}],"collection":[{"href":"http:\/\/parafialapy-pp.pl\/index.php\/wp-json\/wp\/v2\/posts"}],"about":[{"href":"http:\/\/parafialapy-pp.pl\/index.php\/wp-json\/wp\/v2\/types\/post"}],"author":[{"embeddable":true,"href":"http:\/\/parafialapy-pp.pl\/index.php\/wp-json\/wp\/v2\/users\/1"}],"replies":[{"embeddable":true,"href":"http:\/\/parafialapy-pp.pl\/index.php\/wp-json\/wp\/v2\/comments?post=3812"}],"version-history":[{"count":1,"href":"http:\/\/parafialapy-pp.pl\/index.php\/wp-json\/wp\/v2\/posts\/3812\/revisions"}],"predecessor-version":[{"id":3813,"href":"http:\/\/parafialapy-pp.pl\/index.php\/wp-json\/wp\/v2\/posts\/3812\/revisions\/3813"}],"wp:featuredmedia":[{"embeddable":true,"href":"http:\/\/parafialapy-pp.pl\/index.php\/wp-json\/wp\/v2\/media\/2874"}],"wp:attachment":[{"href":"http:\/\/parafialapy-pp.pl\/index.php\/wp-json\/wp\/v2\/media?parent=3812"}],"wp:term":[{"taxonomy":"category","embeddable":true,"href":"http:\/\/parafialapy-pp.pl\/index.php\/wp-json\/wp\/v2\/categories?post=3812"},{"taxonomy":"post_tag","embeddable":true,"href":"http:\/\/parafialapy-pp.pl\/index.php\/wp-json\/wp\/v2\/tags?post=3812"}],"curies":[{"name":"wp","href":"https:\/\/api.w.org\/{rel}","templated":true}]}}