{"id":3814,"date":"2025-08-24T16:28:49","date_gmt":"2025-08-24T16:28:49","guid":{"rendered":"https:\/\/parafialapy-pp.pl\/?p=3814"},"modified":"2025-08-24T16:28:51","modified_gmt":"2025-08-24T16:28:51","slug":"intencje-mszy-swietych-24-31-viii-25-r","status":"publish","type":"post","link":"http:\/\/parafialapy-pp.pl\/index.php\/2025\/08\/24\/intencje-mszy-swietych-24-31-viii-25-r\/","title":{"rendered":"INTENCJE MSZY \u015aWI\u0118TYCH: 24 \u2013 31 VIII 25 r."},"content":{"rendered":"\n<figure class=\"wp-block-table\"><table class=\"has-black-color has-text-color has-link-color\"><tbody><tr><td><br><\/td><td>NIEDZIELA<\/td><\/tr><tr><td><em><strong>7<sup> 00<\/sup><\/strong><\/em><\/td><td>\u015bp. Edward Stypu\u0142kowski <strong>\u2013 gregoria\u0144ska<\/strong><\/td><\/tr><tr><td><em><strong>9<sup> 00<\/sup><\/strong><\/em><\/td><td>Pro populo<\/td><\/tr><tr><td><em><strong>9<sup> 00<\/sup><\/strong><\/em><\/td><td>\u015bp. J\u00f3zef \u0141upi\u0144ski \u2013 20 rocznica \u015bmierci<\/td><\/tr><tr><td><em><strong>10<sup> 30<\/sup><\/strong><\/em><\/td><td>\u015bp. Andrzej Jurkowicz <strong>\u2013 gregorianka<\/strong> <strong>\u2013 ks. na urlopie poza paraf\u0105<\/strong><\/td><\/tr><tr><td><em><strong>10<sup> 30<\/sup><\/strong><\/em><\/td><td>\u015bp. Mieczys\u0142aw Regina Boles\u0142aw Julianna \u0141api\u0144skich Zdzis\u0142aw Kami\u0144ski<\/td><\/tr><tr><td><em><strong>12<sup> 00<\/sup><\/strong><\/em><\/td><td>\u015bp. Eugenia i Eugeniusz Koc w 6 rocznic\u0119 \u015bmierci Eugenii i w 11 rocznic\u0119 \u015bmierci Eugeniusza oraz za zmar\u0142ych z rodziny Rysi\u00f3w<\/td><\/tr><tr><td><em><strong>16<sup> 00<\/sup><\/strong><\/em><\/td><td>O Bo\u017ce b\u0142ogos\u0142awie\u0144stwo opiek\u0119 Matki Bo\u017cej i zdrowie dla Piotra i Faustyny oraz ich dzieci<\/td><\/tr><tr><td><em><strong>18<sup> 00<\/sup><\/strong><\/em><\/td><td>\u015bp. Krzysztof Roszkowski \u2013 3 rocznica \u015bmierci<\/td><\/tr><tr><td><br><\/td><td>PONIEDZIA\u0141EK<\/td><\/tr><tr><td><em><strong>6<sup> 30<\/sup><\/strong><\/em><\/td><td>\u015bp. Edward Stypu\u0142kowski <strong>\u2013 gregoria\u0144ska<\/strong><\/td><\/tr><tr><td><em><strong>7<sup> 00<\/sup><\/strong><\/em><\/td><td>\u015bp. ks. Krzysztof, Jadwiga i Wies\u0142awa<\/td><\/tr><tr><td><em><strong>18<sup> 00<\/sup><\/strong><\/em><\/td><td>\u015bp. Andrzej Jurkowicz <strong>\u2013 gregorianka<\/strong><\/td><\/tr><tr><td><em><strong>18<sup> 00<\/sup><\/strong><\/em><\/td><td>\u015bp. Andrzej Petelski \u2013 3 rocznica \u015bmierci<\/td><\/tr><tr><td><em><strong>18<sup> 00<\/sup><\/strong><\/em><\/td><td>\u015bp. Anna Klepacka \u2013 intencja od Krystyny i Romana Skrzypiec <strong>\u2013 ks. na urlopie poza paraf\u0105<\/strong><\/td><\/tr><tr><td><br><\/td><td><strong>WTOREK &#8211; Uroczysto\u015b\u0107 Naj\u015bwi\u0119tszej Maryi Panny Cz\u0119stochowskiej<\/strong><\/td><\/tr><tr><td><em><strong>7<sup> 00<\/sup><\/strong><\/em><\/td><td>O przeb\u0142aganie Tr\u00f3jcy Przenaj\u015bwi\u0119tszej i Matki Bo\u017cej za grzechy narodu polskiego<\/td><\/tr><tr><td><em><strong>9<sup> 00<\/sup><\/strong><\/em><\/td><td>\u015bp. Kazimierz Suszczy\u0144ski \u2013 2 rocznic\u0119 \u015bmierci<\/td><\/tr><tr><td><em><strong>9<sup> 00<\/sup><\/strong><\/em><\/td><td>\u015bp. Andrzej Jurkowicz <strong>\u2013 gregorianka \u2013 ks. na urlopie poza paraf\u0105<\/strong><\/td><\/tr><tr><td><em><strong>10<sup> 30<\/sup><\/strong><\/em><\/td><td>O Bo\u017ce b\u0142ogos\u0142awie\u0144stwo opiek\u0119 Matki Bo\u017cej i zdrowie dla jubilat\u00f3w Janusza i Danuty Kami\u0144skich oraz ich dzieci z rodzinami w 58 rocznic\u0119 \u015blubu<\/td><\/tr><tr><td><em><strong>16<sup> 00<\/sup><\/strong><\/em><\/td><td>\u015bp. Czes\u0142aw \u0141upi\u0144ski <strong>\u2013 gregoria\u0144ska<\/strong> <strong>1<\/strong><\/td><\/tr><tr><td><em><strong>18<sup> 00<\/sup><\/strong><\/em><\/td><td>Pro populo<\/td><\/tr><tr><td><em><strong>18<sup> 00<\/sup><\/strong><\/em><\/td><td>\u015bp. Edward Stypu\u0142kowski <strong>\u2013 gregoria\u0144ska<\/strong><\/td><\/tr><tr><td><br><\/td><td>\u015aRODA<\/td><\/tr><tr><td><em><strong>6<sup> 30<\/sup><\/strong><\/em><\/td><td>\u015bp. Czes\u0142aw \u0141upi\u0144ski <strong>\u2013 gregoria\u0144ska<\/strong><\/td><\/tr><tr><td><em><strong>7<sup> 00<\/sup><\/strong><\/em><\/td><td>\u015bp. Edward Stypu\u0142kowski <strong>\u2013 gregoria\u0144ska 30<\/strong><\/td><\/tr><tr><td><em><strong>7<sup> 00<\/sup><\/strong><\/em><\/td><td>\u015bp. Iwona Szustak \u2013 intencja od uczestnik\u00f3w pogrzebu <strong>\u2013 ks. na urlopie poza paraf\u0105<\/strong><\/td><\/tr><tr><td><em><strong>18<sup> 00<\/sup><\/strong><\/em><\/td><td>\u015bp. Andrzej Jurkowicz <strong>\u2013 gregorianka<\/strong><\/td><\/tr><tr><td><em><strong>18<sup> 00<\/sup><\/strong><\/em><\/td><td>\u015bp. Leszek, Helena i Henryk Zdrodowscy w 14 rocznic\u0119 \u015bmierci Leszka<\/td><\/tr><tr><td><br><\/td><td>CZWARTEK<\/td><\/tr><tr><td><em><strong>6<sup> 30<\/sup><\/strong><\/em><\/td><td>\u015bp. Andrzej Jurkowicz <strong>\u2013 gregoria\u0144ska \u2013 ks. na urlopie poza parafi\u0105<\/strong><\/td><\/tr><tr><td><em><strong>6<sup> 30<\/sup><\/strong><\/em><\/td><td>\u015bp. \u0141ucja, Bronis\u0142awa i Antoni Jab\u0142o\u0144scy<\/td><\/tr><tr><td><em><strong>7<sup> 00<\/sup><\/strong><\/em><\/td><td>\u015bp. Tadeusz G\u00f3rski \u2013 intencja od \u017cony Henryki i jej rodziny<\/td><\/tr><tr><td><em><strong>7<sup> 00<\/sup><\/strong><\/em><\/td><td>\u015bp. Czes\u0142aw \u0141upi\u0144ski <strong>\u2013 gregorianka<\/strong><\/td><\/tr><tr><td><em><strong>18<sup> 00<\/sup><\/strong><\/em><\/td><td>\u015bp. Jadwiga Krystyna Stanis\u0142aw Dworakowscy<\/td><\/tr><tr><td><em><strong>18<sup> 00<\/sup><\/strong><\/em><\/td><td>O Bo\u017ce b\u0142ogos\u0142awie\u0144stwo potrzebne \u0141aski i opiek\u0119 Matki Bo\u017cej dla Janiny i Grzegorza w czterdziest\u0105 trzeci\u0105 rocznic\u0119 \u015blubu<\/td><\/tr><tr><td><br><\/td><td>PI\u0104TEK<\/td><\/tr><tr><td><em><strong>6<sup> 30<\/sup><\/strong><\/em><\/td><td>\u015bp. Antoni i Marianna Jankowscy<\/td><\/tr><tr><td><em><strong>7<sup> 00<\/sup><\/strong><\/em><\/td><td>\u015bp. Andrzej Jurkowicz <strong>\u2013 gregorianka<\/strong><\/td><\/tr><tr><td><em><strong>7<sup> 00<\/sup><\/strong><\/em><\/td><td>\u015bp. Czes\u0142aw \u0141upi\u0144ski <strong>\u2013 gregorianka<\/strong><\/td><\/tr><tr><td><em><strong>18<sup> 00<\/sup><\/strong><\/em><\/td><td>\u015bp. Eugenia Sykut \u2013 1 rocznica <strong>\u2013 ks. na urlopie poza parafi\u0105<\/strong><\/td><\/tr><tr><td><em><strong>18<sup> 00<\/sup><\/strong><\/em><\/td><td>O Bo\u017ce b\u0142ogos\u0142awie\u0144stwo i opiek\u0119 Matki Bo\u017cej dla Marty i Adama z okazji 21 rocznicy \u015blubu<\/td><\/tr><tr><td><em><strong>18<sup> 00<\/sup><\/strong><\/em><\/td><td>\u015bp. El\u017cbieta \u0141upi\u0144ska \u2013 7 rocznica \u015bmierci<\/td><\/tr><tr><td><br><\/td><td>SOBOTA<\/td><\/tr><tr><td><em><strong>6<sup> 30<\/sup><\/strong><\/em><\/td><td>\u015bp. Zdzis\u0142aw Zaniewski \u2013 2 rocznica \u015bmierci<\/td><\/tr><tr><td><em><strong>7<sup> 00<\/sup><\/strong><\/em><\/td><td>\u015bp. Czes\u0142aw \u0141upi\u0144ski <strong>\u2013 gregorianka<\/strong><\/td><\/tr><tr><td><em><strong>7<sup>00<\/sup><\/strong><\/em><\/td><td>\u015bp. Jadwiga Brzozowska \u2013 11 rocznica \u015bmierci<\/td><\/tr><tr><td><em><strong>18<sup> 00<\/sup><\/strong><\/em><\/td><td>\u015bp. Andrzej Jurkowicz <strong>\u2013 gregorianka 30 \u2013 ks. na urlopie poza paraf\u0105<\/strong><\/td><\/tr><tr><td><em><strong>18<sup> 00<\/sup><\/strong><\/em><\/td><td>\u015bp. Maria, Kazimierz i zmar\u0142ych z rodziny Leszczy\u0144skich w 2 rocznic\u0119 \u015bmierci Marii<\/td><\/tr><tr><td><br><\/td><td>NIEDZIELA<\/td><\/tr><tr><td><em><strong>7<sup> 00<\/sup><\/strong><\/em><\/td><td><a><\/a> \u015bp. Czes\u0142aw \u0141upi\u0144ski <strong>\u2013 gregorianka<\/strong><\/td><\/tr><tr><td><em><strong>9<sup> 00<\/sup><\/strong><\/em><\/td><td>Pro populo<\/td><\/tr><tr><td><em><strong>9<sup> 00<\/sup><\/strong><\/em><\/td><td>\u015bp. Teresa i Romuald Jamio\u0142kowscy<\/td><\/tr><tr><td><em><strong>10<sup> 30<\/sup><\/strong><\/em><\/td><td>\u015bp. Ignacy, Boles\u0142aw i Marek \u0141api\u0144scy &#8211; rezerwacja<\/td><\/tr><tr><td><em><strong>12<sup> 00<\/sup><\/strong><\/em><\/td><td>O Bo\u017ce b\u0142ogos\u0142awie\u0144stwo i potrzebne \u0142aski w nowym rok szkolny dla uczni\u00f3w i nauczycieli Szko\u0142y Podstawowej nr 2 w \u0141apach<\/td><\/tr><tr><td><em><strong>16<sup> 00<\/sup><\/strong><\/em><\/td><td>\u015bp. Henryka i Stanis\u0142aw \u0141api\u0144scy<\/td><\/tr><tr><td><em><strong>18<sup> 00<\/sup><\/strong><\/em><\/td><td><a><\/a> \u015bp. Henryk G\u00f3rski<\/td><\/tr><\/tbody><\/table><\/figure>\n","protected":false},"excerpt":{"rendered":"<p>NIEDZIELA 7 00 \u015bp. Edward Stypu\u0142kowski \u2013 gregoria\u0144ska 9 00 Pro populo 9 00 \u015bp. J\u00f3zef \u0141upi\u0144ski \u2013 20 rocznica \u015bmierci 10 30 \u015bp. Andrzej<\/p>\n","protected":false},"author":1,"featured_media":0,"comment_status":"closed","ping_status":"closed","sticky":false,"template":"","format":"standard","meta":{"footnotes":""},"categories":[6],"tags":[],"class_list":["post-3814","post","type-post","status-publish","format-standard","hentry","category-intencje-mszy-sw"],"_links":{"self":[{"href":"http:\/\/parafialapy-pp.pl\/index.php\/wp-json\/wp\/v2\/posts\/3814","targetHints":{"allow":["GET"]}}],"collection":[{"href":"http:\/\/parafialapy-pp.pl\/index.php\/wp-json\/wp\/v2\/posts"}],"about":[{"href":"http:\/\/parafialapy-pp.pl\/index.php\/wp-json\/wp\/v2\/types\/post"}],"author":[{"embeddable":true,"href":"http:\/\/parafialapy-pp.pl\/index.php\/wp-json\/wp\/v2\/users\/1"}],"replies":[{"embeddable":true,"href":"http:\/\/parafialapy-pp.pl\/index.php\/wp-json\/wp\/v2\/comments?post=3814"}],"version-history":[{"count":1,"href":"http:\/\/parafialapy-pp.pl\/index.php\/wp-json\/wp\/v2\/posts\/3814\/revisions"}],"predecessor-version":[{"id":3815,"href":"http:\/\/parafialapy-pp.pl\/index.php\/wp-json\/wp\/v2\/posts\/3814\/revisions\/3815"}],"wp:attachment":[{"href":"http:\/\/parafialapy-pp.pl\/index.php\/wp-json\/wp\/v2\/media?parent=3814"}],"wp:term":[{"taxonomy":"category","embeddable":true,"href":"http:\/\/parafialapy-pp.pl\/index.php\/wp-json\/wp\/v2\/categories?post=3814"},{"taxonomy":"post_tag","embeddable":true,"href":"http:\/\/parafialapy-pp.pl\/index.php\/wp-json\/wp\/v2\/tags?post=3814"}],"curies":[{"name":"wp","href":"https:\/\/api.w.org\/{rel}","templated":true}]}}