{"id":3816,"date":"2025-08-24T16:31:15","date_gmt":"2025-08-24T16:31:15","guid":{"rendered":"https:\/\/parafialapy-pp.pl\/?p=3816"},"modified":"2025-08-24T16:31:16","modified_gmt":"2025-08-24T16:31:16","slug":"ogloszenia-duszpasterskie-24-sierpnia-2025r","status":"publish","type":"post","link":"http:\/\/parafialapy-pp.pl\/index.php\/2025\/08\/24\/ogloszenia-duszpasterskie-24-sierpnia-2025r\/","title":{"rendered":"OG\u0141OSZENIA DUSZPASTERSKIE 24 SIERPNIA 2025r."},"content":{"rendered":"\n<p>\u25cf Dzi\u015b dwudziesta pierwsza niedziela w ci\u0105gu roku ko\u015bcielnego. Modlimy si\u0119 we wsp\u00f3lnocie Ko\u015bcio\u0142a, aby\u015bmy w\u015br\u00f3d zmienno\u015bci \u015bwiata tam wznie\u015bli nasze serca, gdzie s\u0105 prawdziwe rado\u015bci. Niech w\u015br\u00f3d naszych codziennych obowi\u0105zk\u00f3w tego tygodnia nie zabraknie troski o blisko\u015b\u0107 Pana i warto\u015bci nieprzemijaj\u0105ce.<\/p>\n\n\n\n<p>\u25cf Przed nami ostatni tydzie\u0144 sierpnia \u2013 miesi\u0105ca trze\u017awo\u015bci, a dla wielu ostatnie dni urlop\u00f3w i wakacji. Dzi\u0119kujemy Bogu za ten czas, za wszelkie dobro, kt\u00f3rego do\u015bwiadczyli\u015bmy w tym czasie, i za ludzi, kt\u00f3rych B\u00f3g postawi\u0142 na naszej drodze.<\/p>\n\n\n\n<p>\u25cf Dzisiejsza niedziela swoj\u0105 rang\u0105 przykrywa w liturgii \u015bwi\u0119to \u015awi\u0119tego Bart\u0142omieja, Aposto\u0142a. Tradycja g\u0142osi, \u017ce zani\u00f3s\u0142 Ewangeli\u0119 a\u017c do Indii, gdzie poni\u00f3s\u0142 \u015bmier\u0107 m\u0119cze\u0144sk\u0105.<\/p>\n\n\n\n<p>\u25cf We wtorek 26 sierpnia, ponownie nasze my\u015bli i serca skierujemy na Jasn\u0105 G\u00f3r\u0119, obchodz\u0105c Uroczysto\u015b\u0107 Naj\u015bwi\u0119tszej Maryi Panny Cz\u0119stochowskiej. Cz\u0119stochowa dla nas Polak\u00f3w jest wyj\u0105tkowym miejscem, duchowym sercem naszego narodu. Tego dnia b\u0119dziemy \u0142\u0105czy\u0107 si\u0119 z Jasn\u0105 G\u00f3r\u0105, gdzie znajduje si\u0119 wizerunek Czarnej Madonny, kopia tego obrazu sprowadzona przez naszych przodk\u00f3w 89 lat temu znajduje si\u0119 r\u00f3wnie\u017c w naszej \u015bwi\u0105tyni w o\u0142tarzu g\u0142\u00f3wnym. Czym jest i czym powinna by\u0107 dla nas Jasna G\u00f3ra, przypomina\u0142 \u015awi\u0119ty Jan Pawe\u0142 II, gdy m\u00f3wi\u0142: \u201eNa Jasn\u0105 G\u00f3r\u0119 przychodzimy do Matki Boga z wielowiekowym ju\u017c depozytem naszego zawierzenia, kt\u00f3re jest dziedzictwem ca\u0142ych pokole\u0144\u201d.<\/p>\n\n\n\n<p>\u25cf W tym dniu w naszej parafii przypada doroczny odpust. Msze \u015awi\u0119te tego dnia o godzinie 7<sup>00<\/sup>&nbsp;9<sup>00<\/sup> 10<sup>30 <\/sup>16<sup>00<\/sup> i 18<sup>00<\/sup>. Zapraszamy serdecznie wszystkich z Asyst\u0105 Procesyjn\u0105, S\u0142u\u017cb\u0105 Liturgiczn\u0105 O\u0142tarza oraz dziewczynkami sypi\u0105cymi kwiaty na Sum\u0119 odpustow\u0105 celebrowan\u0105 o godzinie 18<sup>00<\/sup>. Pomimo dnia powszedniego znajd\u017amy czas na spotkanie przy o\u0142tarzu Pa\u0144skim.<\/p>\n\n\n\n<p><a><\/a> \u25cf W \u015brod\u0119 w liturgii wspomnienie \u015bw. Moniki matki \u015bw. Augustyna; w nast\u0119pnym dniu w czwartek 28 sierpnia wspomnienie \u015bw. Augustyna kt\u00f3ry pocz\u0105tkowy by\u0142 poganinem o \u017cyciu hulaki, a po swoim nawr\u00f3ceniu gorliwy biskup i doktor Ko\u015bcio\u0142a; W pi\u0105tek, 29 sierpnia, w liturgii wspominamy M\u0119cze\u0144stwo \u015awi\u0119tego Jana Chrzciciela. Jest to drugie wspomnienie w kalendarzu liturgicznym tego \u015bwi\u0119tego, po czerwcowej uroczysto\u015bci jego narodzenia (24 czerwca). Za swoj\u0105 bezkompromisow\u0105 postaw\u0119 Jan Chrzciciel, podobnie jak inni prorocy, a p\u00f3\u017aniej Aposto\u0142owie, zap\u0142aci\u0142 najwy\u017csz\u0105 cen\u0119. Tego dnia b\u0119dziemy prosili go o \u0142ad moralny w naszych rodzinach, wsp\u00f3lnotach i w naszym ca\u0142ym narodzie.<\/p>\n\n\n\n<p>\u25cf Chocia\u017c pocz\u0105tek nowego roku szkolnego i katechetycznego rozpocznie si\u0119 w poniedzia\u0142ek 1 wrze\u015bnia, to ju\u017c w przysz\u0142\u0105 niedziel\u0119 31 sierpnia, zapraszamy dzieci i m\u0142odzie\u017c, rodzic\u00f3w, wychowawc\u00f3w i nauczycieli na Msz\u0119 \u015awi\u0119t\u0105 w niedziel\u0119 o godzinie 12<sup>00<\/sup>. B\u0119dziemy prosili o Bo\u017ce b\u0142ogos\u0142awie\u0144stwo na trud pracy i nauki w nowym roku szkolno-katechetycznym. Aby z czystym sercem rozpocz\u0105\u0107 nowy rok szkolny, dzieci mog\u0105 skorzysta\u0107 z sakramentu pokuty i pojednania przez ca\u0142y najbli\u017cszy tydzie\u0144, p\u00f3\u0142 godziny przed ka\u017cd\u0105 Msz\u0105 \u015awi\u0119t\u0105.<\/p>\n\n\n\n<p>\u25cf W jubileuszowym roku 100 \u2013 lecia istnienia Diecezji \u0141om\u017cy\u0144skiej, diecezjalne dzi\u0119kczynienie za plony odb\u0119dzie si\u0119 14 wrze\u015bnia br. w Sanktuarium Maryjnym w Ma\u0142ym P\u0142ocku. Do\u017cynki diecezjalne po\u0142\u0105czone b\u0119d\u0105 z do\u017cynkami Wojew\u00f3dztwa Podlaskiego, Gminy Ma\u0142y P\u0142ock oraz Parafii pw. Podwy\u017cszenia Krzy\u017ca \u015awi\u0119tego w Ma\u0142ym P\u0142ocku. Prosimy aby nasz\u0105 parafi\u0119 reprezentowali mieszka\u0144cy wsi \u0141apy Szo\u0142ajdy.<\/p>\n\n\n\n<p>\u25cf W najbli\u017csz\u0105 sobot\u0119 o godzinie 10<sup>00<\/sup> z placu przy naszym ko\u015bciele wyruszy Piesza Pielgrzymka Zwi\u0105zku Zawodowego Solidarno\u015b\u0107 do Hodyszewa. Na baga\u017ce p\u0105tnik\u00f3w zostanie podstawiony p\u00f3\u0142 godziny przed wyj\u015bciem pielgrzymki samoch\u00f3d, przy wje\u017adzie na plac ko\u015bcio\u0142a od strony Groty Matki Bo\u017cej. Kontakt w sprawie pielgrzymki: El\u017cbieta Brzosko kom 534259660.<\/p>\n\n\n\n<p>\u25cf Przypominamy, aby zam\u00f3wione intencje Mszy op\u0142aca\u0107 minimum dwa tygodnie przed terminem odprawiania.<\/p>\n\n\n\n<p>\u25cf Dzi\u0119kujemy wszystkim za modlitw\u0119 i ofiary sk\u0142adane na potrzeby parafii, za te sk\u0142adane na coniedzieln\u0105 tac\u0119, ofiary indywidualne, przez ofiaromat, na konto bankowe czy w postaci marmurowych tabliczek.<\/p>\n\n\n\n<p>\u25cf W minionym tygodniu 20 sierpnia w wieku 86 lat, zmar\u0142 arcybiskup senior J\u00f3zef Kowalczyk. Przez 21 lat by\u0142 nuncjuszem apostolskim w Polsce, a w latach 2010-2014 arcybiskupem metropolit\u0105 gnie\u017anie\u0144skim i Prymasem Polski \u2013 wieczny odpoczynek racz mu da\u0107 Panie, a \u015bwiat\u0142o\u015b\u0107 wiekuista niechaj mu \u015bwieci, niech odpoczywa w pokoju wiecznym. Amen.<\/p>\n\n\n\n<p>\u25cf Wszystkim jubilatom i solenizantom \u017cyczymy obfito\u015bci Bo\u017cych dar\u00f3w oraz szczeg\u00f3lnej opieki Jasnog\u00f3rskiej Pani.<\/p>\n\n\n\n<p><strong>W tym tygodniu patronuj\u0105 nam:<\/strong><\/p>\n\n\n\n<p>\u2013 w dzisiejsz\u0105 niedziel\u0119, 24 sierpnia \u2013 \u015awi\u0119ty Bart\u0142omiej Aposto\u0142 (\u2020oko\u0142o 70), powo\u0142any przez Pana Jezusa do grona Dwunastu; jest uznawany za ewangelizatora Indii i Armenii;<\/p>\n\n\n\n<p>\u2013 w \u015brod\u0119 27 sierpnia \u2013 \u015awi\u0119ta Monika, matka \u015awi\u0119tego Augustyna (354-430), kt\u00f3ra swoj\u0105 wytrwa\u0142\u0105 modlitw\u0105 wyprosi\u0142a jego nawr\u00f3cenie;<\/p>\n\n\n\n<p>\u2013 w czwartek 28 sierpnia \u2013 \u015awi\u0119ty Augustyn (354-430), syn \u015awi\u0119tej Moniki, po nawr\u00f3ceniu zosta\u0142 biskupem i wybitnym teologiem; doktor Ko\u015bcio\u0142a.<\/p>\n","protected":false},"excerpt":{"rendered":"<p>\u25cf Dzi\u015b dwudziesta pierwsza niedziela w ci\u0105gu roku ko\u015bcielnego. Modlimy si\u0119 we wsp\u00f3lnocie Ko\u015bcio\u0142a, aby\u015bmy w\u015br\u00f3d zmienno\u015bci \u015bwiata tam wznie\u015bli nasze serca, gdzie s\u0105 prawdziwe<\/p>\n","protected":false},"author":1,"featured_media":643,"comment_status":"closed","ping_status":"closed","sticky":false,"template":"","format":"standard","meta":{"footnotes":""},"categories":[3],"tags":[],"class_list":["post-3816","post","type-post","status-publish","format-standard","has-post-thumbnail","hentry","category-ogloszenia"],"_links":{"self":[{"href":"http:\/\/parafialapy-pp.pl\/index.php\/wp-json\/wp\/v2\/posts\/3816","targetHints":{"allow":["GET"]}}],"collection":[{"href":"http:\/\/parafialapy-pp.pl\/index.php\/wp-json\/wp\/v2\/posts"}],"about":[{"href":"http:\/\/parafialapy-pp.pl\/index.php\/wp-json\/wp\/v2\/types\/post"}],"author":[{"embeddable":true,"href":"http:\/\/parafialapy-pp.pl\/index.php\/wp-json\/wp\/v2\/users\/1"}],"replies":[{"embeddable":true,"href":"http:\/\/parafialapy-pp.pl\/index.php\/wp-json\/wp\/v2\/comments?post=3816"}],"version-history":[{"count":1,"href":"http:\/\/parafialapy-pp.pl\/index.php\/wp-json\/wp\/v2\/posts\/3816\/revisions"}],"predecessor-version":[{"id":3817,"href":"http:\/\/parafialapy-pp.pl\/index.php\/wp-json\/wp\/v2\/posts\/3816\/revisions\/3817"}],"wp:featuredmedia":[{"embeddable":true,"href":"http:\/\/parafialapy-pp.pl\/index.php\/wp-json\/wp\/v2\/media\/643"}],"wp:attachment":[{"href":"http:\/\/parafialapy-pp.pl\/index.php\/wp-json\/wp\/v2\/media?parent=3816"}],"wp:term":[{"taxonomy":"category","embeddable":true,"href":"http:\/\/parafialapy-pp.pl\/index.php\/wp-json\/wp\/v2\/categories?post=3816"},{"taxonomy":"post_tag","embeddable":true,"href":"http:\/\/parafialapy-pp.pl\/index.php\/wp-json\/wp\/v2\/tags?post=3816"}],"curies":[{"name":"wp","href":"https:\/\/api.w.org\/{rel}","templated":true}]}}