{"id":3819,"date":"2025-08-31T10:06:27","date_gmt":"2025-08-31T10:06:27","guid":{"rendered":"http:\/\/parafialapy-pp.pl\/?p=3819"},"modified":"2025-08-31T10:06:28","modified_gmt":"2025-08-31T10:06:28","slug":"intencje-mszy-swietych-31-viii-7-ix-25-r","status":"publish","type":"post","link":"http:\/\/parafialapy-pp.pl\/index.php\/2025\/08\/31\/intencje-mszy-swietych-31-viii-7-ix-25-r\/","title":{"rendered":"INTENCJE MSZY \u015aWI\u0118TYCH: 31 VIII \u2013 7 IX 25 r."},"content":{"rendered":"\n<figure class=\"wp-block-table\"><table><tbody><tr><td><br><\/td><td>NIEDZIELA<\/td><\/tr><tr><td><em><strong>7<sup> 00<\/sup><\/strong><\/em><\/td><td>\u015bp. Czes\u0142aw \u0141upi\u0144ski <strong>\u2013 gregorianka<\/strong><\/td><\/tr><tr><td><em><strong>9<sup> 00<\/sup><\/strong><\/em><\/td><td>Pro populo<\/td><\/tr><tr><td><em><strong>9<sup> 00<\/sup><\/strong><\/em><\/td><td>\u015bp. Teresa i Romuald Jamio\u0142kowscy<\/td><\/tr><tr><td><em><strong>10<sup> 30<\/sup><\/strong><\/em><\/td><td>\u015bp. Ignacy, Boles\u0142aw i Marek \u0141api\u0144scy<\/td><\/tr><tr><td><em><strong>12<sup> 00<\/sup><\/strong><\/em><\/td><td>O Bo\u017ce b\u0142ogos\u0142awie\u0144stwo i potrzebne \u0142aski w nowym rok szkolny dla uczni\u00f3w i nauczycieli Szko\u0142y Podstawowej nr 2 w \u0141apach<\/td><\/tr><tr><td><em><strong>16<sup> 00<\/sup><\/strong><\/em><\/td><td>\u015bp. Henryka i Stanis\u0142aw \u0141api\u0144scy<\/td><\/tr><tr><td><em><strong>18<sup> 00<\/sup><\/strong><\/em><\/td><td>\u015bp. Henryk G\u00f3rski<\/td><\/tr><tr><td><br><\/td><td>PONIEDZIA\u0141EK<\/td><\/tr><tr><td><em><strong>6<sup> 30<\/sup><\/strong><\/em><\/td><td>\u015bp. W\u0142adys\u0142awa, Krzysztof, Tadeusz i Anna \u2013 intencja od rodziny Brzozowskich i Kulikowskich<\/td><\/tr><tr><td><em><strong>7<sup>00<\/sup><\/strong><\/em><\/td><td>\u015bp. Czes\u0142aw \u0141upi\u0144ski <strong>\u2013 gregorianka<\/strong><\/td><\/tr><tr><td><em><strong>7<sup>00<\/sup><\/strong><\/em><\/td><td>\u015bp. Henryk \u0141upi\u0144ski <strong>\u2013 ks. Piotr poza parafi\u0105<\/strong><\/td><\/tr><tr><td><em><strong>18<sup> 00<\/sup><\/strong><\/em><\/td><td>\u015bp. Stanis\u0142aw i zmarli z ca\u0142ej rodziny Dziardziel\u00f3w w 6 rocznic\u0119 \u015bmierci Stanis\u0142awa<\/td><\/tr><tr><td><em><strong>18<sup> 00<\/sup><\/strong><\/em><\/td><td>\u015bp. Jadwiga i Tadeusz<\/td><\/tr><tr><td><br><\/td><td>WTOREK<\/td><\/tr><tr><td><em><strong>6<sup> 30<\/sup><\/strong><\/em><\/td><td>\u015bp. Stanis\u0142aw \u0141api\u0144ski<\/td><\/tr><tr><td><em><strong>7<sup>00<\/sup><\/strong><\/em><\/td><td>\u015bp. Janina i Mariana Jab\u0142o\u0144skich w 37 rocznic\u0119 \u015bmierci Janiny <strong>\u2013 ks. proboszcz poza parafi\u0105<\/strong><\/td><\/tr><tr><td><em><strong>7<sup>00<\/sup><\/strong><\/em><\/td><td>\u015bp. Iwona Szustak<\/td><\/tr><tr><td><em><strong>18<sup> 00<\/sup><\/strong><\/em><\/td><td>Dzi\u0119kczynna za 25 lat ma\u0142\u017ce\u0144stwa El\u017cbiety i Andrzeja z pro\u015bb\u0105 o Bo\u017ce b\u0142ogos\u0142awie\u0144stwo potrzebne \u0142aski i opiek\u0119 Matki Bo\u017cej na dalsze lata<\/td><\/tr><tr><td><em><strong>18<sup> 00<\/sup><\/strong><\/em><\/td><td>\u015bp. Czes\u0142aw \u0141upi\u0144ski <strong>\u2013 gregorianka<\/strong> <strong>\u2013 ks. Piotr poza parafi\u0105<\/strong><\/td><\/tr><tr><td><br><\/td><td>\u015aRODA<\/td><\/tr><tr><td><em><strong>6<sup> 30<\/sup><\/strong><\/em><\/td><td>Dzi\u0119kczynna z pro\u015bb\u0105 o Bo\u017ce b\u0142ogos\u0142awie\u0144stwo, zdrowie, potrzebne \u0142aski dla Bo\u017ceny i Bogus\u0142awa w 45 rocznic\u0119 \u015blubu oraz o opiek\u0119 Matki Bo\u017cej dla dzieci<\/td><\/tr><tr><td><em><strong>7<sup> 00<\/sup><\/strong><\/em><\/td><td>\u015bp. Czes\u0142aw \u0141upi\u0144ski <strong>\u2013 gregorianka<\/strong><\/td><\/tr><tr><td><em><strong>18<sup> 00<\/sup><\/strong><\/em><\/td><td>\u015bp. Wies\u0142aw Grabowski \u2013 6 rocznica \u015bmierci oraz jego rodzic\u00f3w i te\u015bci\u00f3w<\/td><\/tr><tr><td><em><strong>18<sup> 00<\/sup><\/strong><\/em><\/td><td><a><\/a> \u015bp. Helena, Mieczys\u0142aw, Czes\u0142aw G\u0105sowscy w 3 rocznic\u0119 \u015bmierci Heleny <strong>\u2013 ks. Piotr poza parafi\u0105<\/strong> &#8211; rezerwacja<\/td><\/tr><tr><td><br><\/td><td>CZWARTEK<\/td><\/tr><tr><td><em><strong>6<sup> 30<\/sup><\/strong><\/em><\/td><td>\u015bp. Czes\u0142aw \u0141upi\u0144ski <strong>\u2013 gregorianka<\/strong><\/td><\/tr><tr><td><em><strong>7<sup> 00<\/sup><\/strong><\/em><\/td><td>O Bo\u017ce b\u0142ogos\u0142awie\u0144stwo dla Piotra<\/td><\/tr><tr><td><em><strong>18<sup> 00<\/sup><\/strong><\/em><\/td><td>\u015bp. Leszek \u0141api\u0144ski i jego zmarli rodzice<\/td><\/tr><tr><td><em><strong>18<sup> 00<\/sup><\/strong><\/em><\/td><td>O opiek\u0119 Matki Bo\u017cej dla Ks. Proboszcza i kap\u0142an\u00f3w pos\u0142uguj\u0105cych w naszej parafii oraz o powo\u0142ania kap\u0142a\u0144skie \u2013 intencja od Biura Radia Maryja <strong>\u2013 ks. Piotr poza parafi\u0105<\/strong><\/td><\/tr><tr><td><br><\/td><td>PI\u0104TEK<\/td><\/tr><tr><td><em><strong>6<sup> 30<\/sup><\/strong><\/em><\/td><td>\u015bp. Czes\u0142aw \u0141upi\u0144ski <strong>\u2013 gregorianka<\/strong><\/td><\/tr><tr><td><em><strong>7<sup> 00<\/sup><\/strong><\/em><\/td><td>O \u0142ask\u0119 wiary i nawr\u00f3cenie dla Mateusza i Katarzyny<\/td><\/tr><tr><td><em><strong>7<sup> 00<\/sup><\/strong><\/em><\/td><td>\u015bp. Zygmunt \u0141api\u0144ski \u2013 intencja od uczestnik\u00f3w pogrzebu <strong>\u2013 ks. Piotr poza parafi\u0105<\/strong><\/td><\/tr><tr><td><em><strong>16<sup>00<\/sup><\/strong><\/em><\/td><td><strong>\u015aLUB:<\/strong> Micha\u0142owski <strong>Sebastian &amp; Paulina<\/strong> Dr\u0105gowska<\/td><\/tr><tr><td><em><strong>18<sup> 00<\/sup><\/strong><\/em><\/td><td>O Bo\u017ce b\u0142ogos\u0142awie\u0144stwo opiek\u0119 Matki Bo\u017cej zdrowie z okazji urodzin Marty &#8211; rezerwacja<\/td><\/tr><tr><td><br><\/td><td>SOBOTA<\/td><\/tr><tr><td><em><strong>6<sup> 30<\/sup><\/strong><\/em><\/td><td>\u015bp. Czes\u0142aw \u0141upi\u0144ski <strong>\u2013 gregorianka<\/strong><\/td><\/tr><tr><td><em><strong>7<sup> 00<\/sup><\/strong><\/em><\/td><td>O Bo\u017ce b\u0142ogos\u0142awie\u0144stwo, opiek\u0119 Matki Bo\u017cej i potrzebne \u0142aski dla Karola i Karoliny i ich dzieci: Zuzanny Dominika i Amelii oraz dla rodzin \u0141api\u0144skich i Pobied\u00f3w \u2013 w 7 rocznic\u0119 \u015blubu Karola i Karoliny<\/td><\/tr><tr><td><em><strong>16<sup>00<\/sup><\/strong><\/em><\/td><td><strong>\u015aLUB:<\/strong> \u017burawska <strong>Gabriela &amp; Maciej<\/strong> K\u0142oszewski<\/td><\/tr><tr><td><em><strong>18<sup> 00<\/sup><\/strong><\/em><\/td><td>\u015bp. Lucyna i Cezary M\u0142ynarczuk<\/td><\/tr><tr><td><em><strong>18<sup> 00<\/sup><\/strong><\/em><\/td><td>Pro populo <strong>\u2013 ks. Piotr poza parafi\u0105<\/strong><\/td><\/tr><tr><td><br><\/td><td>NIEDZIELA<\/td><\/tr><tr><td><em><strong>7<sup> 00<\/sup><\/strong><\/em><\/td><td>\u015bp. J\u00f3zef Ku\u0107mierowski \u2013 7 rocznica \u015bmierci<\/td><\/tr><tr><td><em><strong>9<sup> 00<\/sup><\/strong><\/em><\/td><td>O Bo\u017ce b\u0142ogos\u0142awie\u0144stwo i opiek\u0119 Matki Bo\u017cej w 38 rocznic\u0119 urodzin Daniela<\/td><\/tr><tr><td><em><strong>9<sup> 00<\/sup><\/strong><\/em><\/td><td>O Bo\u017ce b\u0142ogos\u0142awie\u0144stwo, opiek\u0119 i wstawiennictwo Maryi dla Beaty i Tomasza oraz ich dzieci z okazji rocznicy \u015blubu <strong>\u2013 ks. Piotr poza parafi\u0105<\/strong><\/td><\/tr><tr><td><em><strong>9<sup> 00<\/sup><\/strong><\/em><\/td><td>\u015bp. Czes\u0142aw \u0141upi\u0144ski <strong>\u2013 gregorianka<\/strong><\/td><\/tr><tr><td><em><strong>10<sup> 30<\/sup><\/strong><\/em><\/td><td>\u015bp. Monika i Halina Wyszy\u0144skie w 15 rocznic\u0119 \u015bmierci Moniki i 6 rocznic\u0119 \u015bmierci Haliny oraz zmar\u0142ych z rodziny Wyszy\u0144skich<\/td><\/tr><tr><td><em><strong>12<sup> 00<\/sup><\/strong><\/em><\/td><td>O Bo\u017ce b\u0142ogos\u0142awie\u0144stwo i opiek\u0119 Matki Bo\u017cej pomno\u017cenie wiary dla Karoliny i Tomasza w 10 rocznic\u0119 \u015blubu i ich c\u00f3rek Michaliny Gabrieli i Anny<\/td><\/tr><tr><td><em><strong>16<sup> 00<\/sup><\/strong><\/em><\/td><td>\u015bp. Jan i Janina Kalinowscy<\/td><\/tr><tr><td><em><strong>18<sup> 00<\/sup><\/strong><\/em><\/td><td><a><\/a> O Bo\u017ce b\u0142ogos\u0142awie\u0144stwo, dary Ducha \u015awi\u0119tego i opiek\u0119 Matki Bo\u017cej dla Arkadiusza<\/td><\/tr><\/tbody><\/table><\/figure>\n","protected":false},"excerpt":{"rendered":"<p>NIEDZIELA 7 00 \u015bp. Czes\u0142aw \u0141upi\u0144ski \u2013 gregorianka 9 00 Pro populo 9 00 \u015bp. Teresa i Romuald Jamio\u0142kowscy 10 30 \u015bp. Ignacy, Boles\u0142aw i<\/p>\n","protected":false},"author":1,"featured_media":0,"comment_status":"closed","ping_status":"closed","sticky":false,"template":"","format":"standard","meta":{"footnotes":""},"categories":[6],"tags":[],"class_list":["post-3819","post","type-post","status-publish","format-standard","hentry","category-intencje-mszy-sw"],"_links":{"self":[{"href":"http:\/\/parafialapy-pp.pl\/index.php\/wp-json\/wp\/v2\/posts\/3819","targetHints":{"allow":["GET"]}}],"collection":[{"href":"http:\/\/parafialapy-pp.pl\/index.php\/wp-json\/wp\/v2\/posts"}],"about":[{"href":"http:\/\/parafialapy-pp.pl\/index.php\/wp-json\/wp\/v2\/types\/post"}],"author":[{"embeddable":true,"href":"http:\/\/parafialapy-pp.pl\/index.php\/wp-json\/wp\/v2\/users\/1"}],"replies":[{"embeddable":true,"href":"http:\/\/parafialapy-pp.pl\/index.php\/wp-json\/wp\/v2\/comments?post=3819"}],"version-history":[{"count":1,"href":"http:\/\/parafialapy-pp.pl\/index.php\/wp-json\/wp\/v2\/posts\/3819\/revisions"}],"predecessor-version":[{"id":3820,"href":"http:\/\/parafialapy-pp.pl\/index.php\/wp-json\/wp\/v2\/posts\/3819\/revisions\/3820"}],"wp:attachment":[{"href":"http:\/\/parafialapy-pp.pl\/index.php\/wp-json\/wp\/v2\/media?parent=3819"}],"wp:term":[{"taxonomy":"category","embeddable":true,"href":"http:\/\/parafialapy-pp.pl\/index.php\/wp-json\/wp\/v2\/categories?post=3819"},{"taxonomy":"post_tag","embeddable":true,"href":"http:\/\/parafialapy-pp.pl\/index.php\/wp-json\/wp\/v2\/tags?post=3819"}],"curies":[{"name":"wp","href":"https:\/\/api.w.org\/{rel}","templated":true}]}}