{"id":3821,"date":"2025-08-31T10:31:44","date_gmt":"2025-08-31T10:31:44","guid":{"rendered":"http:\/\/parafialapy-pp.pl\/?p=3821"},"modified":"2025-08-31T10:31:45","modified_gmt":"2025-08-31T10:31:45","slug":"ogloszenia-duszpasterskie-31-sierpnia-2025r","status":"publish","type":"post","link":"http:\/\/parafialapy-pp.pl\/index.php\/2025\/08\/31\/ogloszenia-duszpasterskie-31-sierpnia-2025r\/","title":{"rendered":"OG\u0141OSZENIA DUSZPASTERSKIE 31 SIERPNIA 2025r."},"content":{"rendered":"\n<p>\u25cf Dzi\u015b dwudziesta druga niedziela w ci\u0105gu roku ko\u015bcielnego. Wakacje, urlopy dobiegaj\u0105 ko\u0144ca. Na progu nowego roku szkolnego Ko\u015bci\u00f3\u0142 apeluje o&nbsp;do\u0142o\u017cenie wszelkich stara\u0144, aby uczestnictwo dzieci i m\u0142odzie\u017cy w katechezie szkolnej by\u0142o od samego pocz\u0105tku pe\u0142ne \u015bwiadomego zaanga\u017cowania.<\/p>\n\n\n\n<p>\u25cf Jutro przypada kolejna \u2013 86 rocznica wybuchu II wojny \u015bwiatowej. Nasz\u0105 powinno\u015bci\u0105 jest pami\u0119ta\u0107 o poleg\u0142ych w obronie Ojczyzny w latach 1939-1945 na frontach i w obozach oraz o pomordowanych po zako\u0144czonej wojnie w wi\u0119zieniach politycznych. Pro\u015bmy Pana, aby ofiara ich \u017cycia nie by\u0142a daremna.<\/p>\n\n\n\n<p>\u25cf Jutro pierwszy poniedzia\u0142ek wrze\u015bnia wznawiamy spotkania Wsp\u00f3lnoty \u015bw. Teresy od Dzieci\u0105tka Jezus \u2013 spotkanie po Mszy wieczornej.<\/p>\n\n\n\n<p>\u25cf W pierwszy wtorek czcimy \u015bw. Micha\u0142a Archanio\u0142a. Nabo\u017ce\u0144stwo do \u015bw. Micha\u0142 z modlitw\u0105 o uzdrowienie i uwolnienie po Msz\u0105 \u015bwi\u0119tej wieczornej.<\/p>\n\n\n\n<p>\u25cf W tym tygodniu pierwszy czwartek, pi\u0105tek i sobota miesi\u0105ca. W czwartek modlimy si\u0119 o liczne i dobre powo\u0142ania do stanu kap\u0142a\u0144skiego i zakonnego, Godzina \u015awi\u0119ta o 17<sup>00<\/sup>. W tym dniu w naszej diecezji przypada \u015bwi\u0119to po\u015bwi\u0119cenia ko\u015bcio\u0142a katedralnego. W pierwszy pi\u0105tek miesi\u0105ca, nabo\u017ce\u0144stwo do Naj\u015bwi\u0119tszego Serca Pana Jezusa po Mszy \u015bwi\u0119tej o godzinie 7<sup>00<\/sup>. Odwiedziny chorych i senior\u00f3w naszej parafii z pos\u0142ug\u0105 sakramentaln\u0105 kap\u0142ani rozpoczn\u0105 w tym dniu od godziny 9<sup>00<\/sup>. W sobot\u0119 nabo\u017ce\u0144stwo pierwszo-sobotnie po Mszy o godzinie 7<sup>00<\/sup>, nast\u0119pnie r\u00f3\u017caniec prowadzony przez Porann\u0105 Grup\u0119 Modlitewn\u0105.<\/p>\n\n\n\n<p>\u25cf Przypominamy, \u017ce istot\u0105 i warunkiem pierwszych pi\u0105tk\u00f3w i sob\u00f3t jest&nbsp;uczestnictwo we Mszy \u015bw.&nbsp;i przyj\u0119cie Komunii \u015bwi\u0119tej wynagradzaj\u0105cej za grzechy swoje i ca\u0142ego \u015bwiata. Spowied\u017a mo\u017cemy odby\u0107 wcze\u015bniej \u2013 aby spe\u0142ni\u0107 warunki pierwszego pi\u0105tku i soboty, mamy by\u0107 w stanie \u0142aski u\u015bwiecaj\u0105cej.<\/p>\n\n\n\n<p>\u25cf Zapraszamy ch\u0142opc\u00f3w pragn\u0105cych s\u0142u\u017cy\u0107 przy o\u0142tarzu, aby w grupie kandydat\u00f3w przygotowywali si\u0119 do obowi\u0105zk\u00f3w ministrant\u00f3w. Zainteresowanych najlepiej z rodzicami, zapraszamy w najbli\u017csz\u0105 sobot\u0119 6 wrze\u015bnia na spotkanie o godzinie 10<sup>00 <\/sup>do zakrystii.<\/p>\n\n\n\n<p>\u25cf W przysz\u0142\u0105 niedziel\u0119 7 wrze\u015bnia na Msz\u0119 \u015bwi\u0119t\u0105 o godzinie 12<sup>00 <\/sup>zapraszamy dzieci, kt\u00f3re w tym roku po raz pierwszy rozpocz\u0119\u0142y nauk\u0119 w szkole. Zapraszamy z tornistrami i przyborami szkolnymi aby je im po\u015bwi\u0119ci\u0107.<\/p>\n\n\n\n<p>\u25cf Spotkanie rodzic\u00f3w i dzieci, kt\u00f3re w tym roku szkolnym maj\u0105 przyst\u0105pi\u0107 do I Komunii \u015bwi\u0119tej w niedziel\u0119 14 wrze\u015bnia w ko\u015bciele, po Mszy \u015bwi\u0119tej o godzinie 12<sup>00<\/sup>.<\/p>\n\n\n\n<p>\u25cf W miesi\u0105cu wrze\u015bniu modlimy si\u0119 o pok\u00f3j i dobre wychowanie m\u0142odego pokolenia. Dzisiaj szczeg\u00f3lnie otaczamy wszystkich uczni\u00f3w i nauczycieli nasz\u0105 modlitw\u0105, prosz\u0105c o Bo\u017ce b\u0142ogos\u0142awie\u0144stwo na trud pracy i nauki w nowym roku szkolno-katechetycznym. Zach\u0119cam wszystkich do skorzystania z sakramentu pokuty, aby z czystym sercem rozpocz\u0105\u0107 nowy rok szkolny i katechetyczny.<\/p>\n\n\n\n<p>\u25cf Najbli\u017csza niedziela b\u0119dzie pierwsz\u0105 niedziel\u0105 miesi\u0105ca. Jak zawsze wsp\u00f3lny r\u00f3\u017caniec K\u00f3\u0142 \u017bywego R\u00f3\u017ca\u0144ca po Mszy \u015bwi\u0119tej o godzinie 10<sup>30<\/sup>. B\u0142ogos\u0142awie\u0144stwo rodzin i dzieci, i adoracja Naj\u015bwi\u0119tszego Sakramentu po Mszy o godzinie 12<sup>00<\/sup>. Wsp\u00f3lnota dla Intronizacji Naj\u015bwi\u0119tszego Serca Jezusowego zaprasza na modlitw\u0119 adoracyjn\u0105 po Mszy o godzinie 16<sup>00<\/sup>.<\/p>\n\n\n\n<p><a><\/a> \u25cf Od 1 wrze\u015bnia 2025 r. w polskich szko\u0142ach zostanie wprowadzony nowy przedmiot edukacja zdrowotna, zawieraj\u0105cy edukacje seksualn\u0105 w wersji antyrodzinnej, Genderowej i deprawacyjnej. Wycofany zostanie dobrowolny przedmiot wychowanie do \u017cycia w rodzinie (WD\u017b). Edukacja zdrowotna zawiera m.in. dzia\u0142 \u201eZdrowie seksualne\u201d. Realizuje model edukacji seksualnej, kt\u00f3ra zniszczy w dziecku to, co potrzebne do za\u0142o\u017cenia trwa\u0142ej i szcz\u0119\u015bliwej rodziny. Anty-edukacja anty-zdrowotna narusza prawo, uderza w dobro uczni\u00f3w i rodzin. W zwi\u0105zku z tym Rodzice mog\u0105 z\u0142o\u017cy\u0107 pisemn\u0105 rezygnacj\u0119 z udzia\u0142u swojego dziecka w zaj\u0119ciach edukacji zdrowotnej do <strong>25 wrze\u015bnia 2025<\/strong> roku. Wz\u00f3r rezygnacji mo\u017cna pobra\u0107 ze strony: <a href=\"http:\/\/www.ratujmyszole.pl\/sprzeciw-rodzicow\">www.ratujmyszole.pl\/sprzeciw-rodzicow<\/a>.<\/p>\n\n\n\n<p>\u25cf Diecezjalny Instytut Muzyki Ko\u015bcielnej w \u0141om\u017cy og\u0142asza nab\u00f3r na nowy rok akademicki 2025\/2026. Przes\u0142uchanie kandydat\u00f3w odb\u0119dzie si\u0119 w dniu 3 wrze\u015bnia br. (\u015broda) o godzinie 9<sup>00<\/sup> w siedzibie DIMK w \u0141om\u017cy (gmach Wy\u017cszego Seminarium Duchownego Plac Jana Paw\u0142a II nr 1 w \u0141om\u017cy). Warunkiem przyj\u0119cia do Instytutu jest posiadanie predyspozycji muzycznych \u2013 s\u0142uchu muzycznego oraz poczucia rytmu. Przes\u0142uchanie obejmuje za\u015bpiewanie dowolnej pie\u015bni ko\u015bcielnej oraz powt\u00f3rzenie podanego schematu melodycznego i rytmicznego. Wyk\u0142ady i \u0107wiczenia odbywaj\u0105 si\u0119 w \u015brody w godzinie 10<sup>00<\/sup>\u201316<sup>00<\/sup> od wrze\u015bnia do czerwca, natomiast zaj\u0119cia indywidualne z instrumentu w czasie ustalonym z wyk\u0142adowc\u0105. Nauka w Instytucie trwa pi\u0119\u0107 lat. Studenci zdobywaj\u0105 gruntown\u0105 wiedz\u0119 z teorii muzyki i liturgii oraz praktyczne umiej\u0119tno\u015bci muzyczne. Absolwent DIMK otrzymuje dyplom, kt\u00f3ry upowa\u017cnia do pe\u0142nienia pos\u0142ugi organisty. Wymagane dokumenty: podanie, \u017cyciorys, opinia proboszcza o kandydacie, ewentualne \u015bwiadectwo uko\u0144czenia szko\u0142y muzycznej oraz 3 zdj\u0119cia legitymacyjne.<\/p>\n\n\n\n<p>\u25cf Przypominamy, aby zam\u00f3wione intencje Mszy op\u0142aca\u0107 minimum dwa tygodnie przed terminem odprawiania.<\/p>\n\n\n\n<p>\u25cf Dzi\u0119kujemy wszystkim za modlitw\u0119, zrozumienie potrzeb i ofiary sk\u0142adane na potrzeby parafii, za te sk\u0142adane na coniedzieln\u0105 tac\u0119, ofiary indywidualne, przez ofiaromat, na konto bankowe czy w postaci marmurowych tabliczek. Ofiary sk\u0142adane w przysz\u0142\u0105 niedziel\u0119 do puszek b\u0119d\u0105 przeznaczone na KUL i dzie\u0142a edukacyjne naszej diecezji.<\/p>\n\n\n\n<p>\u25cf W minionym czasie do wieczno\u015bci odeszli z naszej wsp\u00f3lnoty parafialnej \u015bp. Teresa \u0141api\u0144ska lat 84 i \u015bp. Krzysztof Roszkowski lat 63; \u2013 wieczny odpoczynek racz im da\u0107 Panie, a \u015bwiat\u0142o\u015b\u0107 wiekuista niechaj im \u015bwieci, niech odpoczywaj\u0105 w pokoju wiecznym. Amen.<\/p>\n\n\n\n<p>\u25cf Wszystkim jubilatom i solenizantom \u017cyczymy obfito\u015bci Bo\u017cych dar\u00f3w oraz szczeg\u00f3lnej opieki Jasnog\u00f3rskiej Pani.<\/p>\n\n\n\n<p><strong>W tym tygodniu patronuj\u0105 nam:<\/strong><\/p>\n\n\n\n<p>\u2013 w \u015brod\u0119 3 wrze\u015bnia \u2013 \u015awi\u0119ty Grzegorz Wielki (ok. 540-604), papie\u017c, wybitny teolog i&nbsp;reformator, doktor Ko\u015bcio\u0142a.<\/p>\n","protected":false},"excerpt":{"rendered":"<p>\u25cf Dzi\u015b dwudziesta druga niedziela w ci\u0105gu roku ko\u015bcielnego. Wakacje, urlopy dobiegaj\u0105 ko\u0144ca. Na progu nowego roku szkolnego Ko\u015bci\u00f3\u0142 apeluje o&nbsp;do\u0142o\u017cenie wszelkich stara\u0144, aby uczestnictwo<\/p>\n","protected":false},"author":1,"featured_media":3822,"comment_status":"closed","ping_status":"closed","sticky":false,"template":"","format":"standard","meta":{"footnotes":""},"categories":[3],"tags":[],"class_list":["post-3821","post","type-post","status-publish","format-standard","has-post-thumbnail","hentry","category-ogloszenia"],"_links":{"self":[{"href":"http:\/\/parafialapy-pp.pl\/index.php\/wp-json\/wp\/v2\/posts\/3821","targetHints":{"allow":["GET"]}}],"collection":[{"href":"http:\/\/parafialapy-pp.pl\/index.php\/wp-json\/wp\/v2\/posts"}],"about":[{"href":"http:\/\/parafialapy-pp.pl\/index.php\/wp-json\/wp\/v2\/types\/post"}],"author":[{"embeddable":true,"href":"http:\/\/parafialapy-pp.pl\/index.php\/wp-json\/wp\/v2\/users\/1"}],"replies":[{"embeddable":true,"href":"http:\/\/parafialapy-pp.pl\/index.php\/wp-json\/wp\/v2\/comments?post=3821"}],"version-history":[{"count":1,"href":"http:\/\/parafialapy-pp.pl\/index.php\/wp-json\/wp\/v2\/posts\/3821\/revisions"}],"predecessor-version":[{"id":3823,"href":"http:\/\/parafialapy-pp.pl\/index.php\/wp-json\/wp\/v2\/posts\/3821\/revisions\/3823"}],"wp:featuredmedia":[{"embeddable":true,"href":"http:\/\/parafialapy-pp.pl\/index.php\/wp-json\/wp\/v2\/media\/3822"}],"wp:attachment":[{"href":"http:\/\/parafialapy-pp.pl\/index.php\/wp-json\/wp\/v2\/media?parent=3821"}],"wp:term":[{"taxonomy":"category","embeddable":true,"href":"http:\/\/parafialapy-pp.pl\/index.php\/wp-json\/wp\/v2\/categories?post=3821"},{"taxonomy":"post_tag","embeddable":true,"href":"http:\/\/parafialapy-pp.pl\/index.php\/wp-json\/wp\/v2\/tags?post=3821"}],"curies":[{"name":"wp","href":"https:\/\/api.w.org\/{rel}","templated":true}]}}