{"id":3843,"date":"2025-09-28T15:30:41","date_gmt":"2025-09-28T15:30:41","guid":{"rendered":"http:\/\/parafialapy-pp.pl\/?p=3843"},"modified":"2025-09-28T15:30:42","modified_gmt":"2025-09-28T15:30:42","slug":"ogloszenia-duszpasterskie-28-wrzesnia-2025r","status":"publish","type":"post","link":"http:\/\/parafialapy-pp.pl\/index.php\/2025\/09\/28\/ogloszenia-duszpasterskie-28-wrzesnia-2025r\/","title":{"rendered":"OG\u0141OSZENIA DUSZPASTERSKIE 28 WRZE\u015aNIA 2025r."},"content":{"rendered":"\n<p>\u25cf Zazwyczaj ostatnia niedziela wrze\u015bnia w ca\u0142ym Ko\u015bciele w szczeg\u00f3lny spos\u00f3b jest po\u015bwi\u0119cona migrantom i&nbsp;uchod\u017acom. W tym roku dzie\u0144 ten z okazji Jubileuszu Migrant\u00f3w oraz \u015awiata Misyjnego w ramach prze\u017cywanego Roku, odb\u0119dzie si\u0119 4 i 5 pa\u017adziernika.<\/p>\n\n\n\n<p>\u25cf W poniedzia\u0142ek, 29 wrze\u015bnia, w kalendarzu liturgicznym obchodzone jest \u015bwi\u0119to \u015awi\u0119tych Archanio\u0142\u00f3w: Micha\u0142a, Gabriela i Rafa\u0142a. Natomiast w czwartek, 2 pa\u017adziernika, wspominamy \u015awi\u0119tych Anio\u0142\u00f3w Str\u00f3\u017c\u00f3w. Mo\u017ce na co dzie\u0144 nie zawsze pami\u0119tamy, \u017ce to mi\u0142osierny B\u00f3g troszczy si\u0119 o ka\u017cdego z nas, posy\u0142aj\u0105c nam swoich anio\u0142\u00f3w, kt\u00f3rzy chroni\u0105 nas i nam pomagaj\u0105. Anio\u0142y s\u0105 przejawem obecno\u015bci Boga w \u015bwiecie. \u0141\u0105cz\u0105 niebo z ziemi\u0105. Dlatego korzystajmy z ich po\u015brednictwa, pro\u015bmy o pomoc, zw\u0142aszcza w trudnych sprawach, kiedy zaczyna brakowa\u0107 nadziei.<\/p>\n\n\n\n<p>\u25cf W \u015brod\u0119 1 pa\u017adziernika to liturgiczne wspomnienie \u015awi\u0119tej Teresy od Dzieci\u0105tka Jezus, kt\u00f3ra jest patronk\u0105 misji katolickich, w Ko\u015bciele obchodzimy Dzie\u0144 Misyjny Si\u00f3str Zakonnych, a w naszej parafii jest dniem odpustu ku czci \u015bwi\u0119tej Teresy od Dzieci\u0105tka Jezus. Porz\u0105dek Mszy \u015bwi\u0119tych tego dnia o godzinie 6<sup>30<\/sup>, 7<sup>00<\/sup> i 18<sup>00<\/sup>. Suma odpustowa z procesj\u0105 Eucharystyczn\u0105 o godzinie 18<sup>00<\/sup>, podczas tej Mszy uczcimy \u015bw. Teresk\u0119 poprzez b\u0142ogos\u0142awie\u0144stwo p\u0142atk\u00f3w r\u00f3\u017c. Prosimy o przyniesienie ze sob\u0105 r\u00f3\u017c, kt\u00f3re b\u0119d\u0105 \u015bwi\u0119cone podczas Mszy \u015bw. Nasz\u0105 modlitw\u0105 otaczamy siostry Karmelitanki pos\u0142uguj\u0105ce w naszej parafii i miejscowo\u015bci.<\/p>\n\n\n\n<p>\u25cf 1 pa\u017adziernika rozpoczynamy r\u00f3wnie\u017c miesi\u0105c modlitwy r\u00f3\u017ca\u0144cowej. Rozwa\u017caj\u0105c tajemnice r\u00f3\u017ca\u0144cowe b\u0119dziemy, wzy\u00adwali wstawiennictwa Matki Bo\u017cej i przedstawiali Bogu codzienne sprawy w\u0142asne, najbli\u017cszych i tych, kt\u00f3rzy powierzaj\u0105 si\u0119 naszej pami\u0119ci. Ka\u017cdego dnia zapra\u00adszamy na nabo\u017ce\u0144stwo r\u00f3\u017ca\u0144cowe dzieci, m\u0142odzie\u017c i doros\u0142ych od poniedzia\u0142ku do pi\u0105tku o godzinie 17<sup>15<\/sup>, w niedziel\u0119 po Mszy \u015bwi\u0119tej o godzinie 12<sup>00<\/sup>, w soboty po Mszy wieczornej. Tych kt\u00f3rzy nie mog\u0105 przyby\u0107 na modlitw\u0119 do \u015bwi\u0105tyni, zach\u0119camy do odmawiania r\u00f3\u017ca\u0144ca w domu. Za pobo\u017cne odm\u00f3wienie cz\u0105stki r\u00f3\u017ca\u0144ca \u015bwi\u0119tego w spos\u00f3b ci\u0105g\u0142y, z rozwa\u017caniem tajemnic r\u00f3\u017ca\u0144cowych, w ko\u015bciele, w kaplicy czy w rodzinie, mo\u017cemy uzyska\u0107 \u0142ask\u0119 odpustu zupe\u0142nego. Oczywi\u015bcie mu\u00adsimy spe\u0142ni\u0107 zwyczajne warunki zyskiwania odpust\u00f3w, modlitwa w intencjach papie\u017ca, stan \u0142aski u\u015bwi\u0119caj\u0105cej i brak przywi\u0105zania do jakiegokolwiek grzechu. Przypominamy tak\u017ce, \u017ce w niedziele i \u015brody odmawiamy tajemnice chwalebne, w poniedzia\u0142ki i soboty \u2013 tajemnice radosne, we wtorki i&nbsp;pi\u0105tki \u2013 bolesne, w czwartki \u2013 tajemnice \u015bwiat\u0142a. Zach\u0119camy do odmawia\u00adnia r\u00f3\u017ca\u0144ca w rodzinach. To pi\u0119kna praktyka, a przede wszystkim najpi\u0119kniejsze \u015bwiadectwo wiary, kiedy to rodzina razem modli si\u0119 za siebie.<\/p>\n\n\n\n<p>\u25cf Zawsze 1 pa\u017adziernika przypada r\u00f3wnie\u017c pocz\u0105tek roku akademickiego. Wszystkim studentom \u017cyczymy gorliwo\u015bci w zdobywaniu wiedzy, a nauczycielom akademickim i&nbsp;profesorom Bo\u017cego \u015bwiat\u0142a i cierpliwo\u015bci w pracy akademickiej.<\/p>\n\n\n\n<p>\u25cf W tym tygodniu pierwszy czwartek, pi\u0105tek i sobota miesi\u0105ca. Godzina \u015awi\u0119ta ze wzgl\u0119du na nabo\u017ce\u0144stwo pa\u017adziernikowe b\u0119dzie w tym dniu o 16<sup>15<\/sup>. Zawsze w pierwszy czwartek modlimy si\u0119 o liczne i \u015bwi\u0119te powo\u0142ania kap\u0142a\u0144skie i zakonne. W pierwszy pi\u0105tek miesi\u0105ca, nabo\u017ce\u0144stwo do Naj\u015bwi\u0119tszego Serca Pana Jezusa po Mszy \u015bwi\u0119tej o godzinie 7<sup>00<\/sup>. Odwiedziny chorych i senior\u00f3w naszej parafii z pos\u0142ug\u0105 sakramentaln\u0105 kap\u0142ani rozpoczn\u0105 w tym dniu od godziny 9<sup>00<\/sup>. Adoracja Naj\u015bwi\u0119tszego Sakramentu od godziny 17<sup>00<\/sup>, podczas adoracji r\u00f3\u017caniec i nabo\u017ce\u0144stwo pierwszopi\u0105tkowe. W sobot\u0119 nabo\u017ce\u0144stwo pierwszo-sobotnie po Mszy o godzinie 7<sup>00<\/sup>, nast\u0119pnie r\u00f3\u017caniec prowadzony przez Porann\u0105 Grup\u0119 Modlitewn\u0105.<\/p>\n\n\n\n<p>\u25cf Przypominamy, \u017ce istot\u0105 i warunkiem pierwszych pi\u0105tk\u00f3w i sob\u00f3t jest&nbsp;uczestnictwo we Mszy \u015bw.&nbsp;i przyj\u0119cie Komunii \u015bwi\u0119tej wynagradzaj\u0105cej za grzechy swoje i ca\u0142ego \u015bwiata. Spowied\u017a mo\u017cemy odby\u0107 wcze\u015bniej \u2013 aby spe\u0142ni\u0107 warunki pierwszego pi\u0105tku i soboty, mamy by\u0107 w stanie \u0142aski u\u015bwiecaj\u0105cej.<\/p>\n\n\n\n<p>\u25cf W przysz\u0142\u0105 pierwsz\u0105 niedziel\u0119 miesi\u0105ca wystawienie i adoracja Naj\u015bwi\u0119tszego Sakramentu oraz b\u0142ogos\u0142awie\u0144stwo rodzin i dzieci po Mszy o godzinie 12<sup>00<\/sup>. Po Mszy \u015bwi\u0119tej o godzinie 16<sup>00<\/sup> na wsp\u00f3ln\u0105 adoracj\u0119 zaprasza Wsp\u00f3lnota dla Intronizacji Naj\u015bwi\u0119tszego Serca Pana Jezusa.<\/p>\n\n\n\n<p>\u25cf Przypominamy, aby zam\u00f3wione intencje Mszy op\u0142aca\u0107 minimum dwa tygodnie przed terminem odprawiania.<\/p>\n\n\n\n<p>\u25cf Wkr\u00f3tce rozpoczniemy miesi\u0105c listopad \u2013 od przysz\u0142ej niedzieli b\u0119dziemy mogli zamawia\u0107 przypominki za zmar\u0142ych.<\/p>\n\n\n\n<p>\u25cf Dzi\u0119kujemy wszystkim za modlitw\u0119 i ofiary sk\u0142adane na potrzeby parafii, za te sk\u0142adane na coniedzieln\u0105 tac\u0119, ofiary indywidualne, przez ofiaromat, na konto bankowe czy w postaci marmurowych tabliczek. Ofiary sk\u0142adane w przysz\u0142\u0105 niedziel\u0119 do puszek b\u0119d\u0105 przeznaczone na dzia\u0142alno\u015b\u0107 statutow\u0105 Caritas.<\/p>\n\n\n\n<p>\u25cf W ostatnim czasie odesz\u0142a do wieczno\u015bci z naszej wsp\u00f3lnoty parafialnej: \u015bp. Teresa Podg\u00f3rska lat 86; \u2013 wieczny odpoczynek racz jej da\u0107 Panie, a \u015bwiat\u0142o\u015b\u0107 wiekuista niechaj jej \u015bwieci, niech odpoczywa w pokoju wiecznym amen.<\/p>\n\n\n\n<p>\u25cf Wszystkim jubilatom i solenizantom tego tygodnia \u017cyczymy Bo\u017cej m\u0105dro\u015bci w&nbsp;codziennych wyborach, wzrastania w mi\u0142o\u015bci oraz podejmowania pokornej s\u0142u\u017cby wzgl\u0119dem Boga i bli\u017aniego.<\/p>\n\n\n\n<p><strong>W tym tygodniu patronuj\u0105 nam:<\/strong><\/p>\n\n\n\n<p>\u2013 w dzisiejsz\u0105 niedziel\u0119 28 wrze\u015bnia \u2013 \u015awi\u0119ty Wac\u0142aw (ok. 903-935?), ksi\u0105\u017c\u0119 czeski, kt\u00f3ry zgin\u0105\u0142 za wiar\u0119 w Chrystusa z r\u0105k swego brata, poganina; jest patronem Czech;<\/p>\n\n\n\n<p>\u2013 w poniedzia\u0142ek 29 wrze\u015bnia \u2013 \u015awi\u0119ci Archanio\u0142owie: Micha\u0142, Gabriel i Rafa\u0142, najwi\u0119ksi w\u015br\u00f3d anio\u0142\u00f3w z powodu szczeg\u00f3lnych zada\u0144, jakie Pan B\u00f3g im powierza;<\/p>\n\n\n\n<p>\u2013 we wtorek 30 wrze\u015bnia \u2013 \u015awi\u0119ty Hieronim (ok. 345-419 lub 420), prezbiter, doktor Ko\u015bcio\u0142a, kt\u00f3remu zawdzi\u0119czamy t\u0142umaczenie Pisma \u015awi\u0119tego na j\u0119zyk \u0142aci\u0144ski;<\/p>\n\n\n\n<p>\u2013 w \u015brod\u0119 1 pa\u017adziernika \u2013 \u015awi\u0119ta Teresa od Dzieci\u0105tka Jezus (1873-1897), dziewica i doktor Ko\u015bcio\u0142a, patronka misji katolickich;<\/p>\n\n\n\n<p><a><\/a> \u2013 w czwartek, 2 pa\u017adziernika \u2013 \u015awi\u0119ci Anio\u0142owie Str\u00f3\u017cowie, nasi niebiescy opiekunowie;<\/p>\n\n\n\n<p>\u2013 w sobot\u0119, 4 pa\u017adziernika \u2013 \u015awi\u0119ty Franciszek z Asy\u017cu (1182-1226), ojciec wielkiej rodziny franciszka\u0144skiej, stygmatyk, kt\u00f3rego duchowo\u015b\u0107 do dzisiaj wywiera olbrzymi wp\u0142yw na \u017cycie wierz\u0105cych i Ko\u015bcio\u0142a.<\/p>\n","protected":false},"excerpt":{"rendered":"<p>\u25cf Zazwyczaj ostatnia niedziela wrze\u015bnia w ca\u0142ym Ko\u015bciele w szczeg\u00f3lny spos\u00f3b jest po\u015bwi\u0119cona migrantom i&nbsp;uchod\u017acom. W tym roku dzie\u0144 ten z okazji Jubileuszu Migrant\u00f3w oraz<\/p>\n","protected":false},"author":1,"featured_media":3844,"comment_status":"closed","ping_status":"closed","sticky":false,"template":"","format":"standard","meta":{"footnotes":""},"categories":[3],"tags":[],"class_list":["post-3843","post","type-post","status-publish","format-standard","has-post-thumbnail","hentry","category-ogloszenia"],"_links":{"self":[{"href":"http:\/\/parafialapy-pp.pl\/index.php\/wp-json\/wp\/v2\/posts\/3843","targetHints":{"allow":["GET"]}}],"collection":[{"href":"http:\/\/parafialapy-pp.pl\/index.php\/wp-json\/wp\/v2\/posts"}],"about":[{"href":"http:\/\/parafialapy-pp.pl\/index.php\/wp-json\/wp\/v2\/types\/post"}],"author":[{"embeddable":true,"href":"http:\/\/parafialapy-pp.pl\/index.php\/wp-json\/wp\/v2\/users\/1"}],"replies":[{"embeddable":true,"href":"http:\/\/parafialapy-pp.pl\/index.php\/wp-json\/wp\/v2\/comments?post=3843"}],"version-history":[{"count":1,"href":"http:\/\/parafialapy-pp.pl\/index.php\/wp-json\/wp\/v2\/posts\/3843\/revisions"}],"predecessor-version":[{"id":3845,"href":"http:\/\/parafialapy-pp.pl\/index.php\/wp-json\/wp\/v2\/posts\/3843\/revisions\/3845"}],"wp:featuredmedia":[{"embeddable":true,"href":"http:\/\/parafialapy-pp.pl\/index.php\/wp-json\/wp\/v2\/media\/3844"}],"wp:attachment":[{"href":"http:\/\/parafialapy-pp.pl\/index.php\/wp-json\/wp\/v2\/media?parent=3843"}],"wp:term":[{"taxonomy":"category","embeddable":true,"href":"http:\/\/parafialapy-pp.pl\/index.php\/wp-json\/wp\/v2\/categories?post=3843"},{"taxonomy":"post_tag","embeddable":true,"href":"http:\/\/parafialapy-pp.pl\/index.php\/wp-json\/wp\/v2\/tags?post=3843"}],"curies":[{"name":"wp","href":"https:\/\/api.w.org\/{rel}","templated":true}]}}