{"id":3846,"date":"2025-10-05T14:38:04","date_gmt":"2025-10-05T14:38:04","guid":{"rendered":"http:\/\/parafialapy-pp.pl\/?p=3846"},"modified":"2025-10-05T14:38:05","modified_gmt":"2025-10-05T14:38:05","slug":"intencje-mszy-swietych-5-12-x-25-r","status":"publish","type":"post","link":"http:\/\/parafialapy-pp.pl\/index.php\/2025\/10\/05\/intencje-mszy-swietych-5-12-x-25-r\/","title":{"rendered":"INTENCJE MSZY \u015aWI\u0118TYCH: 5 \u2013 12 X 25 r."},"content":{"rendered":"\n<figure class=\"wp-block-table\"><table><tbody><tr><td><br><\/td><td>NIEDZIELA<\/td><\/tr><tr><td><em><strong>7<sup> 00<\/sup><\/strong><\/em><\/td><td>Pro populo<\/td><\/tr><tr><td><em><strong>9<sup> 00<\/sup><\/strong><\/em><\/td><td>\u015bp. Romuald i Wojciech Falkowscy<\/td><\/tr><tr><td><em><strong>9<sup> 00<\/sup><\/strong><\/em><\/td><td>\u015bp. Roman Roszkowski \u2013 2 rocznica \u015bmierci<\/td><\/tr><tr><td><em><strong>10<sup> 30<\/sup><\/strong><\/em><\/td><td>\u015bp. Eugeniusz i J\u00f3zef \u0141api\u0144scy w 22 rocznic\u0119 \u015bmierci Eugeniusza<\/td><\/tr><tr><td><em><strong>10<sup> 30<\/sup><\/strong><\/em><\/td><td>\u015bp. Eugeniusz Tokarzewski <strong>\u2013 gregorianka<\/strong><\/td><\/tr><tr><td><em><strong>12<sup> 00<\/sup><\/strong><\/em><\/td><td>\u015bp. Teresa Bogusz<\/td><\/tr><tr><td><em><strong>16<sup> 00<\/sup><\/strong><\/em><\/td><td>\u015bp. Zygmunt \u0141api\u0144ski \u2013 5 rocznica \u015bmierci<\/td><\/tr><tr><td><em><strong>18<sup> 00<\/sup><\/strong><\/em><\/td><td><a><\/a> O Bo\u017ce b\u0142ogos\u0142awie\u0144stwo dary Ducha \u015bwi\u0119tego i opiek\u0119 matki Bo\u017cej dla wnuk\u00f3w obj\u0119tych modlitw\u0105 r\u00f3\u017cy R\u00f3\u017ca\u0144cowej dziadk\u00f3w za wnuki pw. \u015bwi\u0119tej siostry Faustyny<\/td><\/tr><tr><td><br><\/td><td>PONIEDZIA\u0141EK<\/td><\/tr><tr><td><em><strong>6<sup> 30<\/sup><\/strong><\/em><\/td><td>\u015bp. Czes\u0142aw \u0141upi\u0144ski \u2013 intencja od rodziny Walejewskich<\/td><\/tr><tr><td><em><strong>7<sup>00<\/sup><\/strong><\/em><\/td><td>\u015bp. Eugeniusz Tokarzewski <strong>\u2013 gregorianka<\/strong><\/td><\/tr><tr><td><em><strong>7<sup>00<\/sup><\/strong><\/em><\/td><td>\u015bp. Wojciech Nowacki \u2013 intencja od uczestnik\u00f3w pogrzebu<\/td><\/tr><tr><td><em><strong>18<sup> 00<\/sup><\/strong><\/em><\/td><td>O zdrowie Bo\u017ce b\u0142ogos\u0142awie\u0144stwo i opiek\u0119 Matki Bo\u017cej dla Leny z okazji urodzin<\/td><\/tr><tr><td><em><strong>18<sup> 00<\/sup><\/strong><\/em><\/td><td>\u015bp. Helena \u0141api\u0144ska \u2013 intencja od rodziny z Korczak<\/td><\/tr><tr><td><br><\/td><td>WTOREK<\/td><\/tr><tr><td><em><strong>6<sup> 30<\/sup><\/strong><\/em><\/td><td>\u015bp. Tadeusz \u0141api\u0144ski \u2013 intencja od rodziny P\u0119z\u00f3w z rodzin\u0105<\/td><\/tr><tr><td><em><strong>7<sup>00<\/sup><\/strong><\/em><\/td><td>\u015bp. Eugeniusz Tokarzewski <strong>\u2013 gregorianka<\/strong><\/td><\/tr><tr><td><em><strong>18<sup> 00<\/sup><\/strong><\/em><\/td><td>\u015bp. Robert Nowacki \u2013 intencja od rodziny Go\u0142ko<\/td><\/tr><tr><td><em><strong>18<sup> 00<\/sup><\/strong><\/em><\/td><td>\u015bp. Edward Szczerbowski \u2013 intencja od K\u00f3\u0142 R\u00f3\u017ca\u0144cowych<\/td><\/tr><tr><td><br><\/td><td>\u015aRODA<\/td><\/tr><tr><td><em><strong>6<sup> 30<\/sup><\/strong><\/em><\/td><td>\u015bp. W\u0142adys\u0142aw Wyszy\u0144ski \u2013 3 rocznica \u015bmierci<\/td><\/tr><tr><td><em><strong>7<sup> 00<\/sup><\/strong><\/em><\/td><td>\u015bp. Marian \u0141upi\u0144ski \u2013 intencja od s\u0105siad\u00f3w<\/td><\/tr><tr><td><em><strong>18<sup> 00<\/sup><\/strong><\/em><\/td><td>\u015bp. J\u00f3zef G\u00f3rski \u2013 intencja od rodziny Markowskich &#8211; rezerwacja<\/td><\/tr><tr><td><em><strong>18<sup> 00<\/sup><\/strong><\/em><\/td><td>\u015bp. Eugeniusz Tokarzewski <strong>\u2013 gregorianka<\/strong><\/td><\/tr><tr><td><br><\/td><td>CZWARTEK<\/td><\/tr><tr><td><em><strong>6<sup> 30<\/sup><\/strong><\/em><\/td><td>\u015bp. Alicja Ku\u0107mierowska \u2013 intencja od rodziny Brzozowskich<\/td><\/tr><tr><td><em><strong>7<sup> 00<\/sup><\/strong><\/em><\/td><td>Rezerwacja &#8211; rezerwacja<\/td><\/tr><tr><td><em><strong>7<sup> 00<\/sup><\/strong><\/em><\/td><td>\u015bp. Bo\u017cena Olszewska \u2013 intencja od uczestnik\u00f3w pogrzebu<\/td><\/tr><tr><td><em><strong>18<sup> 00<\/sup><\/strong><\/em><\/td><td>\u015bp. Zdzis\u0142aw, Wies\u0142aw, Stanis\u0142awa Grochowskich<\/td><\/tr><tr><td><em><strong>18<sup> 00<\/sup><\/strong><\/em><\/td><td>\u015bp. Eugeniusz Tokarzewski <strong>\u2013 gregorianka<\/strong><\/td><\/tr><tr><td><br><\/td><td>PI\u0104TEK<\/td><\/tr><tr><td><em><strong>6<sup> 30<\/sup><\/strong><\/em><\/td><td>\u015bp. Adolf, Zofia, Krzysztof, Kazimierz, Walenty i zmarli z rodziny K\u0105dzior\u00f3w<\/td><\/tr><tr><td><em><strong>7<sup> 00<\/sup><\/strong><\/em><\/td><td>\u015bp. Stanis\u0142aw Roszkowski i zmarli z rodziny Roszkowskich w 30 rocznic\u0119 \u015bmierci Stanis\u0142awa<\/td><\/tr><tr><td><em><strong>18<sup>00<\/sup><\/strong><\/em><\/td><td>\u015bp. Stanis\u0142aw, Tadeusz i zmarli z rodziny Kruszewskich i Grabowskich<\/td><\/tr><tr><td><em><strong>18<sup> 00<\/sup><\/strong><\/em><\/td><td>\u015bp. Eugeniusz Tokarzewski <strong>\u2013 gregorianka<\/strong><\/td><\/tr><tr><td><br><\/td><td>SOBOTA<\/td><\/tr><tr><td><em><strong>6<sup> 30<\/sup><\/strong><\/em><\/td><td>O Bo\u017ce b\u0142ogos\u0142awie\u0144stwo potrzebne \u0142aski i zdrowie dla Krzysztofa w dniu urodzin<\/td><\/tr><tr><td><em><strong>7<sup> 00<\/sup><\/strong><\/em><\/td><td>Za dusze w czy\u015b\u0107cu cierpi\u0105ce<\/td><\/tr><tr><td><em><strong>7<sup> 00<\/sup><\/strong><\/em><\/td><td>\u015bp. Eugeniusz Tokarzewski <strong>\u2013 gregorianka<\/strong><\/td><\/tr><tr><td><em><strong>18<sup> 00<\/sup><\/strong><\/em><\/td><td>\u015bp. Stanis\u0142aw i Daniela(k)<\/td><\/tr><tr><td><em><strong>18<sup> 00<\/sup><\/strong><\/em><\/td><td>\u015bp. Stanis\u0142aw \u0141api\u0144ski \u2013 1 rocznica \u015bmierci<\/td><\/tr><tr><td><br><\/td><td>NIEDZIELA<\/td><\/tr><tr><td><em><strong>7<sup> 00<\/sup><\/strong><\/em><\/td><td>\u015bp. Kalinowska Marianna<\/td><\/tr><tr><td><em><strong>9<sup> 00<\/sup><\/strong><\/em><\/td><td>\u015bp. Boles\u0142aw, Julianna, Mieczys\u0142aw i Regina \u0141api\u0144scy, Zdzis\u0142aw Kami\u0144ski<\/td><\/tr><tr><td><em><strong>9<sup> 00<\/sup><\/strong><\/em><\/td><td>Pro populo<\/td><\/tr><tr><td><em><strong>10<sup> 30<\/sup><\/strong><\/em><\/td><td>\u015bp. Ks. Mariusz i Henryk Stawierej w 9 rocznic\u0119 \u015bmierci ks. Mariusza<\/td><\/tr><tr><td><em><strong>10<sup> 30<\/sup><\/strong><\/em><\/td><td>\u015bp. Eugeniusz Tokarzewski <strong>\u2013 gregorianka<\/strong><\/td><\/tr><tr><td><em><strong>12<sup> 00<\/sup><\/strong><\/em><\/td><td>\u015bp. Janusz, Witold, Jadwiga i Ludwik, Natalia i Mieczys\u0142aw w 32 rocznic\u0119 \u015bmierci Janusza<\/td><\/tr><tr><td><em><strong>16<sup> 00<\/sup><\/strong><\/em><\/td><td>O Bo\u017ce b\u0142ogos\u0142awie\u0144stwo, potrzebne \u0142aski i opiek\u0119 Matki Bo\u017cej dla jubilat\u00f3w Wies\u0142awy i Zbigniewa oraz ich dzieci w 50 rocznic\u0119 \u015blubu<\/td><\/tr><tr><td><em><strong>18<sup> 00<\/sup><\/strong><\/em><\/td><td><a><\/a> \u015bp. Janina i J\u00f3zef Suchenek<\/td><\/tr><\/tbody><\/table><\/figure>\n","protected":false},"excerpt":{"rendered":"<p>NIEDZIELA 7 00 Pro populo 9 00 \u015bp. Romuald i Wojciech Falkowscy 9 00 \u015bp. Roman Roszkowski \u2013 2 rocznica \u015bmierci 10 30 \u015bp. Eugeniusz<\/p>\n","protected":false},"author":1,"featured_media":0,"comment_status":"closed","ping_status":"closed","sticky":false,"template":"","format":"standard","meta":{"footnotes":""},"categories":[6],"tags":[],"class_list":["post-3846","post","type-post","status-publish","format-standard","hentry","category-intencje-mszy-sw"],"_links":{"self":[{"href":"http:\/\/parafialapy-pp.pl\/index.php\/wp-json\/wp\/v2\/posts\/3846","targetHints":{"allow":["GET"]}}],"collection":[{"href":"http:\/\/parafialapy-pp.pl\/index.php\/wp-json\/wp\/v2\/posts"}],"about":[{"href":"http:\/\/parafialapy-pp.pl\/index.php\/wp-json\/wp\/v2\/types\/post"}],"author":[{"embeddable":true,"href":"http:\/\/parafialapy-pp.pl\/index.php\/wp-json\/wp\/v2\/users\/1"}],"replies":[{"embeddable":true,"href":"http:\/\/parafialapy-pp.pl\/index.php\/wp-json\/wp\/v2\/comments?post=3846"}],"version-history":[{"count":1,"href":"http:\/\/parafialapy-pp.pl\/index.php\/wp-json\/wp\/v2\/posts\/3846\/revisions"}],"predecessor-version":[{"id":3847,"href":"http:\/\/parafialapy-pp.pl\/index.php\/wp-json\/wp\/v2\/posts\/3846\/revisions\/3847"}],"wp:attachment":[{"href":"http:\/\/parafialapy-pp.pl\/index.php\/wp-json\/wp\/v2\/media?parent=3846"}],"wp:term":[{"taxonomy":"category","embeddable":true,"href":"http:\/\/parafialapy-pp.pl\/index.php\/wp-json\/wp\/v2\/categories?post=3846"},{"taxonomy":"post_tag","embeddable":true,"href":"http:\/\/parafialapy-pp.pl\/index.php\/wp-json\/wp\/v2\/tags?post=3846"}],"curies":[{"name":"wp","href":"https:\/\/api.w.org\/{rel}","templated":true}]}}