{"id":3848,"date":"2025-10-05T14:39:20","date_gmt":"2025-10-05T14:39:20","guid":{"rendered":"http:\/\/parafialapy-pp.pl\/?p=3848"},"modified":"2025-10-05T14:39:21","modified_gmt":"2025-10-05T14:39:21","slug":"ogloszenia-duszpasterskie-5-pazdziernika-2025r","status":"publish","type":"post","link":"http:\/\/parafialapy-pp.pl\/index.php\/2025\/10\/05\/ogloszenia-duszpasterskie-5-pazdziernika-2025r\/","title":{"rendered":"OG\u0141OSZENIA DUSZPASTERSKIE 5 PA\u0179DZIERNIKA 2025r."},"content":{"rendered":"\n<p>\u25cf Dzisiejsza niedziela przykrywa liturgiczne wspomnienie wyj\u0105tkowej polskiej \u015awi\u0119tej \u2013 Siostry Faustyny Kowalskiej ze Zgromadzenia Si\u00f3str Matki Bo\u017cej Mi\u0142osierdzia. Przez jej wstawiennictwo pro\u015bmy o mi\u0142osierdzie Bo\u017ce dla nas i dla ca\u0142ego \u015bwiata. My, Polacy, b\u0105d\u017amy przyk\u0142adem na\u015bladowania duchowo\u015bci i pobo\u017cno\u015bci \u015awi\u0119tej Siostry Faustyny.<\/p>\n\n\n\n<p>\u25cf W ramach prze\u017cywanego Roku Jubileuszowego, dzie\u0144 dzisiejszy jest prze\u017cywany jako Jubileusz Migrant\u00f3w oraz \u015awiata Misyjnego. Stoi racji jest to r\u00f3wnie\u017c 111 \u015awiatowy Dzie\u0144 Migranta i Uchod\u017acy. Ma on nas uwra\u017cliwi\u0107 na do\u015bwiadczanie niesprawiedliwo\u015bci, krzywdy i cz\u0119sto na nieludzki los tych, kt\u00f3rzy z r\u00f3\u017cnych powod\u00f3w opuszczaj\u0105 swoj\u0105 ojczyzn\u0119, poszukuj\u0105 dla siebie i swoich bliskich bezpiecznego miejsca w innych krajach. Osobistymi modlitwami obejmijmy ludzi, kt\u00f3rzy opu\u015bcili sw\u00f3j dom rodzinny z powodu tocz\u0105cych si\u0119 wojen, prze\u015bladowa\u0144 i terroru. Pro\u015bmy Opatrzno\u015b\u0107 Bo\u017c\u0105, aby dzi\u0119ki pomocy dobrych ludzi znale\u017ali dla siebie bezpieczne miejsce.<\/p>\n\n\n\n<p>\u25cf Dzi\u015b przypada pierwsza niedziela pa\u017adziernika. W ko\u015bcio\u0142ach i we wsp\u00f3lnotach rodzinnych rozpocz\u0119li\u015bmy nabo\u017ce\u0144stwa r\u00f3\u017ca\u0144cowe. Bior\u0105c do r\u0105k r\u00f3\u017caniec, przez wstawiennictwo Bo\u017cej Rodzicielki Maryi, pro\u015bmy Jej Syna o mi\u0142osierdzie dla nas i ca\u0142ego \u015bwiata. Zach\u0119cam do udzia\u0142u w nabo\u017ce\u0144stwie pa\u017adziernikowym i Mszy \u015awi\u0119tej. Ka\u017cdego dnia zapra\u00adszamy na nabo\u017ce\u0144stwo r\u00f3\u017ca\u0144cowe dzieci, m\u0142odzie\u017c i doros\u0142ych od poniedzia\u0142ku do pi\u0105tku o godzinie 17<sup>15<\/sup>, w soboty po Mszy wieczornej, w niedziel\u0119 po Mszy \u015bwi\u0119tej o godzinie 12<sup>00<\/sup>. Tych kt\u00f3rym trudniej dotrze\u0107 do ko\u015bcio\u0142a, prosz\u0119 o&nbsp;odmawianie r\u00f3\u017ca\u0144ca w domach. \u015awi\u0119ty Jan Pawe\u0142 II w Li\u015bcie apostolskim \u201eRosarium Virginis Mariae\u201d z 2002 roku napisa\u0142: \u201eZa po\u015brednictwem r\u00f3\u017ca\u0144ca wierz\u0105cy czerpie obfito\u015b\u0107 \u0142aski, otrzymuj\u0105c j\u0105 niejako wprost z r\u0105k Matki Odkupiciela\u201d.<\/p>\n\n\n\n<p>\u25cf Pami\u0119tajmy i przypominajmy innym, \u017ce za odm\u00f3wienie jednej cz\u0119\u015bci r\u00f3\u017ca\u0144ca, czyli pi\u0119ciu tajemnic w spos\u00f3b ci\u0105g\u0142y, mo\u017cna uzyska\u0107 odpust zupe\u0142ny. Korzystajmy z tych duchowych dobrodziejstw, jakimi Ko\u015bci\u00f3\u0142 nas obdarza. W niedziele i \u015brody odmawiamy tajemnice chwalebne, w poniedzia\u0142ki i soboty tajemnice radosne, we wtorki i pi\u0105tki \u2013 bolesne, w&nbsp;czwartki \u2013 tajemnice \u015bwiat\u0142a.<\/p>\n\n\n\n<p>\u25cf Przypominamy o mo\u017cliwo\u015bci uzyskania \u0142aski odpustu zupe\u0142nego za pobo\u017cne odm\u00f3wienie cz\u0105stki r\u00f3\u017ca\u0144ca \u015bw., w spos\u00f3b ci\u0105g\u0142y, z rozwa\u017caniem tajemnic r\u00f3\u017ca\u0144cowych, w ko\u015bciele, w kaplicy, czy w rodzinie. Oczywi\u015bcie mu\u00adsimy spe\u0142ni\u0107 zwyczajne warunki zyskiwania odpust\u00f3w, modlitwa w intencjach papie\u017ca, stan \u0142aski u\u015bwi\u0119caj\u0105cej i brak przywi\u0105zania do jakiegokolwiek grzechu.<\/p>\n\n\n\n<p>\u25cf We wtorek 7 pa\u017adziernika liturgiczne wspomnienie Naj\u015bwi\u0119tszej Maryi Panny R\u00f3\u017ca\u0144cowej. Jest to r\u00f3wnie\u017c pierwszy wtorek miesi\u0105ca, w kt\u00f3rym to dniu w szczeg\u00f3lny spos\u00f3b oddajmy cze\u015b\u0107 Wodzowi Wojsk Anielskich \u2013 nabo\u017ce\u0144stwo do \u015bw. Micha\u0142a Archanio\u0142a z modlitw\u0105 o uzdrowienie i uwolnienie w tym dniu po Mszy \u015bwi\u0119tej wieczornej.<\/p>\n\n\n\n<p>\u25cf W przysz\u0142\u0105 niedziel\u0119, 12 pa\u017adziernika, b\u0119dziemy prze\u017cywali kolejny Dzie\u0144 Papieski, kt\u00f3ry na trwa\u0142e wpisa\u0142 si\u0119 w kalendarz nie tylko Ko\u015bcio\u0142a w Polsce, ale i w kalendarz wa\u017cnych rocznic i obchod\u00f3w w naszej Ojczy\u017anie. Tego dnia ofiarami wspieramy Fundacj\u0119 \u201eDzie\u0142o Nowego Tysi\u0105clecia\u201d, kt\u00f3ra zosta\u0142a powo\u0142ana przez Episkopat Polski dla upami\u0119tnienia pontyfikatu \u015awi\u0119tego Jana Paw\u0142a II.<\/p>\n\n\n\n<p>\u25cf Od wigilii \u015bwi\u0119ta Podwy\u017cszenia Krzy\u017ca \u015awi\u0119tego wyznaczona Parafia w Polsce ka\u017cdego dnia podejmuje ca\u0142odobow\u0105 Adoracj\u0119 Naj\u015bwi\u0119tszego Sakramentu w intencji Wynagradzaj\u0105cej Naj\u015bwi\u0119tszemu Sercu Jezusa i Niepokalanemu Sercu Maryi. W tym roku podejmujemy szczeg\u00f3ln\u0105 modlitw\u0119 za Ko\u015bci\u00f3\u0142 \u015awi\u0119ty, Biskup\u00f3w i Kap\u0142an\u00f3w oraz o pok\u00f3j w naszej Ojczy\u017anie i \u015bwiecie. Adoracja rozpocznie si\u0119 Msz\u0105 wieczorn\u0105 w przysz\u0142\u0105 niedziel\u0119 12 pa\u017adziernika i b\u0119dzie trwa\u0142a do Mszy wieczornej 13 pa\u017adziernika. W tym dniu ostatnie nabo\u017ce\u0144stwo fatimskie w tym roku, zach\u0119camy gor\u0105co czcicieli Matki Bo\u017cej do udzia\u0142u w r\u00f3\u017ca\u0144cu, i je\u017celi pogoda pozwoli w procesji ul. 3 Maja; D\u0142ug\u0105; Cmentarn\u0105 i Parafialn\u0105 ze \u015bpiewem pie\u015bni maryjnych. We\u017amy ze sob\u0105 lampiony.<\/p>\n\n\n\n<p>\u25cf W przysz\u0142\u0105 niedziel\u0119 b\u0119dziemy go\u015bci\u0107 w naszej parafii siostr\u0119 Zygmunt\u0119 Kaszub\u0119&nbsp;ze Zgromadzenia Si\u00f3str Karmelitanek Dzieci\u0105tka Jezus, kt\u00f3ra od blisko 50 lat pos\u0142uguje w Burundi w Afryce \u015arodkowej. Siostra przybli\u017cy nam rzeczywisto\u015b\u0107 pracy misyjnej i poprosi\u0142 o wsparcie.<\/p>\n\n\n\n<p>\u25cf Przypominamy, aby zam\u00f3wione intencje Mszy op\u0142aca\u0107 minimum dwa tygodnie przed terminem odprawiania.<\/p>\n\n\n\n<p>\u25cf Zbli\u017ca si\u0119 listopad \u2013 miesi\u0105c modlitw za zmar\u0142ych, zadbajmy nie tylko o miejsca gdzie spoczywaj\u0105 ich doczesne szcz\u0105tki, ale nie zapominajmy o ich duszy. Przyjmujemy ju\u017c zg\u0142oszenia na przypominki.<\/p>\n\n\n\n<p>\u25cf Dzi\u0119kujemy wszystkim za modlitw\u0119 i ofiary sk\u0142adane na potrzeby parafii, za te sk\u0142adane na coniedzieln\u0105 tac\u0119, ofiary indywidualne, przez ofiaromat, na konto bankowe czy w postaci marmurowych tabliczek.<\/p>\n\n\n\n<p><a><\/a> \u25cf W minionym tygodniu przez Sakrament Chrztu \u015bwi\u0119tego do wsp\u00f3lnoty Ko\u015bcio\u0142a zosta\u0142 w\u0142\u0105czony w naszej parafii: Ksawery Bartosiak \u2013 niech zawsze b\u0119dzie blisko Pana Jezusa.<\/p>\n\n\n\n<p>\u25cf Wszystkim jubilatom i solenizantom tego tygodnia \u017cyczymy Bo\u017cej m\u0105dro\u015bci w&nbsp;codziennych wyborach, wzrastania w mi\u0142o\u015bci oraz podejmowania pokornej s\u0142u\u017cby wzgl\u0119dem Boga i bli\u017aniego.<\/p>\n\n\n\n<p><strong>W tym tygodniu patronuj\u0105 nam:<\/strong><\/p>\n\n\n\n<p>\u2013 dzisiaj 5 pa\u017adziernika \u2013 \u015awi\u0119ta Faustyna Kowalska (1905-1938), zakonnica, mistyczka, Aposto\u0142ka Bo\u017cego Mi\u0142osierdzia<\/p>\n","protected":false},"excerpt":{"rendered":"<p>\u25cf Dzisiejsza niedziela przykrywa liturgiczne wspomnienie wyj\u0105tkowej polskiej \u015awi\u0119tej \u2013 Siostry Faustyny Kowalskiej ze Zgromadzenia Si\u00f3str Matki Bo\u017cej Mi\u0142osierdzia. Przez jej wstawiennictwo pro\u015bmy o mi\u0142osierdzie<\/p>\n","protected":false},"author":1,"featured_media":478,"comment_status":"closed","ping_status":"closed","sticky":false,"template":"","format":"standard","meta":{"footnotes":""},"categories":[3],"tags":[],"class_list":["post-3848","post","type-post","status-publish","format-standard","has-post-thumbnail","hentry","category-ogloszenia"],"_links":{"self":[{"href":"http:\/\/parafialapy-pp.pl\/index.php\/wp-json\/wp\/v2\/posts\/3848","targetHints":{"allow":["GET"]}}],"collection":[{"href":"http:\/\/parafialapy-pp.pl\/index.php\/wp-json\/wp\/v2\/posts"}],"about":[{"href":"http:\/\/parafialapy-pp.pl\/index.php\/wp-json\/wp\/v2\/types\/post"}],"author":[{"embeddable":true,"href":"http:\/\/parafialapy-pp.pl\/index.php\/wp-json\/wp\/v2\/users\/1"}],"replies":[{"embeddable":true,"href":"http:\/\/parafialapy-pp.pl\/index.php\/wp-json\/wp\/v2\/comments?post=3848"}],"version-history":[{"count":1,"href":"http:\/\/parafialapy-pp.pl\/index.php\/wp-json\/wp\/v2\/posts\/3848\/revisions"}],"predecessor-version":[{"id":3849,"href":"http:\/\/parafialapy-pp.pl\/index.php\/wp-json\/wp\/v2\/posts\/3848\/revisions\/3849"}],"wp:featuredmedia":[{"embeddable":true,"href":"http:\/\/parafialapy-pp.pl\/index.php\/wp-json\/wp\/v2\/media\/478"}],"wp:attachment":[{"href":"http:\/\/parafialapy-pp.pl\/index.php\/wp-json\/wp\/v2\/media?parent=3848"}],"wp:term":[{"taxonomy":"category","embeddable":true,"href":"http:\/\/parafialapy-pp.pl\/index.php\/wp-json\/wp\/v2\/categories?post=3848"},{"taxonomy":"post_tag","embeddable":true,"href":"http:\/\/parafialapy-pp.pl\/index.php\/wp-json\/wp\/v2\/tags?post=3848"}],"curies":[{"name":"wp","href":"https:\/\/api.w.org\/{rel}","templated":true}]}}