{"id":3851,"date":"2025-10-12T18:34:44","date_gmt":"2025-10-12T18:34:44","guid":{"rendered":"http:\/\/parafialapy-pp.pl\/?p=3851"},"modified":"2025-10-12T18:34:45","modified_gmt":"2025-10-12T18:34:45","slug":"intencje-mszy-swietych-12-19-x-25-r","status":"publish","type":"post","link":"http:\/\/parafialapy-pp.pl\/index.php\/2025\/10\/12\/intencje-mszy-swietych-12-19-x-25-r\/","title":{"rendered":"INTENCJE MSZY \u015aWI\u0118TYCH: 12 \u2013 19 X 25 r."},"content":{"rendered":"\n<figure class=\"wp-block-table\"><table><tbody><tr><td><br><\/td><td>NIEDZIELA<\/td><\/tr><tr><td><em><strong>7<sup> 00<\/sup><\/strong><\/em><\/td><td>\u015bp. Kalinowska Marianna<\/td><\/tr><tr><td><em><strong>9<sup> 00<\/sup><\/strong><\/em><\/td><td>\u015bp. Boles\u0142aw, Julianna, Mieczys\u0142aw i Regina \u0141api\u0144scy, Zdzis\u0142aw Kami\u0144ski<\/td><\/tr><tr><td><em><strong>9<sup> 00<\/sup><\/strong><\/em><\/td><td>Pro populo \u2013 za parafian <strong>\u2013 poza parafi\u0105<\/strong><\/td><\/tr><tr><td><em><strong>10<sup> 30<\/sup><\/strong><\/em><\/td><td>\u015bp. Ks. Mariusz i Henryk Stawierej w 9 rocznic\u0119 \u015bmierci ks. Mariusza<\/td><\/tr><tr><td><em><strong>10<sup> 30<\/sup><\/strong><\/em><\/td><td>\u015bp. Eugeniusz Tokarzewski <strong>\u2013 gregorianka<\/strong><\/td><\/tr><tr><td><em><strong>12<sup> 00<\/sup><\/strong><\/em><\/td><td>\u015bp. Janusz, Witold, Jadwiga i Ludwik, Natalia i Mieczys\u0142aw w 32 rocznic\u0119 \u015bmierci Janusza<\/td><\/tr><tr><td><em><strong>16<sup> 00<\/sup><\/strong><\/em><\/td><td>O Bo\u017ce b\u0142ogos\u0142awie\u0144stwo, potrzebne \u0142aski i opiek\u0119 Matki Bo\u017cej dla jubilat\u00f3w Wies\u0142awy i Zbigniewa oraz ich dzieci w 50 rocznic\u0119 \u015blubu<\/td><\/tr><tr><td><em><strong>18<sup> 00<\/sup><\/strong><\/em><\/td><td>\u015bp. Janina i J\u00f3zef Suchenek<\/td><\/tr><tr><td><br><\/td><td>PONIEDZIAEK<\/td><\/tr><tr><td><em><strong>6<sup> 30<\/sup><\/strong><\/em><\/td><td>\u015bp. Jacek Dobrzycki \u2013 intencja od koleg\u00f3w z pracy<\/td><\/tr><tr><td><em><strong>7<sup>00<\/sup><\/strong><\/em><\/td><td>\u015bp. Stanis\u0142aw \u0141api\u0144ski \u2013 5 rocznica \u015bmierci<\/td><\/tr><tr><td><em><strong>7<sup>00<\/sup><\/strong><\/em><\/td><td>\u015bp. Micha\u0142 Samsonowicz \u2013 intencja od uczestnik\u00f3w pogrzebu<\/td><\/tr><tr><td><em><strong>18<sup> 00<\/sup><\/strong><\/em><\/td><td>\u015bp. Edward, Janina i Henryk \u0141api\u0144scy<\/td><\/tr><tr><td><em><strong>18<sup> 00<\/sup><\/strong><\/em><\/td><td>\u015bp. Eugeniusz Tokarzewski <strong>\u2013 gregorianka<\/strong><\/td><\/tr><tr><td><br><\/td><td>WTOREK<\/td><\/tr><tr><td><em><strong>6<sup> 30<\/sup><\/strong><\/em><\/td><td>\u015bp. Stanis\u0142aw Saniewski \u2013 intencja od Adama \u0141ubnickiego z rodzin\u0105<\/td><\/tr><tr><td><em><strong>7<sup>00<\/sup><\/strong><\/em><\/td><td>\u015bp. Helena Grodzka<\/td><\/tr><tr><td><em><strong>18<sup> 00<\/sup><\/strong><\/em><\/td><td>\u015bp. Eugeniusz Tokarzewski <strong>\u2013 gregorianka<\/strong><\/td><\/tr><tr><td><em><strong>18<sup> 00<\/sup><\/strong><\/em><\/td><td>\u015bp. Jadwiga Sawicka \u2013 intencja w dniu imienin<\/td><\/tr><tr><td><br><\/td><td>\u015aRODA<\/td><\/tr><tr><td><em><strong>6<sup> 30<\/sup><\/strong><\/em><\/td><td>\u015bp. Jadwiga Falkowska<\/td><\/tr><tr><td><em><strong>7<sup> 00<\/sup><\/strong><\/em><\/td><td>\u015bp. Danuta Ku\u0107mierowska \u2013 intencja od rodziny Kulesz\u00f3w<\/td><\/tr><tr><td><em><strong>18<sup> 00<\/sup><\/strong><\/em><\/td><td>\u015bp. Eugeniusz Tokarzewski <strong>\u2013 gregorianka<\/strong><\/td><\/tr><tr><td><em><strong>18<sup> 00<\/sup><\/strong><\/em><\/td><td>\u015bp. Zygmunt oraz zmarli z rodziny Bandyszewskich<\/td><\/tr><tr><td><em><strong>18<sup> 00<\/sup><\/strong><\/em><\/td><td>O szcz\u0119\u015bcie w niebie dla dzieci nienarodzonych i utraconych oraz pociech\u0119 dla ich rodzic\u00f3w <strong>\u2013 poza parafi\u0105<\/strong>&#8211; rezerwacja<\/td><\/tr><tr><td><br><\/td><td>CZWARTEK<\/td><\/tr><tr><td><em><strong>6<sup> 30<\/sup><\/strong><\/em><\/td><td>\u015bp. Marcin \u0141api\u0144ski \u2013 intencja od rodziny Zambrzyckich i Wierzbickich<\/td><\/tr><tr><td><em><strong>7<sup> 00<\/sup><\/strong><\/em><\/td><td>\u015bp. Eugeniusz Tokarzewski <strong>\u2013 gregorianka<\/strong><\/td><\/tr><tr><td><em><strong>18<sup> 00<\/sup><\/strong><\/em><\/td><td>\u015bp. Teresa Piekutowska<\/td><\/tr><tr><td><em><strong>18<sup> 00<\/sup><\/strong><\/em><\/td><td>\u015bp. J\u00f3zef, Adam, Genowefa, Stanis\u0142aw oraz zmarli z rodziny Wi\u0119ck\u00f3w i Perkowskich<\/td><\/tr><tr><td><br><\/td><td>PI\u0104TEK<\/td><\/tr><tr><td><em><strong>6<sup> 30<\/sup><\/strong><\/em><\/td><td>O Bo\u017ce b\u0142ogos\u0142awie\u0144stwo potrzebne \u0141aski zdrowie i opiek\u0119 Matki Bo\u017cej dla Huberta w dniu urodzin<\/td><\/tr><tr><td><em><strong>7<sup> 00<\/sup><\/strong><\/em><\/td><td>\u015bp. Eugeniusz Tokarzewski <strong>\u2013 gregorianka<\/strong><\/td><\/tr><tr><td><em><strong>18<sup>00<\/sup><\/strong><\/em><\/td><td>\u015bp. Stanis\u0142awa(k) Roszko \u2013 5 rocznica<\/td><\/tr><tr><td><em><strong>18<sup> 00<\/sup><\/strong><\/em><\/td><td><a><\/a> \u015bp. Henryk \u0141upi\u0144ski<\/td><\/tr><tr><td><br><\/td><td>SOBOTA<\/td><\/tr><tr><td><em><strong>6<sup> 30<\/sup><\/strong><\/em><\/td><td>\u015bp. Ryszard Falkowski \u2013 3 rocznica \u015bmierci<\/td><\/tr><tr><td><em><strong>7<sup> 00<\/sup><\/strong><\/em><\/td><td>\u015bp. Tadeusz Skorupski \u2013 intencja od pracownik\u00f3w Centrum Opieku\u0144czo-Mieszkalnego w Dani\u0142owie Du\u017cym<\/td><\/tr><tr><td><em><strong>18<sup> 00<\/sup><\/strong><\/em><\/td><td>\u015bp. Eugeniusz Tokarzewski <strong>\u2013 gregorianka<\/strong><\/td><\/tr><tr><td><em><strong>18<sup> 00<\/sup><\/strong><\/em><\/td><td>\u015bp. Helena Grodzka \u2013 intencja od rodziny D\u0105browskich<\/td><\/tr><tr><td><br><\/td><td>NIEDZIELA<\/td><\/tr><tr><td><em><strong>7<sup> 00<\/sup><\/strong><\/em><\/td><td>\u015bp. Remigiusz Manista i zmarli z rodziny Manist\u00f3w w 5 rocznic\u0119 \u015bmierci Remigiusza<\/td><\/tr><tr><td><em><strong>9<sup> 00<\/sup><\/strong><\/em><\/td><td>\u015bp. Stefania i Adam Porowscy<\/td><\/tr><tr><td><em><strong>9<sup> 00<\/sup><\/strong><\/em><\/td><td>Pro populo \u2013 za parafian <strong>\u2013 poza parafi\u0105<\/strong><\/td><\/tr><tr><td><em><strong>10<sup> 30<\/sup><\/strong><\/em><\/td><td>\u015bp. Eugeniusz Tokarzewski <strong>\u2013 gregorianka<\/strong><\/td><\/tr><tr><td><em><strong>10<sup> 30<\/sup><\/strong><\/em><\/td><td>O Bo\u017ce b\u0142ogos\u0142awie\u0144stwo dary Ducha \u015awi\u0119tego i opiek\u0119 Matki Bo\u017cej dla Jadwigi<\/td><\/tr><tr><td><em><strong>12<sup> 00<\/sup><\/strong><\/em><\/td><td>\u015bp. Kamil Falkowski<\/td><\/tr><tr><td><em><strong>16<sup> 00<\/sup><\/strong><\/em><\/td><td>Dzi\u0119kczynna z pro\u015bb\u0105 o b\u0142ogos\u0142awie\u0144stwo Bo\u017ce opiek\u0119 Matki Bo\u017cej i zdrowie w dalszym \u017cyciu dla Krystyny \u0141upi\u0144skiej<\/td><\/tr><tr><td><em><strong>18<sup> 00<\/sup><\/strong><\/em><\/td><td><a><\/a> \u015bp. Sylwester \u0141api\u0144ski oraz zmarli rodzice Jadwiga i Eugeniusz oraz brat S\u0142awomir w 10 rocznic\u0119 \u015bmierci Sylwestra<\/td><\/tr><\/tbody><\/table><\/figure>\n","protected":false},"excerpt":{"rendered":"<p>NIEDZIELA 7 00 \u015bp. Kalinowska Marianna 9 00 \u015bp. Boles\u0142aw, Julianna, Mieczys\u0142aw i Regina \u0141api\u0144scy, Zdzis\u0142aw Kami\u0144ski 9 00 Pro populo \u2013 za parafian \u2013<\/p>\n","protected":false},"author":1,"featured_media":0,"comment_status":"closed","ping_status":"closed","sticky":false,"template":"","format":"standard","meta":{"footnotes":""},"categories":[6],"tags":[],"class_list":["post-3851","post","type-post","status-publish","format-standard","hentry","category-intencje-mszy-sw"],"_links":{"self":[{"href":"http:\/\/parafialapy-pp.pl\/index.php\/wp-json\/wp\/v2\/posts\/3851","targetHints":{"allow":["GET"]}}],"collection":[{"href":"http:\/\/parafialapy-pp.pl\/index.php\/wp-json\/wp\/v2\/posts"}],"about":[{"href":"http:\/\/parafialapy-pp.pl\/index.php\/wp-json\/wp\/v2\/types\/post"}],"author":[{"embeddable":true,"href":"http:\/\/parafialapy-pp.pl\/index.php\/wp-json\/wp\/v2\/users\/1"}],"replies":[{"embeddable":true,"href":"http:\/\/parafialapy-pp.pl\/index.php\/wp-json\/wp\/v2\/comments?post=3851"}],"version-history":[{"count":1,"href":"http:\/\/parafialapy-pp.pl\/index.php\/wp-json\/wp\/v2\/posts\/3851\/revisions"}],"predecessor-version":[{"id":3853,"href":"http:\/\/parafialapy-pp.pl\/index.php\/wp-json\/wp\/v2\/posts\/3851\/revisions\/3853"}],"wp:attachment":[{"href":"http:\/\/parafialapy-pp.pl\/index.php\/wp-json\/wp\/v2\/media?parent=3851"}],"wp:term":[{"taxonomy":"category","embeddable":true,"href":"http:\/\/parafialapy-pp.pl\/index.php\/wp-json\/wp\/v2\/categories?post=3851"},{"taxonomy":"post_tag","embeddable":true,"href":"http:\/\/parafialapy-pp.pl\/index.php\/wp-json\/wp\/v2\/tags?post=3851"}],"curies":[{"name":"wp","href":"https:\/\/api.w.org\/{rel}","templated":true}]}}