{"id":3854,"date":"2025-10-12T18:52:27","date_gmt":"2025-10-12T18:52:27","guid":{"rendered":"http:\/\/parafialapy-pp.pl\/?p=3854"},"modified":"2025-10-12T18:52:28","modified_gmt":"2025-10-12T18:52:28","slug":"ogloszenia-duszpasterskie-12-pazdziernika-2025r","status":"publish","type":"post","link":"http:\/\/parafialapy-pp.pl\/index.php\/2025\/10\/12\/ogloszenia-duszpasterskie-12-pazdziernika-2025r\/","title":{"rendered":"OG\u0141OSZENIA DUSZPASTERSKIE 12 PA\u0179DZIERNIKA 2025r."},"content":{"rendered":"\n<p>\u25cf Dzi\u015b go\u015bcimy w naszej parafii siostr\u0119 Zygmunt\u0119 Kaszub\u0119&nbsp;ze Zgromadzenia Si\u00f3str Karmelitanek Dzieci\u0105tka Jezus, kt\u00f3ra jako misjonarka pos\u0142uguje w Burundi w Afryce \u015arodkowej.<\/p>\n\n\n\n<p><a><\/a>\u25cf W tym tygodniu w poniedzia\u0142ek 13 pa\u017adziernika ostatnie nabo\u017ce\u0144stwo fatimskie w tym roku, zach\u0119camy gor\u0105co czcicieli Matki Bo\u017cej do udzia\u0142u w r\u00f3\u017ca\u0144cu o godzinie 17<sup>15<\/sup>, a po Mszy je\u017celi pogoda pozwoli w procesji ze \u015bpiewem pie\u015bni maryjnych, ul. 3 Maja; D\u0142ug\u0105; Cmentarn\u0105 i Parafialn\u0105. Na czas procesji we\u017amy ze sob\u0105 lampiony. We wtorek 14 pa\u017adziernika b\u0119dziemy obchodzili Dzie\u0144 Edukacji Narodowej. Wyra\u017amy nasz\u0105 wdzi\u0119czno\u015bci wobec nauczycieli, wychowawc\u00f3w i katechet\u00f3w za trud ich pracy i&nbsp;wysi\u0142ek w\u0142o\u017cony w wychowanie m\u0142odego pokolenia. W czasie nabo\u017ce\u0144stwa r\u00f3\u017ca\u0144cowego b\u0119dziemy modli\u0107 si\u0119 za wszystkich nauczycieli, wychowawc\u00f3w, katechet\u00f3w oraz pracownik\u00f3w o\u015bwiaty. W \u015brod\u0119 15 pa\u017adziernika przypada w kalendarzu liturgicznym wspomnienie \u015awi\u0119tej Teresy od Jezusa, jest to tak\u017ce Dzie\u0144 Dziecka Utraconego, nasz\u0105 modlitw\u0105 b\u0119dziemy wspiera\u0107 wszystkich rodzic\u00f3w, kt\u00f3rzy utracili dzieci jeszcze przed narodzeniem, wypraszaj\u0105c im Bo\u017ce pocieszenie w trudnych chwilach. W czwartek 16 pa\u017adziernika przypada wspomnienie \u015bw. Jadwigi \u015al\u0105skiej, to r\u00f3wnie\u017c kolejna rocznica wyboru Kardyna\u0142a Karola Wojty\u0142y na Stolic\u0119 Piotrow\u0105. Ju\u017c dzisiaj w ramach 25 Dnia Papieskiego, kt\u00f3ry w tym roku przebiega pod has\u0142em \u201e\u015aw. Jan Pawe\u0142 II \u2013 Prorok nadziei\u201d, zbierane s\u0105 do puszek przed ko\u015bcio\u0142em s\u0105 przezna\u00adczone na fundusz stypendialny: \u201eDzie\u0142o Nowego Tysi\u0105c\u00adlecia\u201d. Ofiary te przeznaczone b\u0119d\u0105 na edukacj\u0119 i rozw\u00f3j m\u0142odych, zdolnych ludzi, pochodz\u0105cych z niezamo\u017cnych rodzin mieszkaj\u0105cych na terenie naszej diecezji. Prosimy o zg\u0142aszanie si\u0119 wszyst\u00adkich, kt\u00f3rzy chcieliby uzyska\u0107 takowe stypendium. M\u00f3dlmy si\u0119 r\u00f3wnie\u017c aby przez wstawiennictwo \u015awi\u0119tego Jana Paw\u0142a II, B\u00f3g otoczy\u0142 opiek\u0105 ca\u0142\u0105 nasz\u0105 Ojczyzn\u0119. W pi\u0105tek 17 pa\u017adziernika wspomnienie \u015awi\u0119tego Ignacego Antioche\u0144skiego. W sobot\u0119 18 pa\u017adziernika \u015bwi\u0119to \u015awi\u0119tego \u0141ukasza Ewangelisty, patrona S\u0142u\u017cby Zdrowia. Nasz\u0105 modlitw\u0105 w tym dniu ogarniamy pracownik\u00f3w s\u0142u\u017cby zdrowia i ich ofiarn\u0105 s\u0142u\u017cb\u0119.<\/p>\n\n\n\n<p>\u25cf W tym tygodniu siostra Margita, pos\u0142uguj\u0105ca jako zakrystianka i siostra Terezjanna katechetka obchodz\u0105 sw\u00f3j dzie\u0144 imienin, z tej racji ju\u017c dzisiaj \u017cyczymy siostrom, Bo\u017cego b\u0142ogos\u0142awie\u0144stwa i opieki Matki Naj\u015bwi\u0119tszej i Waszej pos\u0142udze.<\/p>\n\n\n\n<p>\u25cf Najbli\u017csza niedziela 19 pa\u017adziernika, w Ko\u015bciele jest obchodzona jako Niedziela Misyjna. Nasz\u0105 modlitw\u0105 i ofiarami b\u0119dziemy wspiera\u0107 wszystkich pracuj\u0105cych na misjach.<\/p>\n\n\n\n<p>\u25cf W najbli\u017csz\u0105 niedziel\u0119 19 pa\u017adziernika, zapraszamy rodzic\u00f3w m\u0142odzie\u017cy przygotowuj\u0105cej si\u0119 do sakramentu bierzmowania na konferencj\u0119 w ko\u015bciele po Mszy \u015bwi\u0119tej o godzinie 9<sup>00<\/sup>.<\/p>\n\n\n\n<p>\u25cf Przez ca\u0142y pa\u017adziernik z Maryj\u0105 trwamy na modlitwie r\u00f3\u017ca\u0144cowej. Rozwa\u017caj\u0105c tajemnice z&nbsp;\u017cycia Jezusa i Maryi, w r\u00f3\u017ca\u0144cowe dziesi\u0105tki wplatamy wszystkie nasze sprawy osobiste, sprawy naszych rodzin, narodu, Ko\u015bcio\u0142a. Na nabo\u017ce\u0144stwo pa\u017adziernikowe gromadzimy si\u0119 w naszym ko\u015bciele codziennie od poniedzia\u0142ku do pi\u0105tku o godzinie 17<sup>15<\/sup>, w soboty po Mszy wieczornej, a w niedziel\u0119 po Mszy \u015bwi\u0119tej o godzinie 12<sup>00<\/sup>. Tych, kt\u00f3rzy nie mog\u0105 przyby\u0107 na wsp\u00f3ln\u0105 modlitw\u0119 do \u015bwi\u0105tyni, zach\u0119camy do odmawiania r\u00f3\u017ca\u0144ca w domu. Przypominamy tak\u017ce, \u017ce w niedziele i \u015brody odmawiamy tajemnice chwalebne, w poniedzia\u0142ki i soboty \u2013 tajemnice radosne, we wtorki i&nbsp;pi\u0105tki \u2013 bolesne, a w czwartki \u2013 tajemnice \u015bwiat\u0142a.<\/p>\n\n\n\n<p>\u25cf Mo\u017cemy uzyska\u0107 \u0142ask\u0119 odpustu zupe\u0142nego za pobo\u017cne odm\u00f3wienie cz\u0105stki r\u00f3\u017ca\u0144ca \u015bwi\u0119tego w spos\u00f3b ci\u0105g\u0142y, z rozwa\u017caniem tajemnic r\u00f3\u017ca\u0144cowych, w ko\u015bciele, w kaplicy, czy w rodzinie. Oczywi\u015bcie mu\u00adsimy spe\u0142ni\u0107 zwyczajne warunki zyskiwania odpust\u00f3w \u2013 modlitwa w intencjach papie\u017ca, stan \u0142aski u\u015bwi\u0119caj\u0105cej i brak przywi\u0105zania do jakiegokolwiek grzechu.<\/p>\n\n\n\n<p>\u25cf Przypominamy, aby zam\u00f3wione intencje Mszy op\u0142aca\u0107 minimum dwa tygodnie przed terminem odprawiania.<\/p>\n\n\n\n<p>\u25cf W listopadzie szczeg\u00f3lnie pami\u0119tamy w naszych modlitwach o zmar\u0142ych, zadbajmy nie tylko o miejsca gdzie spoczywaj\u0105 ich doczesne szcz\u0105tki, ale nie zapominajmy o ich duszy. Przyjmujemy zg\u0142oszenia na przypominki. Karteczki na Nowenn\u0119 za zmar\u0142ych od przysz\u0142ej niedzieli b\u0119dziemy mogli wyci\u0105\u0107 z ostatniej strony gazetki, i wype\u0142nione z dobrowoln\u0105 ofiar\u0105 przynosimy do zakrystii.<\/p>\n\n\n\n<p>\u25cf Ksi\u0105dz biskup Janusz Stepnowski zaprasza na Uroczyst\u0105 Inauguracj\u0119 100-lecia Diecezji \u0141om\u017cy\u0144skiej w sobot\u0119 25 pa\u017adziernika do Katedry \u0141om\u017cy\u0144skiej. \u015awi\u0119towanie rozpocznie si\u0119 Msz\u0105 \u015bwi\u0119t\u0105 o godzinie 10<sup>00<\/sup> pod przewodnictwem Nuncjusza Apostolskiego w Polsce, Arcybiskupa Antonio Guido Filipazziego. Wsp\u00f3lnie z parafi\u0105 \u015awi\u0119tego Krzy\u017ca organizujemy wyjazd na t\u0119 uroczysto\u015b\u0107. Wi\u0119cej informacji i zapisy w zakrystii.<\/p>\n\n\n\n<p>\u25cf W sobot\u0119 25 pa\u017adziernika w Hodyszewie odb\u0119dzie si\u0119 konferencja pod tytu\u0142em \u201eBiblia o finansach\u201d wi\u0119cej informacji na plakacie.<\/p>\n\n\n\n<p>\u25cf Mamy tak\u0105 informacj\u0119, je\u017celi chodzi o toalety kt\u00f3re s\u0105 przy ko\u015bciele, s\u0105 one otwierane tylko na niedziel\u0119. Je\u017celi osoby starsze lub dzieci b\u0119d\u0105c w ko\u015bciele chc\u0105 skorzysta\u0107 z toalety w ci\u0105gu tygodni, to jest taka mo\u017cliwo\u015b\u0107 skorzystania z toalety w zakrystii.<\/p>\n\n\n\n<p>\u25cf Dzi\u0119kujemy wszystkim za modlitw\u0119 i ofiary sk\u0142adane na potrzeby parafii, za te sk\u0142adane na coniedzieln\u0105 tac\u0119, ofiary indywidualne, sk\u0142adane przez ofiaromat, wp\u0142aty na konto bankowe czy w postaci marmurowych tabliczek. Dzi\u0119kujemyza z\u0142o\u017cone dzi\u015b ofiary. W przysz\u0142\u0105 niedziel\u0119 ofiary sk\u0142adane na tac\u0119 s\u0105 przeznaczone b\u0119d\u0105 na misje. Wszystkim ofiarodawcom sk\u0142adamy ju\u017c teraz serdeczne B\u00f3g zap\u0142a\u0107.<\/p>\n\n\n\n<p>\u25cf Poszukujemy kogo\u015b do pracy w kuchni.<\/p>\n\n\n\n<p>\u25cf W minionym tygodniu przez Sakrament Chrztu \u015bwi\u0119tego do wsp\u00f3lnoty Ko\u015bcio\u0142a zosta\u0142a w\u0142\u0105czona w naszej parafii: Hanna Grodzka \u2013 niech zawsze b\u0119dzie blisko Pana Jezusa.<\/p>\n\n\n\n<p>\u25cf W ostatnim czasie odeszli do wieczno\u015bci z naszej wsp\u00f3lnoty parafialnej: \u015bp. Henryk \u0141api\u0144ski lat 75; \u015bp. Tadeusz Wi\u0119cko lat 79 i \u015bp. Henryka Brzuszewska lat 91\u2013 wieczny odpoczynek racz im da\u0107 Panie, a \u015bwiat\u0142o\u015b\u0107 wiekuista niechaj im \u015bwieci, niech odpoczywaj\u0105 w pokoju wiecznym amen.<\/p>\n\n\n\n<p>\u25cf Wszystkim jubilatom i solenizantom tego tygodnia \u017cyczymy wytrwa\u0142o\u015bci w modlitwie oraz ufnego kierowania si\u0119 Bo\u017cym s\u0142owem na wszystkich drogach codzienno\u015bci.<\/p>\n\n\n\n<p><strong>W tym tygodniu patronuj\u0105 nam:<\/strong><\/p>\n\n\n\n<p>\u2013 w poniedzia\u0142ek 13 pa\u017adziernika \u2013 B\u0142ogos\u0142awiony Honorat Ko\u017ami\u0144ski (1829-1916), kapucyn, kt\u00f3ry powo\u0142a\u0142 do \u017cycia wiele bezhabitowych zgromadze\u0144 zakonnych, przewa\u017cnie \u017ce\u0144skich<\/p>\n\n\n\n<p>\u2013 w \u015brod\u0119 15 pa\u017adziernika \u2013 \u015awi\u0119ta Teresa od Jezusa (1515-1582), dziewica, zakonnica i&nbsp;doktor Ko\u015bcio\u0142a, kt\u00f3ra zreformowa\u0142a zakon karmelita\u0144ski; by\u0142a wielk\u0105 mistyczk\u0105<\/p>\n\n\n\n<p>\u2013 w czwartek 16 pa\u017adziernika \u2013 \u015awi\u0119ta Jadwiga \u015al\u0105ska (1174 lub 1179-1243), \u017cona Henryka I Brodatego, ksi\u0119cia Wroc\u0142awia, kt\u00f3ra po jego \u015bmierci wst\u0105pi\u0142a do klasztoru cysterek w&nbsp;Trzebnicy, gdzie zas\u0142yn\u0119\u0142a z pobo\u017cno\u015bci i czyn\u00f3w mi\u0142osierdzia<\/p>\n\n\n\n<h4 class=\"wp-block-heading\">\u2013 w pi\u0105tek 17 pa\u017adziernika \u2013 \u015awi\u0119ty Ignacy Antioche\u0144ski (\u2020ok. 117), biskup i m\u0119czennik, ucze\u0144 \u015awi\u0119tego&nbsp;Jana Ewangelisty i nast\u0119pca \u015awi\u0119tego Piotra na stolicy biskupiej w Antiochii (Syria); w czasie prze\u015bladowa\u0144 za cesarza Trajana zosta\u0142 uwi\u0119ziony i skazany na \u015bmier\u0107; jest jednym z pierwszych ojc\u00f3w Ko\u015bcio\u0142a<\/h4>\n\n\n\n<h4 class=\"wp-block-heading\">\u2013 w sobot\u0119 18 pa\u017adziernika \u2013 \u015awi\u0119ty \u0141ukasz, wsp\u00f3\u0142pracownik \u015awi\u0119tego Paw\u0142a, autor Ewangelii i Dziej\u00f3w Apostolskich, patron s\u0142u\u017cby zdrowia;<\/h4>\n","protected":false},"excerpt":{"rendered":"<p>\u25cf Dzi\u015b go\u015bcimy w naszej parafii siostr\u0119 Zygmunt\u0119 Kaszub\u0119&nbsp;ze Zgromadzenia Si\u00f3str Karmelitanek Dzieci\u0105tka Jezus, kt\u00f3ra jako misjonarka pos\u0142uguje w Burundi w Afryce \u015arodkowej. \u25cf W<\/p>\n","protected":false},"author":1,"featured_media":3855,"comment_status":"closed","ping_status":"closed","sticky":false,"template":"","format":"standard","meta":{"footnotes":""},"categories":[3],"tags":[],"class_list":["post-3854","post","type-post","status-publish","format-standard","has-post-thumbnail","hentry","category-ogloszenia"],"_links":{"self":[{"href":"http:\/\/parafialapy-pp.pl\/index.php\/wp-json\/wp\/v2\/posts\/3854","targetHints":{"allow":["GET"]}}],"collection":[{"href":"http:\/\/parafialapy-pp.pl\/index.php\/wp-json\/wp\/v2\/posts"}],"about":[{"href":"http:\/\/parafialapy-pp.pl\/index.php\/wp-json\/wp\/v2\/types\/post"}],"author":[{"embeddable":true,"href":"http:\/\/parafialapy-pp.pl\/index.php\/wp-json\/wp\/v2\/users\/1"}],"replies":[{"embeddable":true,"href":"http:\/\/parafialapy-pp.pl\/index.php\/wp-json\/wp\/v2\/comments?post=3854"}],"version-history":[{"count":1,"href":"http:\/\/parafialapy-pp.pl\/index.php\/wp-json\/wp\/v2\/posts\/3854\/revisions"}],"predecessor-version":[{"id":3856,"href":"http:\/\/parafialapy-pp.pl\/index.php\/wp-json\/wp\/v2\/posts\/3854\/revisions\/3856"}],"wp:featuredmedia":[{"embeddable":true,"href":"http:\/\/parafialapy-pp.pl\/index.php\/wp-json\/wp\/v2\/media\/3855"}],"wp:attachment":[{"href":"http:\/\/parafialapy-pp.pl\/index.php\/wp-json\/wp\/v2\/media?parent=3854"}],"wp:term":[{"taxonomy":"category","embeddable":true,"href":"http:\/\/parafialapy-pp.pl\/index.php\/wp-json\/wp\/v2\/categories?post=3854"},{"taxonomy":"post_tag","embeddable":true,"href":"http:\/\/parafialapy-pp.pl\/index.php\/wp-json\/wp\/v2\/tags?post=3854"}],"curies":[{"name":"wp","href":"https:\/\/api.w.org\/{rel}","templated":true}]}}