{"id":3857,"date":"2025-10-18T17:50:22","date_gmt":"2025-10-18T17:50:22","guid":{"rendered":"http:\/\/parafialapy-pp.pl\/?p=3857"},"modified":"2025-10-18T17:50:22","modified_gmt":"2025-10-18T17:50:22","slug":"komunikat-biskupa-lomzynskiego-w-sprawie-uroczystosci-100-lecia-diecezji-lomzynskiej","status":"publish","type":"post","link":"http:\/\/parafialapy-pp.pl\/index.php\/2025\/10\/18\/komunikat-biskupa-lomzynskiego-w-sprawie-uroczystosci-100-lecia-diecezji-lomzynskiej\/","title":{"rendered":"Komunikat Biskupa \u0141om\u017cy\u0144skiego w sprawie uroczysto\u015bci 100-lecia Diecezji \u0141om\u017cy\u0144skiej"},"content":{"rendered":"\n<figure class=\"wp-block-image size-large\"><a href=\"http:\/\/parafialapy-pp.pl\/wp-content\/uploads\/2025\/10\/Komunikat-Biskupa-na-19.10.2025-r.jpg\"><img loading=\"lazy\" decoding=\"async\" width=\"725\" height=\"1024\" src=\"http:\/\/parafialapy-pp.pl\/wp-content\/uploads\/2025\/10\/Komunikat-Biskupa-na-19.10.2025-r-725x1024.jpg\" alt=\"\" class=\"wp-image-3858\" srcset=\"http:\/\/parafialapy-pp.pl\/wp-content\/uploads\/2025\/10\/Komunikat-Biskupa-na-19.10.2025-r-725x1024.jpg 725w, http:\/\/parafialapy-pp.pl\/wp-content\/uploads\/2025\/10\/Komunikat-Biskupa-na-19.10.2025-r-212x300.jpg 212w, http:\/\/parafialapy-pp.pl\/wp-content\/uploads\/2025\/10\/Komunikat-Biskupa-na-19.10.2025-r-768x1085.jpg 768w, http:\/\/parafialapy-pp.pl\/wp-content\/uploads\/2025\/10\/Komunikat-Biskupa-na-19.10.2025-r.jpg 826w\" sizes=\"auto, (max-width: 725px) 100vw, 725px\" \/><\/a><\/figure>\n","protected":false},"excerpt":{"rendered":"","protected":false},"author":1,"featured_media":3859,"comment_status":"closed","ping_status":"closed","sticky":false,"template":"","format":"standard","meta":{"footnotes":""},"categories":[1],"tags":[],"class_list":["post-3857","post","type-post","status-publish","format-standard","has-post-thumbnail","hentry","category-informacja"],"_links":{"self":[{"href":"http:\/\/parafialapy-pp.pl\/index.php\/wp-json\/wp\/v2\/posts\/3857","targetHints":{"allow":["GET"]}}],"collection":[{"href":"http:\/\/parafialapy-pp.pl\/index.php\/wp-json\/wp\/v2\/posts"}],"about":[{"href":"http:\/\/parafialapy-pp.pl\/index.php\/wp-json\/wp\/v2\/types\/post"}],"author":[{"embeddable":true,"href":"http:\/\/parafialapy-pp.pl\/index.php\/wp-json\/wp\/v2\/users\/1"}],"replies":[{"embeddable":true,"href":"http:\/\/parafialapy-pp.pl\/index.php\/wp-json\/wp\/v2\/comments?post=3857"}],"version-history":[{"count":1,"href":"http:\/\/parafialapy-pp.pl\/index.php\/wp-json\/wp\/v2\/posts\/3857\/revisions"}],"predecessor-version":[{"id":3861,"href":"http:\/\/parafialapy-pp.pl\/index.php\/wp-json\/wp\/v2\/posts\/3857\/revisions\/3861"}],"wp:featuredmedia":[{"embeddable":true,"href":"http:\/\/parafialapy-pp.pl\/index.php\/wp-json\/wp\/v2\/media\/3859"}],"wp:attachment":[{"href":"http:\/\/parafialapy-pp.pl\/index.php\/wp-json\/wp\/v2\/media?parent=3857"}],"wp:term":[{"taxonomy":"category","embeddable":true,"href":"http:\/\/parafialapy-pp.pl\/index.php\/wp-json\/wp\/v2\/categories?post=3857"},{"taxonomy":"post_tag","embeddable":true,"href":"http:\/\/parafialapy-pp.pl\/index.php\/wp-json\/wp\/v2\/tags?post=3857"}],"curies":[{"name":"wp","href":"https:\/\/api.w.org\/{rel}","templated":true}]}}