{"id":3862,"date":"2025-10-18T19:01:42","date_gmt":"2025-10-18T19:01:42","guid":{"rendered":"http:\/\/parafialapy-pp.pl\/?p=3862"},"modified":"2025-10-18T19:01:42","modified_gmt":"2025-10-18T19:01:42","slug":"intencje-mszy-swietych-19-26-x-25-r","status":"publish","type":"post","link":"http:\/\/parafialapy-pp.pl\/index.php\/2025\/10\/18\/intencje-mszy-swietych-19-26-x-25-r\/","title":{"rendered":"INTENCJE MSZY \u015aWI\u0118TYCH: 19 \u2013 26 X 25 r."},"content":{"rendered":"\n<figure class=\"wp-block-table\"><table><tbody><tr><td><br><\/td><td>NIEDZIELA<\/td><\/tr><tr><td><em><strong>7<sup> 00<\/sup><\/strong><\/em><\/td><td>\u015bp. Remigiusz Manista i zmarli z rodziny Manist\u00f3w w 5 rocznic\u0119 \u015bmierci Remigiusza<\/td><\/tr><tr><td><em><strong>9<sup> 00<\/sup><\/strong><\/em><\/td><td>\u015bp. Stefania i Adam Porowscy<\/td><\/tr><tr><td><em><strong>9<sup> 00<\/sup><\/strong><\/em><\/td><td><a><\/a> Pro populo \u2013 za parafian <strong>\u2013 odprawiona w innym terminie<\/strong><\/td><\/tr><tr><td><em><strong>10<sup> 30<\/sup><\/strong><\/em><\/td><td>\u015bp. Eugeniusz Tokarzewski <strong>\u2013 gregorianka<\/strong><\/td><\/tr><tr><td><em><strong>10<sup> 30<\/sup><\/strong><\/em><\/td><td>O Bo\u017ce b\u0142ogos\u0142awie\u0144stwo dary Ducha \u015awi\u0119tego i opiek\u0119 Matki Bo\u017cej dla Jadwigi<\/td><\/tr><tr><td><em><strong>12<sup> 00<\/sup><\/strong><\/em><\/td><td>\u015bp. Kamil Falkowski<\/td><\/tr><tr><td><em><strong>16<sup> 00<\/sup><\/strong><\/em><\/td><td>Dzi\u0119kczynna z pro\u015bb\u0105 o b\u0142ogos\u0142awie\u0144stwo Bo\u017ce opiek\u0119 Matki Bo\u017cej i zdrowie w dalszym \u017cyciu dla Krystyny \u0141upi\u0144skiej<\/td><\/tr><tr><td><em><strong>18<sup> 00<\/sup><\/strong><\/em><\/td><td>\u015bp. Sylwester \u0141api\u0144ski oraz zmarli rodzice Jadwiga i Eugeniusz oraz brat S\u0142awomir w 10 rocznic\u0119 \u015bmierci Sylwestra<\/td><\/tr><tr><td><br><\/td><td>PONIEDZIA\u0141EK<\/td><\/tr><tr><td><em><strong>6<sup> 30<\/sup><\/strong><\/em><\/td><td>Za zmar\u0142ych z rodziny Zieli\u0144skich i Rysi\u00f3w<\/td><\/tr><tr><td><em><strong>7<sup>00<\/sup><\/strong><\/em><\/td><td>Za zmar\u0142ych z rodziny Krasowskich Perkowskich i Roszkowskich<\/td><\/tr><tr><td><em><strong>7<sup>00<\/sup><\/strong><\/em><\/td><td>\u015bp. Halina \u0141api\u0144ska \u2013 intencja od uczestnik\u00f3w pogrzebu<\/td><\/tr><tr><td><em><strong>18<sup> 00<\/sup><\/strong><\/em><\/td><td>\u015bp. Eugeniusz Tokarzewski <strong>\u2013 gregorianka<\/strong><\/td><\/tr><tr><td><em><strong>18<sup> 00<\/sup><\/strong><\/em><\/td><td>\u015bp. Henryk Grodzki<\/td><\/tr><tr><td><br><\/td><td>WTOREK<\/td><\/tr><tr><td><em><strong>6<sup> 30<\/sup><\/strong><\/em><\/td><td>\u015bp. Alicja Ku\u0107mierowski \u2013 intencja od pracownik\u00f3w sali bankietowej ,,Gracja\u201d<\/td><\/tr><tr><td><em><strong>7<sup>00<\/sup><\/strong><\/em><\/td><td>\u015bp. Eugeniusz Tokarzewski <strong>\u2013 gregorianka<\/strong><\/td><\/tr><tr><td><em><strong>18<sup> 00<\/sup><\/strong><\/em><\/td><td>\u015bp. Tadeusz Markowski \u2013 22 rocznica \u015bmierci<\/td><\/tr><tr><td><em><strong>18<sup> 00<\/sup><\/strong><\/em><\/td><td>\u015bp. Krystian \u2013 intencja od R\u00f3\u017cy R\u00f3\u017ca\u0144cowej Dziadk\u00f3w modl\u0105cych si\u0119 za wnuki pw. \u015aw. siostry Faustyny<\/td><\/tr><tr><td><br><\/td><td>\u015aRODA<\/td><\/tr><tr><td><em><strong>6<sup> 30<\/sup><\/strong><\/em><\/td><td>\u015bp. Tadeusz Perkowski \u2013 4 rocznica \u015bmierci<\/td><\/tr><tr><td><em><strong>7<sup> 00<\/sup><\/strong><\/em><\/td><td>\u015bp. Teresa \u0141api\u0144ska \u2013 intencja od uczestnik\u00f3w pogrzebu<\/td><\/tr><tr><td><em><strong>7<sup> 00<\/sup><\/strong><\/em><\/td><td>\u015bp. Teresa Podg\u00f3rska \u2013 intencja od uczestnik\u00f3w pogrzebu<\/td><\/tr><tr><td><em><strong>18<sup> 00<\/sup><\/strong><\/em><\/td><td>\u015bp. Eugeniusz Tokarzewski <strong>\u2013 gregorianka<\/strong><\/td><\/tr><tr><td><em><strong>18<sup> 00<\/sup><\/strong><\/em><\/td><td>Dzi\u0119kczynna za 75 lat \u017cycia z pro\u015bb\u0105 o Bo\u017ce b\u0142ogos\u0142awie\u0144stwo, zdrowie, o uzdrowienie duszy i cia\u0142a, i opiek\u0119 matki Bo\u017cej na dalsze lata dla Teresy<\/td><\/tr><tr><td><br><\/td><td>CZWARTEK<\/td><\/tr><tr><td><em><strong>6<sup> 30<\/sup><\/strong><\/em><\/td><td>\u015bp. Jan i Maria Grochowscy zm. z rodziny Grochowskich i Misiewicz\u00f3w<\/td><\/tr><tr><td><em><strong>7<sup> 00<\/sup><\/strong><\/em><\/td><td>\u015bp. Henryk \u0141upi\u0144ski<\/td><\/tr><tr><td><em><strong>18<sup> 00<\/sup><\/strong><\/em><\/td><td>\u015bp. Eugeniusz Tokarzewski <strong>\u2013 gregorianka<\/strong><\/td><\/tr><tr><td><em><strong>18<sup> 00<\/sup><\/strong><\/em><\/td><td>\u015bp. Stanis\u0142aw Choi\u0144ski \u2013 39 rocznica \u015bmierci<\/td><\/tr><tr><td><br><\/td><td>PI\u0104TEK<\/td><\/tr><tr><td><em><strong>6<sup> 30<\/sup><\/strong><\/em><\/td><td>\u015bp. Wies\u0142aw Borowski \u2013 12 rocznica \u015bmierci<\/td><\/tr><tr><td><em><strong>7<sup> 00<\/sup><\/strong><\/em><\/td><td>\u015bp. Eugeniusz Tokarzewski <strong>\u2013 gregorianka<\/strong><\/td><\/tr><tr><td><em><strong>18<sup>00<\/sup><\/strong><\/em><\/td><td>\u015bp. Jan i Jadwiga Tarasiuk i ich zmar\u0142ych rodzic\u00f3w<\/td><\/tr><tr><td><em><strong>18<sup> 00<\/sup><\/strong><\/em><\/td><td>\u015bp. Janina Eugeniusz P\u0142o\u0144scy<\/td><\/tr><tr><td><br><\/td><td>SOBOTA<\/td><\/tr><tr><td><em><strong>6<sup> 30<\/sup><\/strong><\/em><\/td><td>\u015bp. Eugeniusz Tokarzewski <strong>\u2013 gregorianka<\/strong><\/td><\/tr><tr><td><em><strong>7<sup> 00<\/sup><\/strong><\/em><\/td><td>\u015bp. Krystyna Perkowska \u2013 1 rocznica \u015bmierci<\/td><\/tr><tr><td><em><strong>18<sup> 00<\/sup><\/strong><\/em><\/td><td>\u015bp. Eugenia \u0141ukaszuk \u2013 8 rocznica \u015bmierci<\/td><\/tr><tr><td><em><strong>18<sup> 00<\/sup><\/strong><\/em><\/td><td>\u015bp. Ryszard, Ewa, Lucyna i Jan<\/td><\/tr><tr><td><br><\/td><td>NIEDZIELA<\/td><\/tr><tr><td><em><strong>7<sup> 00<\/sup><\/strong><\/em><\/td><td>Pro populo<\/td><\/tr><tr><td><em><strong>9<sup> 00<\/sup><\/strong><\/em><\/td><td>\u015bp. Eugeniusz Tokarzewski <strong>\u2013 gregorianka<\/strong><\/td><\/tr><tr><td><em><strong>9<sup> 00<\/sup><\/strong><\/em><\/td><td>O Bo\u017ce b\u0142ogos\u0142awie\u0144stwo dla Barbary i S\u0142awomira \u0141upi\u0144skich &#8211; rezerwacja<\/td><\/tr><tr><td><em><strong>10<sup> 30<\/sup><\/strong><\/em><\/td><td>\u015bp. Jadwiga i Stanis\u0142aw Kluj<\/td><\/tr><tr><td><em><strong>10<sup> 30<\/sup><\/strong><\/em><\/td><td>O Bo\u017ce w B\u0142ogos\u0142awie\u0144stwo, opiek\u0119 Matki Bo\u017cej i potrzebne \u0142aski dla Bogdana i Danuty w 50 rocznic\u0119 \u015blubu<\/td><\/tr><tr><td><em><strong>12<sup> 00<\/sup><\/strong><\/em><\/td><td>\u015bp. Jan Dworakowski i jego zmarli rodzice w 6 rocznic\u0119 \u015bmierci Jana<\/td><\/tr><tr><td><em><strong>16<sup> 00<\/sup><\/strong><\/em><\/td><td>O Bo\u017ce b\u0142ogos\u0142awie\u0144stwo opiek\u0119 Matki Bo\u017cej potrzebne \u0142aski zdrowie dla Izabeli z okazji 50 urodzin<\/td><\/tr><tr><td><em><strong>18<sup> 00<\/sup><\/strong><\/em><\/td><td><a><\/a> \u015bp. Marianna Tadeusz Marianna Jerzy i Marek \u015awier\u017cewscy<\/td><\/tr><\/tbody><\/table><\/figure>\n","protected":false},"excerpt":{"rendered":"<p>NIEDZIELA 7 00 \u015bp. Remigiusz Manista i zmarli z rodziny Manist\u00f3w w 5 rocznic\u0119 \u015bmierci Remigiusza 9 00 \u015bp. Stefania i Adam Porowscy 9 00<\/p>\n","protected":false},"author":1,"featured_media":0,"comment_status":"closed","ping_status":"closed","sticky":false,"template":"","format":"standard","meta":{"footnotes":""},"categories":[6],"tags":[],"class_list":["post-3862","post","type-post","status-publish","format-standard","hentry","category-intencje-mszy-sw"],"_links":{"self":[{"href":"http:\/\/parafialapy-pp.pl\/index.php\/wp-json\/wp\/v2\/posts\/3862","targetHints":{"allow":["GET"]}}],"collection":[{"href":"http:\/\/parafialapy-pp.pl\/index.php\/wp-json\/wp\/v2\/posts"}],"about":[{"href":"http:\/\/parafialapy-pp.pl\/index.php\/wp-json\/wp\/v2\/types\/post"}],"author":[{"embeddable":true,"href":"http:\/\/parafialapy-pp.pl\/index.php\/wp-json\/wp\/v2\/users\/1"}],"replies":[{"embeddable":true,"href":"http:\/\/parafialapy-pp.pl\/index.php\/wp-json\/wp\/v2\/comments?post=3862"}],"version-history":[{"count":1,"href":"http:\/\/parafialapy-pp.pl\/index.php\/wp-json\/wp\/v2\/posts\/3862\/revisions"}],"predecessor-version":[{"id":3863,"href":"http:\/\/parafialapy-pp.pl\/index.php\/wp-json\/wp\/v2\/posts\/3862\/revisions\/3863"}],"wp:attachment":[{"href":"http:\/\/parafialapy-pp.pl\/index.php\/wp-json\/wp\/v2\/media?parent=3862"}],"wp:term":[{"taxonomy":"category","embeddable":true,"href":"http:\/\/parafialapy-pp.pl\/index.php\/wp-json\/wp\/v2\/categories?post=3862"},{"taxonomy":"post_tag","embeddable":true,"href":"http:\/\/parafialapy-pp.pl\/index.php\/wp-json\/wp\/v2\/tags?post=3862"}],"curies":[{"name":"wp","href":"https:\/\/api.w.org\/{rel}","templated":true}]}}