{"id":3864,"date":"2025-10-18T19:05:07","date_gmt":"2025-10-18T19:05:07","guid":{"rendered":"http:\/\/parafialapy-pp.pl\/?p=3864"},"modified":"2025-10-18T19:07:32","modified_gmt":"2025-10-18T19:07:32","slug":"ogloszenia-duszpasterskie-19-pazdziernika-2025r","status":"publish","type":"post","link":"http:\/\/parafialapy-pp.pl\/index.php\/2025\/10\/18\/ogloszenia-duszpasterskie-19-pazdziernika-2025r\/","title":{"rendered":"OG\u0141OSZENIA DUSZPASTERSKIE 19 PA\u0179DZIERNIKA 2025r."},"content":{"rendered":"\n<p>\u25cf Dzisiejsza niedziela w ca\u0142ym Ko\u015bciele po\u015bwi\u0119cona jest sprawie misji. Rozpoczyna si\u0119 99 Tydzie\u0144 Misyjny, kt\u00f3ry b\u0119dzie przebiega\u0142 pod has\u0142em: &nbsp;\u201eMisjonarze nadziei\u201d. Modlimy si\u0119 w intencji misji i misjonarzy zakonnych i \u015bwieckich. Prosimy Boga, aby mogli oni skutecznie wype\u0142nia\u0107 swoje powo\u0142anie i nie\u015b\u0107 Ewangeli\u0119 ludom i&nbsp;narodom, kt\u00f3re wiar\u0119 zagubi\u0142y albo dot\u0105d Boga nie pozna\u0142y. To stosowny czas, aby\u015bmy przypomnieli sobie, \u017ce do istoty \u017cycia Ko\u015bcio\u0142a nale\u017cy powo\u0142anie misyjne. \u015awiatowy Dzie\u0144 Misyjny u\u015bwiadamia nam te\u017c, jak bardzo Ko\u015bci\u00f3\u0142 jest r\u00f3\u017cnorodny, a przez to rzeczywi\u015bcie powszechny. To mozaika kultur, ras, j\u0119zyk\u00f3w i zwyczaj\u00f3w. Wielkie dzie\u0142o misyjne wspieramy na r\u00f3\u017cne sposoby, dzisiaj tak\u017ce sk\u0142adaj\u0105c ofiary na Papieskie Dzie\u0142a Misyjne. Ka\u017cdy chrze\u015bcijanin na mocy sakramentu chrztu powo\u0142any jest do bezpo\u015bredniego zaanga\u017cowania si\u0119 na rzecz g\u0142oszenia Ewangelii. Pami\u0119tamy, \u017ce nieustannie mamy by\u0107 \u015bwiat\u0142em dla ca\u0142ej ludzko\u015bci w pielgrzymce wiary. Za ka\u017cdy gest dobroci wobec misjonarzy sk\u0142adamy serdeczne B\u00f3g zap\u0142a\u0107!<\/p>\n\n\n\n<p>\u25cf Dzisiaj przypada r\u00f3wnie\u017c Narodowy Dzie\u0144 Pami\u0119ci Duchownych Niez\u0142omnych. Zosta\u0142 ustanowiony przez Sejm Rzeczypospolitej Polskiej w 2018 roku. Dzie\u0144 ten ma by\u0107 wyrazem ho\u0142du dla kap\u0142an\u00f3w i innych os\u00f3b duchownych, kt\u00f3re swoj\u0105 postaw\u0105 da\u0142y \u015bwiadectwo m\u0119stwa i patriotyzmu, a niejednokrotnie przela\u0142y te\u017c krew w obronie naszej Ojczyzny.<\/p>\n\n\n\n<p>\u25cf W \u015brod\u0119 przypada liturgiczne wspomnienie \u015awi\u0119tego Jana Paw\u0142a II, a tak\u017ce 77 rocznica \u015bmierci Czcigodnego S\u0142ugi Bo\u017cego kard. Augusta Hlonda, Prymasa Polski w latach 1926-1948. Jego wielk\u0105 trosk\u0105 by\u0142 nar\u00f3d i Ko\u015bci\u00f3\u0142 nie tylko w&nbsp;Ojczy\u017anie, ale tak\u017ce rodacy na emigracji. Aby na wychod\u017astwie nie gin\u0119\u0142y polskie dusze, powo\u0142a\u0142 specjalne zgromadzenie zakonne: Towarzystwo Chrystusowe dla Polonii Zagranicznej. Przez wstawiennictwo Czcigodnego S\u0142ugi Bo\u017cego b\u0119dziemy prosi\u0107 Boga, aby i&nbsp;dzi\u015b Polacy poszukuj\u0105cych lepszego bytu za granic\u0105 nie zapominali o wierze ojc\u00f3w i&nbsp;o&nbsp;w\u0142asnej Ojczy\u017anie. Po ka\u017cdej Mszy \u015bwi\u0119tej b\u0119dziemy mogli uca\u0142owa\u0107 relikwie \u015awi\u0119tego Jana Paw\u0142a II.<\/p>\n\n\n\n<p>\u25cf Trwa miesi\u0105c modlitwy r\u00f3\u017ca\u0144cowej. Zapraszamy codziennie do \u015bwi\u0105tyni na nabo\u017ce\u0144stwo r\u00f3\u017ca\u0144cowe. W naszym ko\u015bciele r\u00f3\u017caniec od poniedzia\u0142ku do pi\u0105tku o godzinie 17<sup>15<\/sup>, w soboty po Mszy wieczornej w niedziel\u0119 po Mszy \u015bwi\u0119tej o godzinie 12<sup>00<\/sup>. Tych, kt\u00f3rzy z r\u00f3\u017cnych wzgl\u0119d\u00f3w nie mog\u0105 przyby\u0107 na wsp\u00f3ln\u0105 modlitw\u0119, zach\u0119camy do odmawiania r\u00f3\u017ca\u0144ca w domu.<\/p>\n\n\n\n<p>\u25cf Mo\u017cemy uzyska\u0107 \u0142ask\u0119 odpustu zupe\u0142nego za pobo\u017cne odm\u00f3wienie cz\u0105stki r\u00f3\u017ca\u0144ca \u015bwi\u0119tego w spos\u00f3b ci\u0105g\u0142y, z rozwa\u017caniem tajemnic r\u00f3\u017ca\u0144cowych, w ko\u015bciele, w kaplicy, czy w rodzinie. Oczywi\u015bcie mu\u00adsimy spe\u0142ni\u0107 zwyczajne warunki zyskiwania odpust\u00f3w \u2013 modlitwa w intencjach papie\u017ca, stan \u0142aski u\u015bwi\u0119caj\u0105cej i brak przywi\u0105zania do jakiegokolwiek grzechu.<\/p>\n\n\n\n<p>\u25cf Zbli\u017ca si\u0119 listopad \u2013 miesi\u0105c modlitw za zmar\u0142ych, zadbajmy nie tylko o miejsca gdzie spoczywaj\u0105 ich doczesne szcz\u0105tki, ale nie zapominajmy o ich duszy. Przyjmujemy zg\u0142oszenia na przypominki. Karteczki na Nowenn\u0119 za zmar\u0142ych mo\u017cemy wyci\u0105\u0107 z ostatniej strony gazetki, i wype\u0142nione z dobrowoln\u0105 ofiar\u0105 przynosimy do zakrystii. Je\u017celi kto\u015b chce po\u015bwi\u0119ci\u0107 pomnik, to prosimy o zg\u0142oszenie tego do zakrystii.<\/p>\n\n\n\n<p>\u25cf Ju\u017c dzisiaj zapraszamy dzieci na Bal Wszystkich \u015awi\u0119tych. Zabaw\u0119 rozpoczniemy 30 pa\u017adziernika Eucharysti\u0105 o godzinie 18<sup>00<\/sup>. Po Mszy przejdziemy do sali \u015bw. J\u00f3zefa.&nbsp;Prosimy aby dzieci przebra\u0142y si\u0119 za postacie \u015bwi\u0119tych.<\/p>\n\n\n\n<p>\u25cf W przysz\u0142ym tygodniu w nocy z soboty na niedziel\u0119 nast\u0119puje zmiana czasu z letniego na zimowy. Wskaz\u00f3wki zegara cofamy o jedn\u0105 godzin\u0119.<\/p>\n\n\n\n<p>\u25cf Ksi\u0105dz biskup Janusz Stepnowski zaprasza na Uroczyst\u0105 Inauguracj\u0119 100-lecia Diecezji \u0141om\u017cy\u0144skiej w najbli\u017csz\u0105 sobot\u0119 25 pa\u017adziernika do Katedry \u0141om\u017cy\u0144skiej. \u015awi\u0119towanie rozpocznie si\u0119 Msz\u0105 \u015bwi\u0119t\u0105 o godzinie 10<sup>00<\/sup> pod przewodnictwem Nuncjusza Apostolskiego w Polsce, Arcybiskupa Antonio Guido Filipazziego. Wsp\u00f3lnie z parafi\u0105 \u015awi\u0119tego Krzy\u017ca organizujemy wyjazd na t\u0119 uroczysto\u015b\u0107. Wi\u0119cej informacji i zapisy w zakrystii.<\/p>\n\n\n\n<p>\u25cf Przypominamy, aby zam\u00f3wione intencje Mszy op\u0142aca\u0107 minimum dwa tygodnie przed terminem odprawiania.<\/p>\n\n\n\n<p>\u25cf Dzi\u0119kujemy wszystkim za modlitw\u0119 i ofiary sk\u0142adane na potrzeby parafii, za te sk\u0142adane na coniedzieln\u0105 tac\u0119, ofiary indywidualne, przez ofiaromat, na konto bankowe czy w postaci marmurowych tabliczek. Ofiary sk\u0142adane na tac\u0119 w przysz\u0142\u0105 niedziel\u0119 s\u0105 przeznaczone na prace remontowe przy naszej \u015bwi\u0105tyni. poszukujemy kogo\u015b do pracy w kuchni.<\/p>\n\n\n\n<p>\u25cf W ostatnim czasie odeszli do wieczno\u015bci z naszej wsp\u00f3lnoty parafialnej: \u015bp. Jerzy Bazarski lat 75; \u015bp. Witold Bogumi\u0142 Jankowski lat 68 i \u015bp. Jadwiga Borzymowska lat 77 \u2013 wieczny odpoczynek racz im da\u0107 Panie, a \u015bwiat\u0142o\u015b\u0107 wiekuista niechaj im \u015bwieci, niech odpoczywaj\u0105 w pokoju wiecznym amen.<\/p>\n\n\n\n<p>\u25cf Wszystkim jubilatom i solenizantom najbli\u017cszego tygodnia \u017cyczymy obfito\u015bci Bo\u017cych dar\u00f3w oraz szczeg\u00f3lnej opieki Matki Zbawiciela.<\/p>\n\n\n\n<p><strong>W TYM TYGODNIU PATRONUJ\u0104 NAM:<\/strong><\/p>\n\n\n\n<p>\u2013 w poniedzia\u0142ek, 20 pa\u017adziernika \u2013 \u015awi\u0119ty Jan Kanty (1390-1473), prezbiter, wyk\u0142adowca teologii i&nbsp;filozofii, cz\u0142owiek wielkiego mi\u0142osierdzia wobec ubogich<\/p>\n\n\n\n<p>\u2013 w \u015brod\u0119, 22 pa\u017adziernika \u2013 \u015awi\u0119ty Jan Pawe\u0142 II (1920-2005), papie\u017c, wielki czciciel Matki Chrystusa<\/p>\n","protected":false},"excerpt":{"rendered":"<p>\u25cf Dzisiejsza niedziela w ca\u0142ym Ko\u015bciele po\u015bwi\u0119cona jest sprawie misji. Rozpoczyna si\u0119 99 Tydzie\u0144 Misyjny, kt\u00f3ry b\u0119dzie przebiega\u0142 pod has\u0142em: &nbsp;\u201eMisjonarze nadziei\u201d. Modlimy si\u0119 w<\/p>\n","protected":false},"author":1,"featured_media":3865,"comment_status":"closed","ping_status":"closed","sticky":false,"template":"","format":"standard","meta":{"footnotes":""},"categories":[3],"tags":[],"class_list":["post-3864","post","type-post","status-publish","format-standard","has-post-thumbnail","hentry","category-ogloszenia"],"_links":{"self":[{"href":"http:\/\/parafialapy-pp.pl\/index.php\/wp-json\/wp\/v2\/posts\/3864","targetHints":{"allow":["GET"]}}],"collection":[{"href":"http:\/\/parafialapy-pp.pl\/index.php\/wp-json\/wp\/v2\/posts"}],"about":[{"href":"http:\/\/parafialapy-pp.pl\/index.php\/wp-json\/wp\/v2\/types\/post"}],"author":[{"embeddable":true,"href":"http:\/\/parafialapy-pp.pl\/index.php\/wp-json\/wp\/v2\/users\/1"}],"replies":[{"embeddable":true,"href":"http:\/\/parafialapy-pp.pl\/index.php\/wp-json\/wp\/v2\/comments?post=3864"}],"version-history":[{"count":1,"href":"http:\/\/parafialapy-pp.pl\/index.php\/wp-json\/wp\/v2\/posts\/3864\/revisions"}],"predecessor-version":[{"id":3866,"href":"http:\/\/parafialapy-pp.pl\/index.php\/wp-json\/wp\/v2\/posts\/3864\/revisions\/3866"}],"wp:featuredmedia":[{"embeddable":true,"href":"http:\/\/parafialapy-pp.pl\/index.php\/wp-json\/wp\/v2\/media\/3865"}],"wp:attachment":[{"href":"http:\/\/parafialapy-pp.pl\/index.php\/wp-json\/wp\/v2\/media?parent=3864"}],"wp:term":[{"taxonomy":"category","embeddable":true,"href":"http:\/\/parafialapy-pp.pl\/index.php\/wp-json\/wp\/v2\/categories?post=3864"},{"taxonomy":"post_tag","embeddable":true,"href":"http:\/\/parafialapy-pp.pl\/index.php\/wp-json\/wp\/v2\/tags?post=3864"}],"curies":[{"name":"wp","href":"https:\/\/api.w.org\/{rel}","templated":true}]}}