{"id":3922,"date":"2025-12-06T19:04:40","date_gmt":"2025-12-06T19:04:40","guid":{"rendered":"http:\/\/parafialapy-pp.pl\/?p=3922"},"modified":"2025-12-06T19:04:40","modified_gmt":"2025-12-06T19:04:40","slug":"intencje-mszy-swietych-7-14-xii-25-r","status":"publish","type":"post","link":"http:\/\/parafialapy-pp.pl\/index.php\/2025\/12\/06\/intencje-mszy-swietych-7-14-xii-25-r\/","title":{"rendered":"INTENCJE MSZY \u015aWI\u0118TYCH: 7 \u2013 14 XII 25 r."},"content":{"rendered":"\n<figure class=\"wp-block-table\"><table><tbody><tr><td><br><\/td><td>NIEDZIELA<\/td><\/tr><tr><td><em><strong>7<sup> 00<\/sup><\/strong><\/em><\/td><td>Pro populo<\/td><\/tr><tr><td><em><strong>9<sup> 00<\/sup><\/strong><\/em><\/td><td>\u015bp. Piotr Faltyn \u2013 19 rocznica \u015bmierci<\/td><\/tr><tr><td><em><strong>9<sup> 00<\/sup><\/strong><\/em><\/td><td>\u015bp. Teresa \u0141api\u0144ska \u2013 4 rocznica \u015bmierci<\/td><\/tr><tr><td><em><strong>9<sup> 00<\/sup><\/strong><\/em><\/td><td>\u015bp. Czes\u0142awa Klim <strong>\u2013 poza parafi\u0105<\/strong><\/td><\/tr><tr><td><em><strong>10<sup> 30<\/sup><\/strong><\/em><\/td><td>\u015bp. Stanis\u0142aw oraz jego zmarli rodzice i zmarli z rodziny \u0141api\u0144skich w 17 rocznic\u0119 \u015bmierci Stanis\u0142awa<\/td><\/tr><tr><td><em><strong>12<sup> 00<\/sup><\/strong><\/em><\/td><td>\u015bp. Zofia \u2013 2 rocznica \u015bmierci, Jan, Chryzostom i Halina<\/td><\/tr><tr><td><em><strong>16<sup> 00<\/sup><\/strong><\/em><\/td><td>\u015bp. Olimpia i Mieczys\u0142aw Zaniewscy i zmarli z rodziny Zaniewskich<\/td><\/tr><tr><td><em><strong>18<sup> 00<\/sup><\/strong><\/em><\/td><td>\u015bp. Czes\u0142aw Owczarczuk \u2013 26 rocznic\u0119 \u015bmierci<\/td><\/tr><tr><td><br><\/td><td>PONIEDZIA\u0141EK<\/td><\/tr><tr><td><em><strong>6<sup> 30<\/sup><\/strong><\/em><\/td><td>\u015bp. Kazimierz Kami\u0144ski \u2013 4 rocznica \u015bmierci<\/td><\/tr><tr><td><em><strong>9<sup> 00<\/sup><\/strong><\/em><\/td><td>Za dusze w czy\u015b\u0107cu cierpi\u0105ce<\/td><\/tr><tr><td><em><strong>11<sup> 00<\/sup><\/strong><\/em><\/td><td>\u015bp. Eugeniusz \u0141api\u0144ski i zmarli z rodziny Kwiatkowskich i \u0141api\u0144skich w 9 rocznic\u0119 \u015bmierci Eugeniusza<\/td><\/tr><tr><td><em><strong>16<sup> 00<\/sup><\/strong><\/em><\/td><td>O zdrowie i Bo\u017ce b\u0142ogos\u0142awie\u0144stwo dla Adama i Marzeny w dniu urodzin<\/td><\/tr><tr><td><em><strong>18<sup> 00<\/sup><\/strong><\/em><\/td><td>\u015bp. Maria i Eugeniusz Gierautowscy oraz zmarli z rodziny Porowskich i Mierzwi\u0144skich<\/td><\/tr><tr><td><br><\/td><td>WTOREK<\/td><\/tr><tr><td><em><strong>6<sup> 30<\/sup><\/strong><\/em><\/td><td>\u015bp. Teresa Roszkowska \u2013 intencja od Kr\u0119gu \u015bw. Moniki<\/td><\/tr><tr><td><em><strong>6<sup> 30<\/sup><\/strong><\/em><\/td><td>\u015bp. Wojciech Nowacki \u2013 intencja od matki Chrzestnej<\/td><\/tr><tr><td><em><strong>18<sup> 00<\/sup><\/strong><\/em><\/td><td>\u015bp. J\u00f3zef \u0141api\u0144ski \u2013 5 rocznica \u015bmierci<\/td><\/tr><tr><td><em><strong>18<sup> 00<\/sup><\/strong><\/em><\/td><td>\u015bp. Alina \u0141upi\u0144ska \u2013 23 rocznica \u015bmierci<\/td><\/tr><tr><td><br><\/td><td>\u015aRODA<\/td><\/tr><tr><td><em><strong>6<sup> 30<\/sup><\/strong><\/em><\/td><td>\u015bp. Wojciech Nowacki<\/td><\/tr><tr><td><em><strong>6<sup> 30<\/sup><\/strong><\/em><\/td><td>\u015bp. Weronika Klejer \u2013 intencja od uczestnik\u00f3w pogrzebu<\/td><\/tr><tr><td><em><strong>6<sup> 30<\/sup><\/strong><\/em><\/td><td>O zdrowie i Bo\u017ce b\u0142ogos\u0142awie\u0144stwo Bo\u017ce dla Teresy \u0141api\u0144skiej z okazji 80 urodzin<\/td><\/tr><tr><td><em><strong>18<sup> 00<\/sup><\/strong><\/em><\/td><td>\u015bp. Adrian Pietraszewski \u2013 10 rocznica \u015bmierci<\/td><\/tr><tr><td><em><strong>18<sup> 00<\/sup><\/strong><\/em><\/td><td>\u015bp. Krzysztof \u0141api\u0144ski intencja od dzieci Pauliny, Emilii i Damiana<\/td><\/tr><tr><td><br><\/td><td>CZWARTEK<\/td><\/tr><tr><td><em><strong>6<sup> 30<\/sup><\/strong><\/em><\/td><td><a><\/a> \u015bp. Tadeusz Skorupski<\/td><\/tr><tr><td><em><strong>6<sup> 30<\/sup><\/strong><\/em><\/td><td>\u015bp. Wojciech Nowacki \u2013 intencja od rodziny Le\u015bniak\u00f3w<\/td><\/tr><tr><td><em><strong>18<sup> 00<\/sup><\/strong><\/em><\/td><td>\u015bp. Krzysztof Kami\u0144ski \u2013 5 rocznica \u015bmierci<\/td><\/tr><tr><td><em><strong>18<sup> 00<\/sup><\/strong><\/em><\/td><td>\u015bp. Jadwiga Brzozowska \u2013 4 rocznica \u015bmierci<\/td><\/tr><tr><td><br><\/td><td>PI\u0104TEK<\/td><\/tr><tr><td><em><strong>6<sup> 30<\/sup><\/strong><\/em><\/td><td>\u015bp. Jadwiga Perkowska \u2013 intencja od wnuczki Marty<\/td><\/tr><tr><td><em><strong>6<sup> 30<\/sup><\/strong><\/em><\/td><td>Dzi\u0119kczynna z pro\u015bb\u0105 o zdrowie i Bo\u017ce b\u0142ogos\u0142awie\u0144stwo dla Miros\u0142awy<\/td><\/tr><tr><td><em><strong>18<sup> 00<\/sup><\/strong><\/em><\/td><td>\u015bp. Krystyna Roszkowska \u2013 intencja od s\u0105siad\u00f3w<\/td><\/tr><tr><td><em><strong>18<sup> 00<\/sup><\/strong><\/em><\/td><td>\u015bp. Henryk \u0141upi\u0144ski<\/td><\/tr><tr><td><br><\/td><td>SOBOTA<\/td><\/tr><tr><td><em><strong>6<sup> 30<\/sup><\/strong><\/em><\/td><td>\u015bp. Wies\u0142awa Sadowska<\/td><\/tr><tr><td><em><strong>6<sup> 30<\/sup><\/strong><\/em><\/td><td>\u015bp. Krzysztof Niemyjski \u2013 intencja od uczestnik\u00f3w pogrzebu<\/td><\/tr><tr><td><em><strong>6<sup> 30<\/sup><\/strong><\/em><\/td><td>\u015bp. Zygmunt \u0141api\u0144ski \u2013 intencja od uczestnik\u00f3w pogrzebu<\/td><\/tr><tr><td><em><strong>18<sup> 00<\/sup><\/strong><\/em><\/td><td>\u015bp. Wiktor Brzosko \u2013 intencja od pracownik\u00f3w Urz\u0119du Miejskiego w \u0141apach<\/td><\/tr><tr><td><em><strong>18<sup>00<\/sup><\/strong><\/em><\/td><td>W intencji wszystkich \u017cyj\u0105cych i zmar\u0142ych pracownik\u00f3w ZNTK \u0141apy i ich rodzin, oraz w intencji ofiar \u201estanu wojennego\u201d<\/td><\/tr><tr><td><em><strong>18<sup> 00<\/sup><\/strong><\/em><\/td><td>\u015bp. Czes\u0142aw \u0141upi\u0144ski \u2013 1 rocznica \u015bmierci<\/td><\/tr><tr><td><br><\/td><td>NIEDZIELA<\/td><\/tr><tr><td><em><strong>7<sup> 00<\/sup><\/strong><\/em><\/td><td>\u015bp. Irena Zarzecka i zmar\u0142ych z rodzin Zarzeckich i Grabowskich<\/td><\/tr><tr><td><em><strong>9<sup> 00<\/sup><\/strong><\/em><\/td><td>Pro populo<\/td><\/tr><tr><td><em><strong>9<sup> 00<\/sup><\/strong><\/em><\/td><td>\u015bp. Franciszek Stefania Waldemar Iwona Krystyna Wanda Raczy\u0144skich<\/td><\/tr><tr><td><em><strong>10<sup> 30<\/sup><\/strong><\/em><\/td><td>\u015bp. Jan \u0141api\u0144ski \u2013 16 rocznica \u015bmierci<\/td><\/tr><tr><td><em><strong>12<sup> 00<\/sup><\/strong><\/em><\/td><td>O b\u0142ogos\u0142awie\u0144stwo Bo\u017ce i potrzebne \u0142aski dla Bartosza w dniu 25 urodzin <strong>\u2013 poza parafi\u0105<\/strong><\/td><\/tr><tr><td><em><strong>12<sup> 00<\/sup><\/strong><\/em><\/td><td>\u015bp. Helena i Czes\u0142aw D\u0105browscy w 4 rocznic\u0119 \u015bmierci Czes\u0142awa<\/td><\/tr><tr><td><em><strong>16<sup> 00<\/sup><\/strong><\/em><\/td><td>\u015bp. Jan Brzozowski<\/td><\/tr><tr><td><em><strong>18<sup> 00<\/sup><\/strong><\/em><\/td><td><a><\/a> Dzi\u0119kczynne za otrzymane \u0141aski Bo\u017ce z pro\u015bb\u0105 o Bo\u017ce b\u0142ogos\u0142awie\u0144stwo opiek\u0119 matki Naj\u015bwi\u0119tszej i anio\u0142\u00f3w Str\u00f3\u017c\u00f3w zdrowie dla Anny i Macieja Sowa oraz ich c\u00f3rki z okazji dwudziestej rocznicy sakramentu ma\u0142\u017ce\u0144stwa<\/td><\/tr><\/tbody><\/table><\/figure>\n","protected":false},"excerpt":{"rendered":"<p>NIEDZIELA 7 00 Pro populo 9 00 \u015bp. Piotr Faltyn \u2013 19 rocznica \u015bmierci 9 00 \u015bp. Teresa \u0141api\u0144ska \u2013 4 rocznica \u015bmierci 9 00<\/p>\n","protected":false},"author":1,"featured_media":0,"comment_status":"closed","ping_status":"closed","sticky":false,"template":"","format":"standard","meta":{"footnotes":""},"categories":[6],"tags":[],"class_list":["post-3922","post","type-post","status-publish","format-standard","hentry","category-intencje-mszy-sw"],"_links":{"self":[{"href":"http:\/\/parafialapy-pp.pl\/index.php\/wp-json\/wp\/v2\/posts\/3922","targetHints":{"allow":["GET"]}}],"collection":[{"href":"http:\/\/parafialapy-pp.pl\/index.php\/wp-json\/wp\/v2\/posts"}],"about":[{"href":"http:\/\/parafialapy-pp.pl\/index.php\/wp-json\/wp\/v2\/types\/post"}],"author":[{"embeddable":true,"href":"http:\/\/parafialapy-pp.pl\/index.php\/wp-json\/wp\/v2\/users\/1"}],"replies":[{"embeddable":true,"href":"http:\/\/parafialapy-pp.pl\/index.php\/wp-json\/wp\/v2\/comments?post=3922"}],"version-history":[{"count":1,"href":"http:\/\/parafialapy-pp.pl\/index.php\/wp-json\/wp\/v2\/posts\/3922\/revisions"}],"predecessor-version":[{"id":3923,"href":"http:\/\/parafialapy-pp.pl\/index.php\/wp-json\/wp\/v2\/posts\/3922\/revisions\/3923"}],"wp:attachment":[{"href":"http:\/\/parafialapy-pp.pl\/index.php\/wp-json\/wp\/v2\/media?parent=3922"}],"wp:term":[{"taxonomy":"category","embeddable":true,"href":"http:\/\/parafialapy-pp.pl\/index.php\/wp-json\/wp\/v2\/categories?post=3922"},{"taxonomy":"post_tag","embeddable":true,"href":"http:\/\/parafialapy-pp.pl\/index.php\/wp-json\/wp\/v2\/tags?post=3922"}],"curies":[{"name":"wp","href":"https:\/\/api.w.org\/{rel}","templated":true}]}}