{"id":3925,"date":"2025-12-06T19:40:53","date_gmt":"2025-12-06T19:40:53","guid":{"rendered":"http:\/\/parafialapy-pp.pl\/?p=3925"},"modified":"2025-12-06T19:43:18","modified_gmt":"2025-12-06T19:43:18","slug":"ogloszenia-duszpasterskie-7-grudnia-2025r","status":"publish","type":"post","link":"http:\/\/parafialapy-pp.pl\/index.php\/2025\/12\/06\/ogloszenia-duszpasterskie-7-grudnia-2025r\/","title":{"rendered":"OG\u0141OSZENIA DUSZPASTERSKIE 7 GRUDNIA 2025r."},"content":{"rendered":"\n<p>\u25cf Dzi\u015b druga niedziela Adwentu, pierwsza niedziela miesi\u0105ca grudnia. Trwamy w radosnym czasie oczekiwania na spotkanie z&nbsp;Panem. Dzisiejsza niedziela jest jednocze\u015bnie szczeg\u00f3lnym \u2013 ju\u017c dwudziestym sz\u00f3stym z&nbsp;kolei \u2013 Dniem Modlitwy i Pomocy Materialnej Ko\u015bcio\u0142owi na Wschodzie. Do puszek przed ko\u015bcio\u0142em sk\u0142adamy ofiary na pomoc Ko\u015bcio\u0142owi w by\u0142ych krajach Zwi\u0105zku Sowieckiego.<\/p>\n\n\n\n<p>\u25cf Jutro przypada Uroczysto\u015b\u0107 Niepokalanego Pocz\u0119cia Naj\u015bwi\u0119tszej Maryi Panny. W tej uroczysto\u015bci Ko\u015bci\u00f3\u0142 upami\u0119tnia tajemnic\u0119 Maryi, kt\u00f3ra jako jedyna z ludzi zosta\u0142a pocz\u0119ta bez zmazy grzechu pierworodnego. Ta prawda wiary towarzyszy Ko\u015bcio\u0142o\u00adwi od samego pocz\u0105tku. Dzisiaj jej wyrazem jest tak\u017ce \u015bpiew Godzinek o Niepokalanym Pocz\u0119ciu Naj\u015bwi\u0119t\u00adszej Maryi Panny. Godzina \u0141aski w tym szczeg\u00f3lnym dniu rozpocznie si\u0119 Msz\u0105 \u015bwi\u0119t\u0105 o 11<sup>00<\/sup>, po Eucharystii b\u0119dzie wy\u00adstawienie Naj\u015bwi\u0119tszego Sakramentu i adoracja do godziny 13<sup>00<\/sup>.<\/p>\n\n\n\n<p>\u25cf W tych dniach wspominamy bolesne do\u015bwiadczenia z naszej najnowszej historii (13&nbsp;grudnia 1981 roku wprowadzono stan wojenny, a 16 grudnia tego roku dokonano pacyfikacji kopalni \u201eWujek\u201d na \u015al\u0105sku). \u015awi\u0119ty Jan Pawe\u0142 II ci\u0105gle przypomina\u0142: [\u2026]&nbsp;ogromna jest cena, jak\u0105 zap\u0142aci\u0142 nar\u00f3d polski za niepodleg\u0142o\u015b\u0107, za prawo do istnienia jako pa\u0144stwo. Przechowujmy w sercach t\u0119 \u015bwiadomo\u015b\u0107 i niech ona stanie si\u0119 zach\u0119t\u0105 do g\u0142\u0119bokiej refleksji o Polsce, nad tym, jak\u0105 by\u0142a, jak\u0105 jest i jak\u0105 powinna by\u0107\u201d. M\u00f3dlmy si\u0119 za wszystkie ofiary tego trudnego czasu naszej historii oraz o Bo\u017ce b\u0142ogos\u0142awie\u0144stwo i pok\u00f3j dla naszej Oj\u00adczyzny.<\/p>\n\n\n\n<p>\u25cf W tym r\u00f3wnie\u017c dniu przypada 44 rocznica po\u015bwi\u0119cenia Krzy\u017ca i Sztandaru Solidarno\u015b\u0107 by\u0142ych Zak\u0142ad\u00f3w Naprawy Taboru Kolejowego w \u0141apach. O godzinie 18<sup>00<\/sup> w naszej \u015bwi\u0105tyni odprawiona zostanie Eucharystia pod przewodnictwem kapelana Zwi\u0105zku Zawodowego \u201eSolidarno\u015b\u0107\u201d na Okr\u0119g \u0141apy i Wysokie Mazowieckie w intencji uproszenia Bo\u017cego b\u0142ogos\u0142awie\u0144stwa dla by\u0142ych i obecnych pracownik\u00f3w Zak\u0142ad\u00f3w Naprawy Taboru Kolejowego i ich rodzin, oraz w wieczny pok\u00f3j w niebie dla wszystkich pracownik\u00f3w kt\u00f3rzy ju\u017c odeszli z tego \u015bwiata oraz w intencji ofiar \u201estanu wojennego\u201d. Serdecznie zapraszamy na t\u0119 Msz\u0119 wszystkich by\u0142ych i obecnych pracownik\u00f3w Zak\u0142ad\u00f3w oraz ich najbli\u017cszych i rodziny.<\/p>\n\n\n\n<p>\u25cf W przysz\u0142\u0105 niedziel\u0119 14 grudnia rozpoczynamy rekolekcje adwentowe, kt\u00f3re b\u0119d\u0105 trwa\u0142y do wtorku 16 grudnia. Rekolekcje poprowadzi Ks. Tomasz Koprianiuk \u2013 Dyrektor Krajowego Biura Organizacyjnego \u015awiatowych Dni M\u0142odzie\u017cy w Polsce. Otoczmy ksi\u0119dza rekolekcjonist\u0119 nasz\u0105 modlitw\u0105 i zaplanujmy sobie te dni tak, aby\u015bmy ka\u017cdego dnia trwania rekolekcji, mogli wzi\u0105\u0107 w nich udzia\u0142 i owocnie skorzystali z tego czasu.<\/p>\n\n\n\n<p>\u25cf Z Maryj\u0105 pod\u0105\u017camy adwentow\u0105 drog\u0105, przygotowuj\u0105c si\u0119 na przyj\u0119cie niezwyk\u0142ego daru \u2013 narodzenia Syna Bo\u017cego \u2013 naszego Odkupiciela, kt\u00f3ry na nowo otwiera nam bramy nieba. Nie zmarnujmy tego daru i w trosce o zbawienie w\u0142asnej duszy ws\u0142uchajmy si\u0119 w to, co podpowiada nam S\u0142u\u017cebnica Pa\u0144ska. Pami\u0119tajmy o Mszy \u015awi\u0119tej roratnej kt\u00f3r\u0105 odprawiamy w naszym ko\u015bciele w dni powszednie po \u015bpiewie Godzinek, kt\u00f3re rozpoczynamy o 6<sup>10<\/sup>. Cieszy nas tak liczny udzia\u0142 dzieci w tych porannych Mszach.<\/p>\n\n\n\n<p>\u25cf Spotkanie rodzic\u00f3w i dzieci przygotowuj\u0105cych si\u0119 do I Komunii \u015bwi\u0119tej odb\u0119dzie si\u0119 w przysz\u0142\u0105 niedziel\u0119 po Mszy \u015bwi\u0119tej o godzinie 12<sup>00<\/sup>.<\/p>\n\n\n\n<p>\u25cf Zapraszamy rodzic\u00f3w m\u0142odzie\u017cy przygotowuj\u0105cej si\u0119 w tym roku do sakramentu Bierzmowania, aby w tym miesi\u0105cu do wys\u0142uchania konferencji podczas tegorocznych rekolekcji adwentowych. Rekolekcje zado\u015b\u0107uczyni\u0105 comiesi\u0119cznej konferencji.<\/p>\n\n\n\n<p>\u25cf Zach\u0119camy tak\u017ce do korzystania ze spowiedzi \u015bwi\u0119tej, kap\u0142ani codziennie pos\u0142uguj\u0105 w konfesjona\u00adle przed Msza \u015awi\u0119t\u0105. Nie odk\u0142adajmy spowiedzi na ostatnie dni Adwentu czy na \u015bwi\u0119ta.<\/p>\n\n\n\n<p>\u25cf W zakrystii mo\u017cemy naby\u0107 \u015bwiece Caritas na st\u00f3\u0142 wigilijny w cenie 20 z\u0142otych. Zosta\u0142o jeszcze kilka egzemplarzy S\u0142owo na ka\u017cdy dzie\u0144 \u2013 Ewangelie na 2026 rok z kr\u00f3tkim komentarzem.<\/p>\n\n\n\n<p>\u25cf Przypominamy i prosimy, aby zam\u00f3wione intencje op\u0142aca\u0107 na minimum dwa tygodnie przed terminem odprawiania. Intencje zam\u00f3wione, a nieop\u0142acone nie b\u0119d\u0105 odprawiane.<\/p>\n\n\n\n<p>\u25cf Dzi\u0119kujemy wszystkim za modlitwy i ofiary sk\u0142a\u00addane na potrzeby naszej parafii, zar\u00f3wno te sk\u0142adane na tac\u0119, indywidualnie, przez ofiaromat oraz wp\u0142ywaj\u0105ce na konto parafii. Darczy\u0144cy sk\u0142adaj\u0105cy ofiary mog\u0105 zosta\u0107 upami\u0119tnieni w postaci nazwisk wyrytych na kamiennych tabliczkach, kt\u00f3re zawieszamy w naszej \u015bwi\u0105tyni . W przysz\u0142\u0105 II niedziel\u0119 miesi\u0105ca, ofiary sk\u0142adane na tac\u0119 s\u0105 przeznaczone na ogrzewanie ko\u015bcio\u0142a, jed\u00adnocze\u015bnie przypominamy \u017ce ko\u015bci\u00f3\u0142 jest ogrzewany i prosimy o zamykanie drzwi wej\u015bciowych do \u015bwi\u0105tyni.<\/p>\n\n\n\n<p>\u25cf Dzi\u0119kujemy wszystkim, kt\u00f3rzy podj\u0119li akcj\u0119 \u201eDAR SERCA\u201d pomagaj\u0105c potrzebuj\u0105cym dzieciom przez ofiarowanie \u015bwi\u0105tecznej paczki \u2013 B\u00f3g zap\u0142a\u0107. Paczki przynosimy do przysz\u0142ej niedzieli.<\/p>\n\n\n\n<p><a><\/a> \u25cf Zach\u0119camy do w\u0142\u0105czenia si\u0119 w pomoc na rehabilitacj\u0119 i sprz\u0119t rehabilitacyjny dla Jasia Ponieckiego w sobot\u0119 13 grudnia \u2013 dok\u0142adne informacje na plakacie.<\/p>\n\n\n\n<p>\u25cf W ostatnim czasie odeszli do wieczno\u015bci z naszej wsp\u00f3lnoty parafialnej: \u015bp. Tadeusz \u0141uniewski lat 73; \u015bp. Tadeusz Perkowski lat 73 i \u015bp. Ireneusz Wr\u00f3blewski lat 59. Zmar\u0142 r\u00f3wnie\u017c w wieku 51 lat, kap\u0142an naszej diecezji ks. Artur Dobrza\u0144ski kt\u00f3ry w latach 2009-2011 by\u0142 wikariuszem w naszej parafii \u2013 wieczny odpoczynek racz im da\u0107 Panie, a \u015bwiat\u0142o\u015b\u0107 wiekuista niechaj im \u015bwieci, niech odpoczywaj\u0105 w pokoju wiecznym amen.<\/p>\n\n\n\n<p>\u25cf Wszystkim solenizantom i jubilatom tego tygodnia \u017cyczymy obfito\u015bci \u0142ask Bo\u017cych i opieki Matki Naj\u00ad\u015bwi\u0119tszej na ka\u017cdy dzie\u0144. Mi\u0142ego i b\u0142ogos\u0142awionego Dnia Pa\u0144skiego oraz ca\u0142ego tygodnia.<\/p>\n\n\n\n<p><strong>W TYM TYGODNIU PATRONUJ\u0104 NAM:<\/strong><\/p>\n\n\n\n<p>\u2013 we wtorek 9 grudnia \u2013 \u015awi\u0119ty Jan Diego Cuauhtlatoatzin (1474-1548), jeden z pierwszych nawr\u00f3conych Aztek\u00f3w, kt\u00f3remu objawi\u0142a si\u0119 Matka Bo\u017ca, pozostawiaj\u0105c sw\u00f3j wizerunek, odbity na jego p\u0142aszczu, znany do dzisiaj jako Matka Bo\u017ca z Guadalupe (liturgiczne wspomnienie Naj\u015bwi\u0119tszej Maryi Panny z Guadalupe przypada 12 grudnia);<\/p>\n\n\n\n<p>\u2013 w czwartek 11 grudnia \u2013 \u015awi\u0119ty Damazy I (ok. 305-384), papie\u017c, obro\u0144ca prymatu nast\u0119pc\u00f3w \u015awi\u0119tego Piotra w Rzymie;<\/p>\n\n\n\n<p>\u2013 w sobot\u0119 13 grudnia \u2013 \u015awi\u0119ta \u0141ucja, dziewica i m\u0119czennica, kt\u00f3ra odda\u0142a \u017cycie w obronie wiary oko\u0142o 304 roku w Syrakuzach na Sycylii, patronka ociemnia\u0142ych.<\/p>\n\n\n\n<p><\/p>\n","protected":false},"excerpt":{"rendered":"<p>\u25cf Dzi\u015b druga niedziela Adwentu, pierwsza niedziela miesi\u0105ca grudnia. Trwamy w radosnym czasie oczekiwania na spotkanie z&nbsp;Panem. Dzisiejsza niedziela jest jednocze\u015bnie szczeg\u00f3lnym \u2013 ju\u017c dwudziestym<\/p>\n","protected":false},"author":1,"featured_media":3926,"comment_status":"closed","ping_status":"closed","sticky":false,"template":"","format":"standard","meta":{"footnotes":""},"categories":[3],"tags":[],"class_list":["post-3925","post","type-post","status-publish","format-standard","has-post-thumbnail","hentry","category-ogloszenia"],"_links":{"self":[{"href":"http:\/\/parafialapy-pp.pl\/index.php\/wp-json\/wp\/v2\/posts\/3925","targetHints":{"allow":["GET"]}}],"collection":[{"href":"http:\/\/parafialapy-pp.pl\/index.php\/wp-json\/wp\/v2\/posts"}],"about":[{"href":"http:\/\/parafialapy-pp.pl\/index.php\/wp-json\/wp\/v2\/types\/post"}],"author":[{"embeddable":true,"href":"http:\/\/parafialapy-pp.pl\/index.php\/wp-json\/wp\/v2\/users\/1"}],"replies":[{"embeddable":true,"href":"http:\/\/parafialapy-pp.pl\/index.php\/wp-json\/wp\/v2\/comments?post=3925"}],"version-history":[{"count":2,"href":"http:\/\/parafialapy-pp.pl\/index.php\/wp-json\/wp\/v2\/posts\/3925\/revisions"}],"predecessor-version":[{"id":3928,"href":"http:\/\/parafialapy-pp.pl\/index.php\/wp-json\/wp\/v2\/posts\/3925\/revisions\/3928"}],"wp:featuredmedia":[{"embeddable":true,"href":"http:\/\/parafialapy-pp.pl\/index.php\/wp-json\/wp\/v2\/media\/3926"}],"wp:attachment":[{"href":"http:\/\/parafialapy-pp.pl\/index.php\/wp-json\/wp\/v2\/media?parent=3925"}],"wp:term":[{"taxonomy":"category","embeddable":true,"href":"http:\/\/parafialapy-pp.pl\/index.php\/wp-json\/wp\/v2\/categories?post=3925"},{"taxonomy":"post_tag","embeddable":true,"href":"http:\/\/parafialapy-pp.pl\/index.php\/wp-json\/wp\/v2\/tags?post=3925"}],"curies":[{"name":"wp","href":"https:\/\/api.w.org\/{rel}","templated":true}]}}