{"id":4003,"date":"2026-03-08T15:13:45","date_gmt":"2026-03-08T15:13:45","guid":{"rendered":"http:\/\/parafialapy-pp.pl\/?p=4003"},"modified":"2026-03-08T15:13:45","modified_gmt":"2026-03-08T15:13:45","slug":"intencje-mszy-swietych-8-15-iii-26-r","status":"publish","type":"post","link":"http:\/\/parafialapy-pp.pl\/index.php\/2026\/03\/08\/intencje-mszy-swietych-8-15-iii-26-r\/","title":{"rendered":"INTENCJE MSZY \u015aWI\u0118TYCH: 8 \u2013 15 III 26 r."},"content":{"rendered":"\n<figure class=\"wp-block-table\"><table><tbody><tr><td><br><\/td><td>NIEDZIELA<\/td><\/tr><tr><td><em><strong>7<\/strong><sup><strong> 00<\/strong><\/sup><\/em><\/td><td>\u015bp. Jan, Piotr, Stanis\u0142aw i Zofia oraz zmarli z rodziny Falkowskich<\/td><\/tr><tr><td><em><strong>9<\/strong><sup><strong> 00<\/strong><\/sup><\/em><\/td><td>Pro populo \u2013 za parafian <strong>\u2013 odprawiona winnym terminie<\/strong><\/td><\/tr><tr><td><em><strong>9<sup> 00<\/sup><\/strong><\/em><\/td><td>\u015bp. Teresa Pawlaczyk<\/td><\/tr><tr><td><em><strong>10<sup> 30<\/sup><\/strong><\/em><\/td><td>\u015bp. Czes\u0142aw P\u0142o\u0144ski<\/td><\/tr><tr><td><em><strong>10<\/strong><sup><strong> 30<\/strong><\/sup><\/em><\/td><td>\u015bp. Krzysztof \u0141api\u0144ski \u2013 intencja od Franciszka i Ireny<\/td><\/tr><tr><td><em><strong>12<\/strong><sup><strong> 00<\/strong><\/sup><\/em><\/td><td>\u015bp. Lubomir i za zmar\u0142ych z rodziny Juchniewicz\u00f3w w 20 rocznic\u0119 \u015bmierci Lubomira<\/td><\/tr><tr><td><em><strong>16<\/strong><sup><strong> 00<\/strong><\/sup><\/em><\/td><td>\u015bp. Eugeniusz G\u00f3recki, Stanis\u0142awa, Roman i Krystyna<\/td><\/tr><tr><td><em><strong>18<\/strong><sup><strong> 00<\/strong><\/sup><\/em><\/td><td>\u015bp. Eugenia Sykut <strong>\u2013 gregoria\u0144ska<\/strong><\/td><\/tr><tr><td><br><\/td><td>PONIEDZIA\u0141EK<\/td><\/tr><tr><td><em><strong>6<sup> 30<\/sup><\/strong><\/em><\/td><td>\u015bp. Miros\u0142awa Ko\u015bnik \u2013 intencja od kole\u017canek, koleg\u00f3w i kierownictwa firmy OLTA<\/td><\/tr><tr><td><em><strong>6<sup> 30<\/sup><\/strong><\/em><\/td><td>O Bo\u017ce b\u0142ogos\u0142awie\u0144stwo dla Zofii z okazji 18 urodzin <strong>\u2013 odprawia ks. poza parafi\u0105<\/strong><\/td><\/tr><tr><td><em><strong>7<sup>00<\/sup><\/strong><\/em><\/td><td>\u015bp. Halina Kartowicz \u2013 intencja od uczestnik\u00f3w pogrzebu<\/td><\/tr><tr><td><em><strong>7<sup>00<\/sup><\/strong><\/em><\/td><td>\u015bp. Krzysztof Niemyjski<\/td><\/tr><tr><td><em><strong>18<sup>00<\/sup><\/strong><\/em><\/td><td>\u015bp. Anna i Zenon Chrzanowscy w 31 rocznic\u0119 \u015bmierci Anny<\/td><\/tr><tr><td><em><strong>18<sup> 00<\/sup><\/strong><\/em><\/td><td>\u015bp. Eugenia Sykut <strong>\u2013 gregoria\u0144ska<\/strong><\/td><\/tr><tr><td><br><\/td><td>WTOREK<\/td><\/tr><tr><td><em><strong>6<sup> 30<\/sup><\/strong><\/em><\/td><td>\u015bp. Jadwiga, Wac\u0142aw i Witold Mierzwi\u0144scy w 25 rocznic\u0119 \u015bmierci Jadwigi<\/td><\/tr><tr><td><em><strong>7<sup> 00<\/sup><\/strong><\/em><\/td><td>\u015bp. Andrzej, Wac\u0142aw i Bronis\u0142awa<\/td><\/tr><tr><td><em><strong>18<sup> 00<\/sup><\/strong><\/em><\/td><td>\u015bp. Eugenia Sykut <strong>\u2013 gregoria\u0144ska<\/strong><\/td><\/tr><tr><td><em><strong>18<sup> 00<\/sup><\/strong><\/em><\/td><td>\u015bp. Zygmunt \u0141api\u0144ski \u2013 intencja od uczestnik\u00f3w pogrzebu<\/td><\/tr><tr><td><br><\/td><td>\u015aRODA<\/td><\/tr><tr><td><em><strong>6<sup> 30<\/sup><\/strong><\/em><\/td><td>\u015bp. Miros\u0142awa Ko\u015bnik &#8211; rezerwacja<\/td><\/tr><tr><td><em><strong>7<sup> 00<\/sup><\/strong><\/em><\/td><td>\u015bp. Halina \u0141api\u0144ska<\/td><\/tr><tr><td><em><strong>7<sup> 00<\/sup><\/strong><\/em><\/td><td>\u015bp. Teresa Jab\u0142onowska \u2013 intencja od uczestnik\u00f3w pogrzebu<\/td><\/tr><tr><td><em><strong>18<sup> 00<\/sup><\/strong><\/em><\/td><td>\u015bp. Eugenia Sykut <strong>\u2013 gregoria\u0144ska<\/strong><\/td><\/tr><tr><td><em><strong>18<sup> 00<\/sup><\/strong><\/em><\/td><td>\u015bp. Stanis\u0142awa, Marianna i Stanis\u0142aw oraz zmarli z rodziny Bia\u0142ych<\/td><\/tr><tr><td><br><\/td><td>CZWARTEK<\/td><\/tr><tr><td><em><strong>6<sup> 30<\/sup><\/strong><\/em><\/td><td>\u015bp. Bo\u017cena Olszewska<\/td><\/tr><tr><td><em><strong>7<sup>00<\/sup><\/strong><\/em><\/td><td>\u015bp. Krzysztof Niemyjski \u2013 intencja od rodziny Niemyjskich<\/td><\/tr><tr><td><em><strong>18<sup> 00<\/sup><\/strong><\/em><\/td><td>\u015bp. Leszek D\u0105browski \u2013 4 rocznica \u015bmierci<\/td><\/tr><tr><td><em><strong>18<sup> 00<\/sup><\/strong><\/em><\/td><td>\u015bp. Eugenia Sykut <strong>\u2013 gregoria\u0144ska<\/strong><\/td><\/tr><tr><td><br><\/td><td>PI\u0104TEK<\/td><\/tr><tr><td><em><strong>6<sup> 30<\/sup><\/strong><\/em><\/td><td>\u015bp. Leokadia i Jan G\u0142owaccy<\/td><\/tr><tr><td><em><strong>7<sup>00<\/sup><\/strong><\/em><\/td><td>\u015bp. Franciszek, Aniela i za zmar\u0142ych z rodziny \u0141api\u0144skich<\/td><\/tr><tr><td><em><strong>7<sup> 00<\/sup><\/strong><\/em><\/td><td>\u015bp. Eugenia Sykut <strong>\u2013 gregoria\u0144ska<\/strong><\/td><\/tr><tr><td><em><strong>18<sup>00<\/sup><\/strong><\/em><\/td><td>\u015bp. J\u00f3zef Ruszczy\u0144ski i za zmar\u0142ych rodzic\u00f3w w 15 rocznic\u0119 \u015bmierci J\u00f3zefa<\/td><\/tr><tr><td><em><strong>18<sup> 00<\/sup><\/strong><\/em><\/td><td>\u015bp. Wac\u0142aw i za zmar\u0142ych z rodziny Fronc\u00f3w w 7 rocznica \u015bmierci Wac\u0142awa<\/td><\/tr><tr><td><br><\/td><td>SOBOTA<\/td><\/tr><tr><td><em><strong>6<sup> 30<\/sup><\/strong><\/em><\/td><td>\u015bp. Helena i Franciszek Ambro\u017cyk<\/td><\/tr><tr><td><em><strong>7<sup> 00<\/sup><\/strong><\/em><\/td><td>\u015bp. \u0141ucja i Mieczys\u0142aw Brzozowscy<\/td><\/tr><tr><td><em><strong>7<sup> 00<\/sup><\/strong><\/em><\/td><td>\u015bp. Bo\u017cena Staniszewska \u2013 intencja od uczestnik\u00f3w pogrzebu<\/td><\/tr><tr><td><em><strong>18<sup> 00<\/sup><\/strong><\/em><\/td><td>\u015bp. Stanis\u0142aw Brzozowski, Marianna, Aleksander w 16 rocznic\u0119 \u015bmierci Stanis\u0142awa<\/td><\/tr><tr><td><em><strong>18<sup> 00<\/sup><\/strong><\/em><\/td><td>\u015bp. Eugenia Sykut <strong>\u2013 gregoria\u0144ska<\/strong><\/td><\/tr><tr><td><br><\/td><td>NIEDZIELA<\/td><\/tr><tr><td><em><strong>7<sup> 00<\/sup><\/strong><\/em><\/td><td>\u015bp. Halina Sielewi\u0144ska \u2013 3 rocznica \u015bmierci<\/td><\/tr><tr><td><em><strong>9<sup> 00<\/sup><\/strong><\/em><\/td><td>\u015bp. Teresa \u0141api\u0144ska \u2013 intencja od uczestnik\u00f3w pogrzebu<\/td><\/tr><tr><td><em><strong>9<sup> 00<\/sup><\/strong><\/em><\/td><td>Pro populo \u2013 za parafian<\/td><\/tr><tr><td><em><strong>10<sup> 30<\/sup><\/strong><\/em><\/td><td>\u015bp. Teresa Bogusz \u2013 7 rocznica \u015bmierci<\/td><\/tr><tr><td><em><strong>12<sup> 00<\/sup><\/strong><\/em><\/td><td>\u015bp. Magdalena Jab\u0142o\u0144ska, Piotr, Emilia Franciszek<\/td><\/tr><tr><td><em><strong>16<sup> 00<\/sup><\/strong><\/em><\/td><td>\u015bp. Michalina i Stanis\u0142aw \u015awier\u017cewscy<\/td><\/tr><tr><td><em><strong>18<sup> 00<\/sup><\/strong><\/em><\/td><td><a><\/a><a><\/a> \u015bp. Eugenia Sykut <strong>\u2013 gregoria\u0144ska<\/strong><\/td><\/tr><\/tbody><\/table><\/figure>\n","protected":false},"excerpt":{"rendered":"<p>NIEDZIELA 7 00 \u015bp. Jan, Piotr, Stanis\u0142aw i Zofia oraz zmarli z rodziny Falkowskich 9 00 Pro populo \u2013 za parafian \u2013 odprawiona winnym terminie<\/p>\n","protected":false},"author":1,"featured_media":0,"comment_status":"closed","ping_status":"closed","sticky":false,"template":"","format":"standard","meta":{"footnotes":""},"categories":[6],"tags":[],"class_list":["post-4003","post","type-post","status-publish","format-standard","hentry","category-intencje-mszy-sw"],"_links":{"self":[{"href":"http:\/\/parafialapy-pp.pl\/index.php\/wp-json\/wp\/v2\/posts\/4003","targetHints":{"allow":["GET"]}}],"collection":[{"href":"http:\/\/parafialapy-pp.pl\/index.php\/wp-json\/wp\/v2\/posts"}],"about":[{"href":"http:\/\/parafialapy-pp.pl\/index.php\/wp-json\/wp\/v2\/types\/post"}],"author":[{"embeddable":true,"href":"http:\/\/parafialapy-pp.pl\/index.php\/wp-json\/wp\/v2\/users\/1"}],"replies":[{"embeddable":true,"href":"http:\/\/parafialapy-pp.pl\/index.php\/wp-json\/wp\/v2\/comments?post=4003"}],"version-history":[{"count":1,"href":"http:\/\/parafialapy-pp.pl\/index.php\/wp-json\/wp\/v2\/posts\/4003\/revisions"}],"predecessor-version":[{"id":4004,"href":"http:\/\/parafialapy-pp.pl\/index.php\/wp-json\/wp\/v2\/posts\/4003\/revisions\/4004"}],"wp:attachment":[{"href":"http:\/\/parafialapy-pp.pl\/index.php\/wp-json\/wp\/v2\/media?parent=4003"}],"wp:term":[{"taxonomy":"category","embeddable":true,"href":"http:\/\/parafialapy-pp.pl\/index.php\/wp-json\/wp\/v2\/categories?post=4003"},{"taxonomy":"post_tag","embeddable":true,"href":"http:\/\/parafialapy-pp.pl\/index.php\/wp-json\/wp\/v2\/tags?post=4003"}],"curies":[{"name":"wp","href":"https:\/\/api.w.org\/{rel}","templated":true}]}}