{"id":4005,"date":"2026-03-08T15:20:08","date_gmt":"2026-03-08T15:20:08","guid":{"rendered":"http:\/\/parafialapy-pp.pl\/?p=4005"},"modified":"2026-03-08T15:20:09","modified_gmt":"2026-03-08T15:20:09","slug":"ogloszenia-duszpasterskie-8-marca-2026r","status":"publish","type":"post","link":"http:\/\/parafialapy-pp.pl\/index.php\/2026\/03\/08\/ogloszenia-duszpasterskie-8-marca-2026r\/","title":{"rendered":"OG\u0141OSZENIA DUSZPASTERSKIE 8 MARCA 2026r."},"content":{"rendered":"\n<p>\u25cf Dzisiaj 8 marca, obchodzimy Dzie\u0144 Kobiet! Cho\u0107 to \u015bwiecka uroczysto\u015b\u0107, pami\u0119tajmy w&nbsp;modlitwach o wszystkich kobietach, zw\u0142aszcza o tych najbardziej utrudzonych matkach wielodzietnych rodzin, o samotnych pannach i wdowach, o kobietach poni\u017canych i&nbsp;prze\u015bladowanych w wielu cz\u0119\u015bciach \u015bwiata. Wszak kobiety wype\u0142niaj\u0105 szczeg\u00f3ln\u0105 rol\u0119 w&nbsp;\u015bwiecie, w Ko\u015bciele i rodzinie. Polecajmy ich trud i \u017cycie Panu Bogu i Maryi, kt\u00f3ra jest najpi\u0119kniejszym wzorem \u017cony i matki.<\/p>\n\n\n\n<p>\u25cf Dobiegamy ju\u017c po\u0142owy tegorocznego czasu pokuty i nawr\u00f3cenia \u2013 dzisiaj trzecia niedziela Wielkiego Postu! Baczniej przyjrzyjmy si\u0119 wi\u0119c w tym \u015bwi\u0119tym czasie, jakie owoce wiary wydajemy w codzienno\u015bci. Czy w og\u00f3le nasza wiara przynosi jakiekolwiek owoce? Je\u015bli nie, to jest to dobry czas, aby si\u0119 zmieni\u0107, aby powr\u00f3ci\u0107 do pocz\u0105tku naszej wiary \u2013 do chrztu \u015bwi\u0119tego i przypomnie\u0107 sobie, \u017ce woda chrztu obmy\u0142a nas z grzechu pierworodnego, uczyni\u0142a nas dzie\u0107mi Bo\u017cymi i w\u0142\u0105czy\u0142a do wsp\u00f3lnoty Ko\u015bcio\u0142a. Ale te przywileje poci\u0105gaj\u0105 te\u017c za sob\u0105 obowi\u0105zek dbania o zaszczepion\u0105 w naszych sercach wiar\u0119, rozwijania jej i pog\u0142\u0119biania oraz dzielenia si\u0119 ni\u0105 z innymi. Obecnie trwaj\u0105cy rok duszpasterski ci\u0105gle nam przypomina, \u017ce jeste\u015bmy uczniami Chrystusa i Jego misjonarzami we wsp\u00f3\u0142czesnym \u015bwiecie.<\/p>\n\n\n\n<p>\u25cf Mog\u0105 nam w tym pom\u00f3c wielkopostne pasyjne nabo\u017ce\u0144stwa, do udzia\u0142u w kt\u00f3rych bardzo serdecznie zach\u0119cam:<\/p>\n\n\n\n<p>Droga krzy\u017cowa \u2013 w pi\u0105tek o godzinie 17<sup>15<\/sup>; Gorzkie \u017cale z kazaniem pasyjnym \u2013 w niedziel\u0119 o godzinie 17<sup>30<\/sup>.<\/p>\n\n\n\n<p>\u25cf Zar\u00f3wno do odprawiania tych nabo\u017ce\u0144stw, jak i do pobo\u017cnego odm\u00f3wienia w pi\u0105tki Wielkiego Postu przed wizerunkiem Ukrzy\u017cowanego modlitwy: \u201eOto ja, dobry i najs\u0142odszy Jezu\u201d, przypisana jest mo\u017cliwo\u015b\u0107 uzyskania odpustu zupe\u0142nego. Odpust mo\u017cemy ofiarowa\u0107 za siebie lub za kogo\u015b ze zmar\u0142ych. Do uzyskania odpustu konieczny jest: stan \u0142aski u\u015bwi\u0119caj\u0105cej, przyj\u0119cie w tym dniu Komunii \u015awi\u0119tej, modlitwa w intencjach Ojca \u015awi\u0119tego oraz wyzbycie si\u0119 przywi\u0105zania do grzechu, nawet lekkiego.<\/p>\n\n\n\n<p>\u25cf Przypominamy, \u017ce rozpocz\u0105\u0142 si\u0119 czas Komunii \u015bwi\u0119\u00adtej wielkanocnej i b\u0119dzie trwa\u0142 do Zes\u0142ania Ducha \u015awi\u0119tego. Przypominamy o przykazaniu ko\u015bcielnym, m\u00f3wi\u0105cym o powinno\u015bci skorzystania przynajmniej raz w roku z sakramentu pojednania i przyj\u0119cia Ko\u00admunii \u015bwi\u0119tej w okresie wielkanocnym. Do spowiedzi zapraszamy odpowiednio wcze\u015bniej, spowied\u017a rozpoczynamy minimum 15 minut przed ka\u017cd\u0105 Msz\u0105 \u015bwi\u0119t\u0105. Podczas Mszy nie zawsze b\u0119dzie kap\u0142an pos\u0142uguj\u0105cy w konfesjonale.<\/p>\n\n\n\n<p>\u25cf Zaoszcz\u0119dzone przez nas dzi\u0119ki wielkopostnym umartwieniom i wyrzeczeniom pieni\u0105dze mo\u017cemy ofiarowa\u0107, jako nasz\u0105 wielkopostn\u0105 ja\u0142mu\u017cn\u0119 osobom potrzebuj\u0105cym. Nasz wielkopostny dar serca mo\u017cemy sk\u0142ada\u0107 do skarbony przy krzy\u017cu po lewej stronie o\u0142tarza.<\/p>\n\n\n\n<p>\u25cf We wtorek rozpoczniemy Nowenn\u0119 do \u015bw. J\u00f3zefa przed Uroczysto\u015bci\u0105 \u015bw. J\u00f3zefa Oblubie\u0144ca Naj\u015bwi\u0119tszej Maryi Panny. Nowenna b\u0119dzie odprawiana po Mszy wieczornej.<\/p>\n\n\n\n<p>\u25cf Centrum Us\u0142ug Spo\u0142ecznych w \u0141apach zaprasza mieszka\u0144c\u00f3w naszej gminy na spotkanie informacyjne pod has\u0142em \u201eNie daj si\u0119 oszuka\u0107\u201d, organizowane we wsp\u00f3\u0142pracy z Komisariatem Policji w \u0141apach. Wi\u0119cej informacji na plakacie.<\/p>\n\n\n\n<p>\u25cf W przysz\u0142\u0105 niedziel\u0119 15 marca po Mszy \u015bwi\u0119tej o godzinie 9<sup>00<\/sup> spotkanie rodzic\u00f3w m\u0142odzie\u017cy przygotowuj\u0105cej si\u0119 do sakramentu bierzmowania.<\/p>\n\n\n\n<p>\u25cf W przysz\u0142\u0105 niedziel\u0119 15 marca w sali kinowej Domu Kultury w \u0141apach o godzinie 13<sup>00<\/sup> zostanie wy\u015bwietlony fabularyzowany film \u201eNaj\u015bwi\u0119tsze Serce\u201d. To nie jest zwyk\u0142y religijny film, to filmowa opowie\u015b\u0107 o samej istocie wiary chrze\u015bcija\u0144skiej, o mi\u0142o\u015bci Boga, kt\u00f3ry tak ukocha\u0142 ka\u017cdego cz\u0142owieka, \u017ce pozwoli\u0142 przebi\u0107 swoje Serce na krzy\u017cu. Bohaterowie filmu w swoich \u015bwiadectwach opowiadaj\u0105 o odnalezieniu relacji, kt\u00f3ra pomog\u0142a im na nowo odkry\u0107 siebie.&nbsp;Serdecznie zapraszamy do obejrzenia tego filmu.<\/p>\n\n\n\n<p>\u25cf Do przysz\u0142ej niedzieli przyjmujemy zapisy na pielgrzymk\u0119 organizowan\u0105 w ramach dzi\u0119kczynienia za 100-lecie istnienia naszej diecezji, w dniach od 5 do 9 pa\u017adziernika br. Szczeg\u00f3\u0142y dotycz\u0105ce pielgrzymki s\u0105 podane na plakatach i na stronie internetowej parafii. Dotychczas zapisa\u0142o si\u0119 19 os\u00f3b, aby wyjazd doszed\u0142 do skutku musi by\u0107 minimum 35 os\u00f3b.<\/p>\n\n\n\n<p>\u25cf Przypominamy, aby zam\u00f3wione intencje Mszy op\u0142aca\u0107 minimum dwa tygodnie przed termi\u00adnem odprawiania.<\/p>\n\n\n\n<p><a><\/a> \u25cf Dzi\u0119kujemy wszystkim za modlitw\u0119 i ofiary sk\u0142adane na potrzeby parafii, za te sk\u0142adane na coniedzieln\u0105 tac\u0119, indywidualnie, przez ofiaromat, konto bankowe, czy w postaci kamiennych tabliczek. Dzi\u0119kujemy za ofiary z\u0142o\u017cone dzisiaj na ogrzewanie naszej \u015bwi\u0105tyni, ofiary sk\u0142adane w przysz\u0142\u0105 niedziel\u0119 na tac\u0119 b\u0119d\u0105 przeznaczone na prace remontowe \u015bwi\u0105tyni planowane w tym roku.<\/p>\n\n\n\n<p>\u25cf Zwi\u0105zek ma\u0142\u017ce\u0144ski maj\u0105 zamiar zawrze\u0107: Mateusz \u015aliwowski kawaler parafii naszej i Magdalena Mroczkowska panna parafii \u015bw. Anny w Kolnie \u2013 zapowied\u017a II; \u2013 ktokolwiek wiedzia\u0142by o przeszkodach zachodz\u0105cych miedzy tymi osobami zobowi\u0105zany jest w sumieniu o powiadomieniu Kancelarii Parafialnej.<\/p>\n\n\n\n<p>\u25cf W minionym tygodniu odszed\u0142 do wieczno\u015bci z naszej wsp\u00f3lnoty parafialnej: \u015bp. J\u00f3zef Falkowski lat 75; \u2013 wieczny odpoczynek racz mu da\u0107 Panie, a \u015bwiat\u0142o\u015b\u0107 wiekuista niechaj mu \u015bwieci, niech odpoczywa w pokoju wiecznym. Amen.<\/p>\n\n\n\n<p>\u25cf Wszystkim prze\u017cywaj\u0105cym w najbli\u017cszym tygodniu dzie\u0144 imienin, urodzin oraz inne jubileusze \u017cyczymy obfito\u015bci Bo\u017cego b\u0142ogos\u0142awie\u0144stwa i Bo\u017cego \u015bwiat\u0142a na drogach codzienno\u015bci. Mi\u0142ej i b\u0142ogos\u0142awionej niedzieli.<\/p>\n","protected":false},"excerpt":{"rendered":"<p>\u25cf Dzisiaj 8 marca, obchodzimy Dzie\u0144 Kobiet! Cho\u0107 to \u015bwiecka uroczysto\u015b\u0107, pami\u0119tajmy w&nbsp;modlitwach o wszystkich kobietach, zw\u0142aszcza o tych najbardziej utrudzonych matkach wielodzietnych rodzin, o<\/p>\n","protected":false},"author":1,"featured_media":2057,"comment_status":"closed","ping_status":"closed","sticky":false,"template":"","format":"standard","meta":{"footnotes":""},"categories":[3],"tags":[],"class_list":["post-4005","post","type-post","status-publish","format-standard","has-post-thumbnail","hentry","category-ogloszenia"],"_links":{"self":[{"href":"http:\/\/parafialapy-pp.pl\/index.php\/wp-json\/wp\/v2\/posts\/4005","targetHints":{"allow":["GET"]}}],"collection":[{"href":"http:\/\/parafialapy-pp.pl\/index.php\/wp-json\/wp\/v2\/posts"}],"about":[{"href":"http:\/\/parafialapy-pp.pl\/index.php\/wp-json\/wp\/v2\/types\/post"}],"author":[{"embeddable":true,"href":"http:\/\/parafialapy-pp.pl\/index.php\/wp-json\/wp\/v2\/users\/1"}],"replies":[{"embeddable":true,"href":"http:\/\/parafialapy-pp.pl\/index.php\/wp-json\/wp\/v2\/comments?post=4005"}],"version-history":[{"count":1,"href":"http:\/\/parafialapy-pp.pl\/index.php\/wp-json\/wp\/v2\/posts\/4005\/revisions"}],"predecessor-version":[{"id":4006,"href":"http:\/\/parafialapy-pp.pl\/index.php\/wp-json\/wp\/v2\/posts\/4005\/revisions\/4006"}],"wp:featuredmedia":[{"embeddable":true,"href":"http:\/\/parafialapy-pp.pl\/index.php\/wp-json\/wp\/v2\/media\/2057"}],"wp:attachment":[{"href":"http:\/\/parafialapy-pp.pl\/index.php\/wp-json\/wp\/v2\/media?parent=4005"}],"wp:term":[{"taxonomy":"category","embeddable":true,"href":"http:\/\/parafialapy-pp.pl\/index.php\/wp-json\/wp\/v2\/categories?post=4005"},{"taxonomy":"post_tag","embeddable":true,"href":"http:\/\/parafialapy-pp.pl\/index.php\/wp-json\/wp\/v2\/tags?post=4005"}],"curies":[{"name":"wp","href":"https:\/\/api.w.org\/{rel}","templated":true}]}}