{"id":4008,"date":"2026-03-15T07:43:36","date_gmt":"2026-03-15T07:43:36","guid":{"rendered":"http:\/\/parafialapy-pp.pl\/?p=4008"},"modified":"2026-03-15T07:43:37","modified_gmt":"2026-03-15T07:43:37","slug":"intencje-mszy-swietych-15-22-iii-26-r","status":"publish","type":"post","link":"http:\/\/parafialapy-pp.pl\/index.php\/2026\/03\/15\/intencje-mszy-swietych-15-22-iii-26-r\/","title":{"rendered":"INTENCJE MSZY \u015aWI\u0118TYCH: 15 \u2013 22 III 26 r."},"content":{"rendered":"\n<figure class=\"wp-block-table\"><table><tbody><tr><td><br><\/td><td>NIEDZIELA<\/td><\/tr><tr><td><em><strong>7<\/strong><sup><strong> 00<\/strong><\/sup><\/em><\/td><td>\u015bp. Halina Sielewi\u0144ska \u2013 3 rocznica \u015bmierci<\/td><\/tr><tr><td><em><strong>9<\/strong><sup><strong> 00<\/strong><\/sup><\/em><\/td><td>\u015bp. Teresa \u0141api\u0144ska \u2013 intencja od uczestnik\u00f3w pogrzebu<\/td><\/tr><tr><td><em><strong>9<sup> 00<\/sup><\/strong><\/em><\/td><td>Pro populo \u2013 za parafian<\/td><\/tr><tr><td><em><strong>10<\/strong><sup><strong> 30<\/strong><\/sup><\/em><\/td><td>\u015bp. Teresa Bogusz \u2013 7 rocznica \u015bmierci<\/td><\/tr><tr><td><em><strong>12<\/strong><sup><strong> 00<\/strong><\/sup><\/em><\/td><td>\u015bp. Magdalena Jab\u0142o\u0144ska, Piotr, Emilia Franciszek<\/td><\/tr><tr><td><em><strong>16<\/strong><sup><strong> 00<\/strong><\/sup><\/em><\/td><td>\u015bp. Michalina i Stanis\u0142aw \u015awier\u017cewscy<\/td><\/tr><tr><td><em><strong>18<\/strong><sup><strong> 00<\/strong><\/sup><\/em><\/td><td>\u015bp. Eugenia Sykut <strong>\u2013 gregoria\u0144ska<\/strong><\/td><\/tr><tr><td><br><\/td><td>PONIEDZIA\u0141EK<\/td><\/tr><tr><td><em><strong>6<sup> 30<\/sup><\/strong><\/em><\/td><td>\u015bp. Czes\u0142aw Kami\u0144ski \u2013 24 rocznica \u015bmierci<\/td><\/tr><tr><td><em><strong>7<sup>00<\/sup><\/strong><\/em><\/td><td>\u015bp. Eugenia Jamio\u0142kowska \u2013 30 rocznica \u015bmierci<\/td><\/tr><tr><td><em><strong>7<sup>00<\/sup><\/strong><\/em><\/td><td>\u015bp. Stanis\u0142aw Piotr \u0141api\u0144ski \u2013 intencja od uczestnik\u00f3w pogrzebu<\/td><\/tr><tr><td><em><strong>18<sup>00<\/sup><\/strong><\/em><\/td><td>\u015bp. Jadwiga i Stanis\u0142aw K\u0142oskowscy &#8211; rezerwacja<\/td><\/tr><tr><td><em><strong>18<sup> 00<\/sup><\/strong><\/em><\/td><td>\u015bp. Eugenia Sykut <strong>\u2013 gregoria\u0144ska<\/strong> <strong>\u2013 ks. Wojciech Turek poza parafi\u0105<\/strong><\/td><\/tr><tr><td><br><\/td><td>WTOREK<\/td><\/tr><tr><td><em><strong>6<sup> 30<\/sup><\/strong><\/em><\/td><td>\u015bp. Stanis\u0142aw, Jadwiga, Jerzy w 11 rocznic\u0119 \u015bmierci Stanis\u0142awa<\/td><\/tr><tr><td><em><strong>7<sup> 00<\/sup><\/strong><\/em><\/td><td>\u015bp. Miros\u0142awa Ko\u015bnik \u2013 intencja od Iwony \u0141upi\u0144skiej<\/td><\/tr><tr><td><em><strong>18<sup> 00<\/sup><\/strong><\/em><\/td><td>\u015bp. Krzysztof, Zygmunt, El\u017cbieta i Janina Hryniewiccy &#8211; rezerwacja<\/td><\/tr><tr><td><em><strong>18<sup> 00<\/sup><\/strong><\/em><\/td><td>\u015bp. Eugenia Sykut <strong>\u2013 gregoria\u0144ska<\/strong> <strong>\u2013 ks. Wojciech Turek poza parafi\u0105<\/strong><\/td><\/tr><tr><td><em><strong>18<sup> 00<\/sup><\/strong><\/em><\/td><td>O zdrowie i Bo\u017ce b\u0142ogos\u0142awie\u0144stwo, opiek\u0119 Maryi dla Zbigniewa \u2013 <strong>ksi\u0105dz poza parafi\u0105<\/strong><\/td><\/tr><tr><td><br><\/td><td>\u015aRODA<\/td><\/tr><tr><td><em><strong>6<sup> 30<\/sup><\/strong><\/em><\/td><td>\u015bp. Jan Chim<\/td><\/tr><tr><td><em><strong>7<sup> 00<\/sup><\/strong><\/em><\/td><td>\u015bp. J\u00f3zef Trzeszczkowski<\/td><\/tr><tr><td><em><strong>7<sup> 00<\/sup><\/strong><\/em><\/td><td>\u015bp. Jan Banaszuk \u2013 intencja od uczestnik\u00f3w pogrzebu<\/td><\/tr><tr><td><em><strong>15<sup> 00<\/sup><\/strong><\/em><\/td><td><a><\/a> \u015bp. Mariusz Kami\u0144ski <strong>\u2013 Msza w dniu pogrzebu<\/strong><\/td><\/tr><tr><td><em><strong>18<sup> 00<\/sup><\/strong><\/em><\/td><td>\u015bp. Eugenia Sykut <strong>\u2013 gregoria\u0144ska<\/strong><\/td><\/tr><tr><td><em><strong>18<sup> 00<\/sup><\/strong><\/em><\/td><td>\u015bp. Stanis\u0142aw Targo\u0144ski \u2013 1 rocznica \u015bmierci<\/td><\/tr><tr><td><br><\/td><td>CZWARTEK<\/td><\/tr><tr><td><em><strong>6<sup> 30<\/sup><\/strong><\/em><\/td><td>\u015bp. Eugenia Sykut <strong>\u2013 gregoria\u0144ska<\/strong><\/td><\/tr><tr><td><em><strong>7<sup>00<\/sup><\/strong><\/em><\/td><td>\u015bp. J\u00f3zef Roszkowski, Franciszka i J\u00f3zef<\/td><\/tr><tr><td><em><strong>18<sup> 00<\/sup><\/strong><\/em><\/td><td>Za dzieci z R\u00f3\u017cy R\u00f3\u017ca\u0144cowej kt\u00f3rej patronem jest \u015bw. J\u00f3zef z pro\u015bb\u0105 o Bo\u017ce B\u0142ogos\u0142awie\u0144stwo dary Ducha \u015awi\u0119tego i opiek\u0119 Maryi dla dzieci z R\u00f3\u017cy i ich rodzin &#8211; rezerwacja<\/td><\/tr><tr><td><em><strong>18<sup> 00<\/sup><\/strong><\/em><\/td><td>\u015bp. J\u00f3zef Rz\u0105ca oraz rodzice z obojga stron<\/td><\/tr><tr><td><br><\/td><td>PI\u0104TEK<\/td><\/tr><tr><td><em><strong>6<sup> 30<\/sup><\/strong><\/em><\/td><td>\u015bp. Romualda Brzozowska<\/td><\/tr><tr><td><em><strong>7<sup> 00<\/sup><\/strong><\/em><\/td><td>\u015bp. J\u00f3zef i Stanis\u0142awa<\/td><\/tr><tr><td><em><strong>18<sup>00<\/sup><\/strong><\/em><\/td><td>\u015bp. Irena i W\u0142adys\u0142aw Wyszy\u0144scy<\/td><\/tr><tr><td><em><strong>18<sup> 00<\/sup><\/strong><\/em><\/td><td>\u015bp. Eugenia Sykut <strong>\u2013 gregoria\u0144ska<\/strong><\/td><\/tr><tr><td><br><\/td><td>SOBOTA<\/td><\/tr><tr><td><em><strong>6<sup> 30<\/sup><\/strong><\/em><\/td><td>O opiek\u0119 i wstawiennictwo \u015bw. J\u00f3zefa dla rodziny \u0141api\u0144skich<\/td><\/tr><tr><td><em><strong>6<sup> 30<\/sup><\/strong><\/em><\/td><td>\u015bp. Halina Brzosko \u2013 intencja od uczestnik\u00f3w pogrzebu<\/td><\/tr><tr><td><em><strong>7<sup> 00<\/sup><\/strong><\/em><\/td><td>\u015bp. Teresa \u0141api\u0144ska<\/td><\/tr><tr><td><em><strong>7<sup> 00<\/sup><\/strong><\/em><\/td><td>\u015bp. Micha\u0142 Samsonowicz<\/td><\/tr><tr><td><em><strong>18<sup> 00<\/sup><\/strong><\/em><\/td><td>\u015bp. Eugenia Sykut <strong>\u2013 gregoria\u0144ska<\/strong><\/td><\/tr><tr><td><br><\/td><td>NIEDZIELA<\/td><\/tr><tr><td><em><strong>7<sup> 00<\/sup><\/strong><\/em><\/td><td>\u015bp. Izabela \u2013 5 rocznica \u015bmierci &#8211; rezerwacja<\/td><\/tr><tr><td><em><strong>9<sup> 00<\/sup><\/strong><\/em><\/td><td>Pro populo \u2013 za parafian <strong>\u2013 odprawiona w innym terminie<\/strong><\/td><\/tr><tr><td><em><strong>9<sup> 00<\/sup><\/strong><\/em><\/td><td>\u015bp. J\u00f3zef Grochowski oraz rodzic\u00f3w Leokadia i Feliks \u2013 intencja od rodziny<\/td><\/tr><tr><td><em><strong>10<sup> 30<\/sup><\/strong><\/em><\/td><td>\u015bp. Emilia i Franciszek Trzeszczkowscy w 15 rocznic\u0119 \u015bmierci Emilii<\/td><\/tr><tr><td><em><strong>10<sup> 30<\/sup><\/strong><\/em><\/td><td>O Bo\u017ce b\u0142ogos\u0142awie\u0144stwo zdrowie i bezpiecze\u0144stwo dla Prezydenta Rzeczypospolitej Pana Karola Nawrockiego \u2013 intencja od parafianina<\/td><\/tr><tr><td><em><strong>12<sup> 00<\/sup><\/strong><\/em><\/td><td>\u015bp. Stanis\u0142aw, J\u00f3zefa(k) i Edward \u0141api\u0144scy w 15 rocznic\u0119 \u015bmierci Stanis\u0142awa<\/td><\/tr><tr><td><em><strong>16<sup> 00<\/sup><\/strong><\/em><\/td><td>\u015bp. Lilianna<\/td><\/tr><tr><td><em><strong>18<sup> 00<\/sup><\/strong><\/em><\/td><td><a><\/a> \u015bp. Eugenia Sykut <strong>\u2013 gregoria\u0144ska<\/strong><\/td><\/tr><\/tbody><\/table><\/figure>\n","protected":false},"excerpt":{"rendered":"<p>NIEDZIELA 7 00 \u015bp. Halina Sielewi\u0144ska \u2013 3 rocznica \u015bmierci 9 00 \u015bp. Teresa \u0141api\u0144ska \u2013 intencja od uczestnik\u00f3w pogrzebu 9 00 Pro populo \u2013<\/p>\n","protected":false},"author":1,"featured_media":0,"comment_status":"closed","ping_status":"closed","sticky":false,"template":"","format":"standard","meta":{"footnotes":""},"categories":[6],"tags":[],"class_list":["post-4008","post","type-post","status-publish","format-standard","hentry","category-intencje-mszy-sw"],"_links":{"self":[{"href":"http:\/\/parafialapy-pp.pl\/index.php\/wp-json\/wp\/v2\/posts\/4008","targetHints":{"allow":["GET"]}}],"collection":[{"href":"http:\/\/parafialapy-pp.pl\/index.php\/wp-json\/wp\/v2\/posts"}],"about":[{"href":"http:\/\/parafialapy-pp.pl\/index.php\/wp-json\/wp\/v2\/types\/post"}],"author":[{"embeddable":true,"href":"http:\/\/parafialapy-pp.pl\/index.php\/wp-json\/wp\/v2\/users\/1"}],"replies":[{"embeddable":true,"href":"http:\/\/parafialapy-pp.pl\/index.php\/wp-json\/wp\/v2\/comments?post=4008"}],"version-history":[{"count":1,"href":"http:\/\/parafialapy-pp.pl\/index.php\/wp-json\/wp\/v2\/posts\/4008\/revisions"}],"predecessor-version":[{"id":4009,"href":"http:\/\/parafialapy-pp.pl\/index.php\/wp-json\/wp\/v2\/posts\/4008\/revisions\/4009"}],"wp:attachment":[{"href":"http:\/\/parafialapy-pp.pl\/index.php\/wp-json\/wp\/v2\/media?parent=4008"}],"wp:term":[{"taxonomy":"category","embeddable":true,"href":"http:\/\/parafialapy-pp.pl\/index.php\/wp-json\/wp\/v2\/categories?post=4008"},{"taxonomy":"post_tag","embeddable":true,"href":"http:\/\/parafialapy-pp.pl\/index.php\/wp-json\/wp\/v2\/tags?post=4008"}],"curies":[{"name":"wp","href":"https:\/\/api.w.org\/{rel}","templated":true}]}}