{"id":4010,"date":"2026-03-15T08:12:03","date_gmt":"2026-03-15T08:12:03","guid":{"rendered":"http:\/\/parafialapy-pp.pl\/?p=4010"},"modified":"2026-03-15T08:12:21","modified_gmt":"2026-03-15T08:12:21","slug":"ogloszenia-duszpasterskie-15-marca-2026r","status":"publish","type":"post","link":"http:\/\/parafialapy-pp.pl\/index.php\/2026\/03\/15\/ogloszenia-duszpasterskie-15-marca-2026r\/","title":{"rendered":"OG\u0141OSZENIA DUSZPASTERSKIE 15 MARCA 2026r."},"content":{"rendered":"\n<p>\u25cf Dzisiejsza \u2013 ju\u017c czwarta niedziela Wielkiego Postu \u2013 r\u00f3\u017cni si\u0119 nieco od pozosta\u0142ych. W&nbsp;tradycji Ko\u015bcio\u0142a nazywamy j\u0105 niedziel\u0105 <em>Laetare<\/em>, czyli niedziel\u0105 rado\u015bci. Widzimy to nawet w zmianie postnego fioletu na r\u00f3\u017cowy kolor szat liturgicznych. W po\u0142owie Wielkiego Postu Ko\u015bci\u00f3\u0142 wzywa wiernych do rado\u015bci, aby wszyscy podejmuj\u0105cy trud przemiany serca wytrwali w tym nie\u0142atwym codziennym wysi\u0142ku.<\/p>\n\n\n\n<p>\u25cf Wielki Post, kt\u00f3ry obecnie prze\u017cywamy, to r\u00f3wnie\u017c wyj\u0105tkowa okazja do nawr\u00f3cenia, do odnowienia naszej przyja\u017ani z Bogiem. To czas powracania do korzeni wiary i zadziwienia nad tajemnic\u0105 Bo\u017cej mi\u0142o\u015bci, kt\u00f3rej wyrazem jest te\u017c sta\u0142a obecno\u015b\u0107 Pana Jezusa w&nbsp;Eucharystii. Dobrze wykorzystajmy ten czas, aby ugruntowa\u0107 w sobie cz\u0142owieka prawego sumienia i autentycznie zaanga\u017cowanego w budowanie kr\u00f3lestwa Bo\u017cego. Zbawiciel ci\u0105gle nas w tym umacnia, karmi\u0105c nas swoim Cia\u0142em, kt\u00f3re uczyni\u0142 pokarmem na \u017cycie wieczne. Przyst\u0119pujmy cz\u0119sto do sto\u0142u eucharystycznego.<\/p>\n\n\n\n<p><a><\/a> \u25cf Wsp\u00f3lnota Ma\u0142ej Teresy zaprasza na adoracj\u0119 Naj\u015bwi\u0119tszego Sakramentu w najbli\u017cszy wtorek 17 marca po Mszy \u015bwi\u0119tej wieczornej.<\/p>\n\n\n\n<p>\u25cf W ramach naszego wielkopostnego przygotowania do \u015bwi\u0105t zmartwychwstania Chrystusa w naszej parafii w przysz\u0142\u0105 niedziel\u0119 rozpoczynamy rekolekcje wielkopostne, kt\u00f3re b\u0119d\u0105 trwa\u0142y do \u015brody 25 marca 2026. Do spowiedzi podczas rekolekcji zapraszamy w poniedzia\u0142ek, wtorek i \u015brod\u0119, w tych dniach b\u0119dziemy wspomagani przez spowiednik\u00f3w z s\u0105siednich parafii. Podczas rekolekcji Msze \u015bwi\u0119te w niedziel\u0119 w porz\u0105dku niedzielnym. W poniedzia\u0142ek, wtorek i \u015brod\u0119, Msze \u015bwi\u0119te o 7<sup>00<\/sup>, 9<sup>00<\/sup>, 11<sup>30<\/sup>, 16<sup>00<\/sup> i 18<sup>00<\/sup>. W \u015brod\u0119 na Msz\u0119 \u015bwi\u0119t\u0105 o godzinie 11<sup>30<\/sup> zapraszamy chorych i osoby w podesz\u0142ym wieku. Tych kt\u00f3rzy nie b\u0119d\u0105 mogli dotrze\u0107 do \u015bwi\u0105tyni, mo\u017cemy zg\u0142asza\u0107 do odwiedzin ze spowiedzi\u0105 i Komuni\u0105 \u015bwi\u0119t\u0105 wielkanocn\u0105 w tym dniu w mieszkaniach od godziny 13<sup>00<\/sup>. Ofiary sk\u0142adane na tac\u0119 w ostatnim dniu rekolekcji b\u0119d\u0105 naszym podzi\u0119kowaniem ksi\u0119dzu rekolekcjoni\u015bcie za trud g\u0142oszenia s\u0142owa.<\/p>\n\n\n\n<p>\u25cf W ostatnim dniu rekolekcji po Mszy \u015bwi\u0119tej o godzinie 18<sup>00<\/sup> odprawimy Drog\u0119 Krzy\u017cow\u0105 ulicami naszej miejscowo\u015bci z naszej \u015bwi\u0105tyni do ko\u015bcio\u0142a \u015awi\u0119tego Krzy\u017ca.<\/p>\n\n\n\n<p>\u25cf Zako\u0144czenie rekolekcji wypada w uroczysto\u015b\u0107 Zwiastowania Pa\u0144skiego, kt\u00f3ra jest Dniem \u015awi\u0119to\u015bci \u017bycia. Ta uroczysto\u015b\u0107 to tak\u017ce Dzie\u0144 Duchowej Adopcji Dziecka Pocz\u0119tego. Duchowa adop\u00adcja jest modlitw\u0105 w intencji dziecka zagro\u017conego zabi\u00adciem w \u0142onie matki. Trwa dziewi\u0119\u0107 miesi\u0119cy i polega na codziennym odmawianiu jednej tajemnicy r\u00f3\u017ca\u0144co\u00adwej oraz specjalnej modlitwy w intencji dziecka i jego rodzic\u00f3w. Do modlitwy mo\u017cna do\u0142\u0105czy\u0107 dowolnie wy\u00adbrane dodatkowe postanowienia. Takie zobowi\u0105zanie b\u0119dzie mo\u017cna podj\u0105\u0107 w tym dniu na zako\u0144czenie Mszy \u015awi\u0119tej, opr\u00f3cz Mszy o godzinie 18<sup>00<\/sup>, po kt\u00f3rej b\u0119dzie Droga Krzy\u017cowa. W zakrystii s\u0105 do wzi\u0119cia deklaracje Duchowej Adopcji i Ksi\u0119ga Duchowej Adopcji Dziecka Pocz\u0119tego. Wpisane w ni\u0105 nasze imiona i nazwiska, b\u0119d\u0105 pi\u0119knym \u015bwiadectwem obecno\u015bci w naszej parafii ludzi dobrej woli, zabezpieczaj\u0105cych modlitw\u0105 \u017cycie tych dzieci, kt\u00f3rym zabrak\u0142o miejsca i mi\u0142o\u015bci w sercach matek ju\u017c u samego pocz\u0105tku ich istnienia.<\/p>\n\n\n\n<p>\u25cf W czwartek 19 marca, przypada uroczysto\u015b\u0107 \u015awi\u0119tego J\u00f3zefa, Oblubie\u0144ca Naj\u015bwi\u0119tszej Maryi Panny i Patrona Ko\u015bcio\u0142a. W 1870 roku papie\u017c Pius IX og\u0142osi\u0142 \u015awi\u0119tego J\u00f3zefa patronem Ko\u015bcio\u0142a powszechnego i rodzin chrze\u015bcija\u0144skich. Podczas Mszy \u015awi\u0119tych w naszym ko\u015bciele w tym dniu przez wstawiennictwo Opiekuna Naj\u015bwi\u0119tszej Rodziny b\u0119dziemy si\u0119 modli\u0107 za m\u0119\u017c\u00f3w i ojc\u00f3w z naszej wsp\u00f3lnoty parafialnej i o godne wype\u0142nianie przez nich swojego powo\u0142ania. Kiedy wok\u00f3\u0142 tyle trudno\u015bci, codziennych k\u0142opot\u00f3w, niepewno\u015bci z&nbsp;powodu braku pracy i \u015brodk\u00f3w do godnego \u017cycia, warto zwraca\u0107 si\u0119 o pomoc do \u015awi\u0119tego J\u00f3zefa nie tylko w dniu jego \u015bwi\u0119ta, ale tak\u017ce w ka\u017cdy wtorek szczeg\u00f3lnie jemu po\u015bwi\u0119cony. \u015awi\u0119ty J\u00f3zef jest te\u017c patronem dobrej \u015bmierci. Wed\u0142ug tradycji odszed\u0142 z tego \u015bwiata w&nbsp;ramionach samego Pana Jezusa. Jego wstawiennictwu b\u0119dziemy zatem poleca\u0107 wszystkich konaj\u0105cych.<\/p>\n\n\n\n<p>\u25cf Spowied\u017a \u015bwi\u0119ta i przyj\u0119cie Pana Jezusa w Eucharystii s\u0105 te\u017c warunkami do skorzystania z&nbsp;\u0142aski odpust\u00f3w zwi\u0105zanych z trwaj\u0105cym w Ko\u015bciele Rokiem \u015awi\u0119tego Franciszka. Odpust ten \u2013 jak podaje Dekret Penitencjafii Apostolskiej \u2013 mog\u0105 uzyska\u0107 \u201ewszyscy wierni bez wyj\u0105tku, kt\u00f3rzy, z sercem wolnym od przywi\u0105zania do grzechu, wezm\u0105 udzia\u0142 w Roku \u015awi\u0119tego Franciszka, nawiedzaj\u0105c w formie pielgrzymki jakikolwiek ko\u015bci\u00f3\u0142 klasztorny franciszkan\u00f3w lub miejsce kultu w dowolnej cz\u0119\u015bci \u015bwiata po\u015bwi\u0119cone \u015awi\u0119tego Franciszkowi b\u0105d\u017a z nim zwi\u0105zane z jakiejkolwiek przyczyny, i tam pobo\u017cnie uczestniczy\u0107 b\u0119d\u0105 w obrz\u0119dach jubileuszowych albo sp\u0119dz\u0105 odpowiedni czas na pobo\u017cnej medytacji oraz zanosz\u0105c do Boga modlitwy, aby \u2013 na wz\u00f3r \u015awi\u0119tego Franciszka \u2013 w sercach rodzi\u0142y si\u0119 uczucia chrze\u015bcija\u0144skiej mi\u0142o\u015bci bli\u017aniego i autentyczne pragnienia zgody i pokoju mi\u0119dzy narodami, ko\u0144cz\u0105c modlitw\u0105 <em>Ojcze nasz<\/em>, <em>Wierz\u0119 w Boga<\/em> oraz wezwaniami do Naj\u015bwi\u0119tszej Maryi Panny, \u015awi\u0119tego Franciszka z Asy\u017cu, \u015awi\u0119tej Klary i wszystkich \u015awi\u0119tych Rodziny Franciszka\u0144skiej\u201d. Skorzystajmy z tego wyj\u0105tkowego daru, jaki Ko\u015bci\u00f3\u0142 przed nami otwiera.<\/p>\n\n\n\n<p>\u25cf Przypominamy \u017ce w naszym ko\u015bciele w ka\u017cdy pi\u0105tek Wielkiego Postu o godzinie 17<sup>15<\/sup> razem z&nbsp;Chrystusem i Jego bolej\u0105c\u0105 Matk\u0105 przemierzamy Drog\u0119 krzy\u017cow\u0105, a w niedziele o godzinie 17<sup>30<\/sup> rozpami\u0119tujemy m\u0119k\u0119 Pana Jezusa podczas Gorzkich \u017cali. Wszystkich parafian zach\u0119camy do licznego udzia\u0142u w tych wielkopostnych nabo\u017ce\u0144stwach. Przypominamy, \u017ce za udzia\u0142 w tych nabo\u017ce\u0144stwach mo\u017cna uzyska\u0107 odpust zupe\u0142ny pod zwyk\u0142ymi warunkami, czyli stan \u0142aski, przyj\u0119cie Komunii \u015awi\u0119tej i modlitwa w intencjach Ojca \u015awi\u0119tego.<\/p>\n\n\n\n<p>\u25cf Zapraszamy do wzi\u0119cia udzia\u0142u w konkursie na najwi\u0119ksze i naj\u0142adniejsze palmy wykonane w\u0142asnor\u0119cznie. Rozstrzygni\u0119cie konkursu odb\u0119dzie w niedziel\u0119 palmow\u0105 na Mszy \u015bwi\u0119tej o godzinie 12<sup>00<\/sup>.<\/p>\n\n\n\n<p>\u25cf W przysz\u0142\u0105 niedziel\u0119 po Mszy \u015bwi\u0119tej o godzinie 12<sup>00<\/sup> zapraszamy na spotkanie rodzic\u00f3w dzieci klas IV, kt\u00f3re w minionym roku przyst\u0105pi\u0142y do I Komunii \u015bwi\u0119tej \u2013 odno\u015bnie komunii \u015bwi\u0119tej rocznicowej.<\/p>\n\n\n\n<p>\u25cf W Wielkim Po\u015bcie Ko\u015bci\u00f3\u0142 zach\u0119ca do podejmowania dzie\u0142 mi\u0142osierdzia, ten nasz wielkopostny dar serca mo\u017cemy sk\u0142ada\u0107 do skarbony stoj\u0105cej przy krzy\u017cu obok dekoracji wielkopostnej.<\/p>\n\n\n\n<p>\u25cf Zach\u0119camy r\u00f3wnie\u017c do sk\u0142adania ofiar na kwiaty do dekoracji Grobu Pa\u0144skiego.<\/p>\n\n\n\n<p>\u25cf Zach\u0119camy aby nie odk\u0142ada\u0107 na ostatni moment spowiedzi wielkopostnej. Serce pojednane z Bogiem i z bli\u017animi jest sercem wielkodusznym. W naszej \u015bwi\u0105tyni spowied\u017a jest codziennie minimum 15 minut przed ka\u017cd\u0105 Msz\u0105 \u015awi\u0119t\u0105, a w tym tygodniu 30 minut przed Eucharysti\u0105. Podczas Mszy nie zawsze b\u0119dzie kap\u0142an pos\u0142uguj\u0105cy w konfesjonale, szczeg\u00f3lnie w dni powszednie.<\/p>\n\n\n\n<p>\u25cf Przypominamy aby zam\u00f3wione intencje Mszy op\u0142aca\u0107 minimum dwa tygodnie przed terminem odprawiania.<\/p>\n\n\n\n<p>\u25cf Dzi\u0119kujemy wszystkim za modlitw\u0119 i ofiary sk\u0142adane na potrzeby parafii, za te sk\u0142adane na coniedzieln\u0105 tac\u0119, indywidualnie, prze ofiaromat i na konto bankowe.<\/p>\n\n\n\n<p>\u25cf Zwi\u0105zek ma\u0142\u017ce\u0144ski maj\u0105 zamiar zawrze\u0107: Jakub Adam K\u0142osowski kawaler parafii MB Fatimskiej w Gda\u0144sku i Kornelia Kami\u0144ska panna parafii naszej \u2013 zapowied\u017a I; \u2013 ktokolwiek wiedzia\u0142by o przeszkodach zachodz\u0105cych miedzy tymi osobami zobowi\u0105zany jest w sumieniu o powiadomieniu Kancelarii Parafialnej.<\/p>\n\n\n\n<p>\u25cf W minionym tygodniu odeszli do wieczno\u015bci z naszej wsp\u00f3lnoty parafialnej: \u015bp. Dariusz Wr\u00f3blewski lat 65 i \u015bp. Wanda Maria Porowska lat 76 \u2013 Wieczny odpoczynek racz im da\u0107 Panie, a \u015bwiat\u0142o\u015b\u0107 wiekuista niechaj im \u015bwieci, niech odpoczywaj\u0105 w pokoju wiecznym. Amen.<\/p>\n\n\n\n<p>\u25cf Wszystkim prze\u017cywaj\u0105cym w najbli\u017cszym tygodniu dzie\u0144 imienin, urodzin oraz inne jubileusze \u017cyczymy obfito\u015bci Bo\u017cego b\u0142ogos\u0142awie\u0144stwa i Bo\u017cego \u015bwiat\u0142a na drogach codzienno\u015bci. Mi\u0142ej i b\u0142ogos\u0142awionej niedzieli.<\/p>\n","protected":false},"excerpt":{"rendered":"<p>\u25cf Dzisiejsza \u2013 ju\u017c czwarta niedziela Wielkiego Postu \u2013 r\u00f3\u017cni si\u0119 nieco od pozosta\u0142ych. W&nbsp;tradycji Ko\u015bcio\u0142a nazywamy j\u0105 niedziel\u0105 Laetare, czyli niedziel\u0105 rado\u015bci. Widzimy to<\/p>\n","protected":false},"author":1,"featured_media":4011,"comment_status":"closed","ping_status":"closed","sticky":false,"template":"","format":"standard","meta":{"footnotes":""},"categories":[3],"tags":[],"class_list":["post-4010","post","type-post","status-publish","format-standard","has-post-thumbnail","hentry","category-ogloszenia"],"_links":{"self":[{"href":"http:\/\/parafialapy-pp.pl\/index.php\/wp-json\/wp\/v2\/posts\/4010","targetHints":{"allow":["GET"]}}],"collection":[{"href":"http:\/\/parafialapy-pp.pl\/index.php\/wp-json\/wp\/v2\/posts"}],"about":[{"href":"http:\/\/parafialapy-pp.pl\/index.php\/wp-json\/wp\/v2\/types\/post"}],"author":[{"embeddable":true,"href":"http:\/\/parafialapy-pp.pl\/index.php\/wp-json\/wp\/v2\/users\/1"}],"replies":[{"embeddable":true,"href":"http:\/\/parafialapy-pp.pl\/index.php\/wp-json\/wp\/v2\/comments?post=4010"}],"version-history":[{"count":1,"href":"http:\/\/parafialapy-pp.pl\/index.php\/wp-json\/wp\/v2\/posts\/4010\/revisions"}],"predecessor-version":[{"id":4012,"href":"http:\/\/parafialapy-pp.pl\/index.php\/wp-json\/wp\/v2\/posts\/4010\/revisions\/4012"}],"wp:featuredmedia":[{"embeddable":true,"href":"http:\/\/parafialapy-pp.pl\/index.php\/wp-json\/wp\/v2\/media\/4011"}],"wp:attachment":[{"href":"http:\/\/parafialapy-pp.pl\/index.php\/wp-json\/wp\/v2\/media?parent=4010"}],"wp:term":[{"taxonomy":"category","embeddable":true,"href":"http:\/\/parafialapy-pp.pl\/index.php\/wp-json\/wp\/v2\/categories?post=4010"},{"taxonomy":"post_tag","embeddable":true,"href":"http:\/\/parafialapy-pp.pl\/index.php\/wp-json\/wp\/v2\/tags?post=4010"}],"curies":[{"name":"wp","href":"https:\/\/api.w.org\/{rel}","templated":true}]}}