{"id":4040,"date":"2026-04-26T13:52:50","date_gmt":"2026-04-26T13:52:50","guid":{"rendered":"https:\/\/parafialapy-pp.pl\/?p=4040"},"modified":"2026-04-26T13:52:50","modified_gmt":"2026-04-26T13:52:50","slug":"intencje-mszy-swietych-26-iv-3-v-26-r","status":"publish","type":"post","link":"http:\/\/parafialapy-pp.pl\/index.php\/2026\/04\/26\/intencje-mszy-swietych-26-iv-3-v-26-r\/","title":{"rendered":"INTENCJE MSZY \u015aWI\u0118TYCH: 26 IV \u2013 3 V 26 r."},"content":{"rendered":"\n<figure class=\"wp-block-table\"><table><tbody><tr><td><br><\/td><td>NIEDZIELA<\/td><\/tr><tr><td><em><strong>7<\/strong><sup><strong> 00<\/strong><\/sup><\/em><\/td><td>\u015bp. Henryk \u0141upi\u0144ski <strong>\u2013 gregoria\u0144ska<\/strong><\/td><\/tr><tr><td><em><strong>9<\/strong><sup><strong> 00<\/strong><\/sup><\/em><\/td><td>\u015bp. Waldemar, Iwona, Krystyna, Wanda, Franciszek i Stefania Raczy\u0144scy<\/td><\/tr><tr><td><em><strong>9<sup> 00<\/sup><\/strong><\/em><\/td><td>Pro populo \u2013 za parafian<\/td><\/tr><tr><td><em><strong>10<sup> 30<\/sup><\/strong><\/em><\/td><td>\u015bp. J\u00f3zef Mojkowski \u2013 2 rocznica \u015bmierci \u2013 intencja od dzieci<\/td><\/tr><tr><td><em><strong>12<\/strong><sup><strong> 00<\/strong><\/sup><\/em><\/td><td>\u015bp. Stanis\u0142aw Adam Porowski \u2013 2 rocznica \u015bmierci<\/td><\/tr><tr><td><em><strong>16<\/strong><sup><strong> 00<\/strong><\/sup><\/em><\/td><td>O Bo\u017ce b\u0142ogos\u0142awie\u0144stwo, opiek\u0119 Matki Bo\u017cej i dary Ducha \u015awi\u0119tego dla Jadwigi<\/td><\/tr><tr><td><em><strong>18<\/strong><sup><strong> 00<\/strong><\/sup><\/em><\/td><td>O Bo\u017ce b\u0142ogos\u0142awie\u0144stwo dla Izy i \u0141ukasza w rocznic\u0119 urodzin dla jubilat\u00f3w i dzieci<\/td><\/tr><tr><td><br><\/td><td>PONIEDZIA\u0141EK<\/td><\/tr><tr><td><em><strong>6<sup> 30<\/sup><\/strong><\/em><\/td><td>\u015bp. Romana i Kazimierz Kulesza<\/td><\/tr><tr><td><em><strong>7<sup> 00<\/sup><\/strong><\/em><\/td><td>\u015bp. Mieczys\u0142awa Kami\u0144ska \u2013 12 rocznica \u015bmierci<\/td><\/tr><tr><td><em><strong>7<sup> 00<\/sup><\/strong><\/em><\/td><td>\u015bp. Helena Rutkowska \u2013 o \u0142ask\u0119 zbawienia i pok\u00f3j wieczny \u2013 intencja od rodziny Perkowskich i \u0141upi\u0144skich <strong>\u2013 ks. poza parafi\u0105<\/strong><\/td><\/tr><tr><td><em><strong>18<sup> 00<\/sup><\/strong><\/em><\/td><td>O zdrowie i Bo\u017ce b\u0142ogos\u0142awie\u0144stwo dla Joanny i Bogdana w 45 rocznic\u0119 \u015blubu z pro\u015bb\u0105 o potrzebne \u0142aski<\/td><\/tr><tr><td><em><strong>18<sup> 00<\/sup><\/strong><\/em><\/td><td>Bierzmowanie<\/td><\/tr><tr><td><em><strong>18<sup>00<\/sup><\/strong><\/em><\/td><td>\u015bp. Henryk \u0141upi\u0144ski <strong>\u2013 gregoria\u0144ska<\/strong><\/td><\/tr><tr><td><em><strong>18<sup> 00<\/sup><\/strong><\/em><\/td><td>Msza dzi\u0119kczynna w 24 rocznic\u0119 zawarcia sakramentu ma\u0142\u017ce\u0144stwa Emilii i Jaros\u0142awa z pro\u015bb\u0105 o Bo\u017ce b\u0142ogos\u0142awie\u0144stwo i potrzebne \u0142aski dla jubilat\u00f3w oraz ich dzieci Zosi, Leny, Dawida i Alicji<\/td><\/tr><tr><td><br><\/td><td>WTOREK<\/td><\/tr><tr><td><em><strong>6<sup> 30<\/sup><\/strong><\/em><\/td><td>\u015bp. Jan i Irena Kluj<\/td><\/tr><tr><td><em><strong>7<sup> 00<\/sup><\/strong><\/em><\/td><td>\u015bp. Wojciech Nowacki \u2013 intencja od pracownik\u00f3w PROMOTECH w \u0141apach<\/td><\/tr><tr><td><em><strong>18<sup>00<\/sup><\/strong><\/em><\/td><td>\u015bp. Henryk \u0141upi\u0144ski <strong>\u2013 gregoria\u0144ska<\/strong><\/td><\/tr><tr><td><em><strong>18<sup> 00<\/sup><\/strong><\/em><\/td><td>\u015bp. J\u00f3zef Mojkowski \u2013 2 rocznica \u015bmierci<\/td><\/tr><tr><td><br><\/td><td>\u015aRODA<\/td><\/tr><tr><td><em><strong>6<sup> 30<\/sup><\/strong><\/em><\/td><td>\u015bp. Jan Zaremba \u2013 intencja od brata Franciszka z rodzin\u0105<\/td><\/tr><tr><td><em><strong>7<sup> 00<\/sup><\/strong><\/em><\/td><td>\u015bp. Miros\u0142awa Ko\u015bnik \u2013 intencja od rodziny \u0141api\u0144skich<\/td><\/tr><tr><td><em><strong>18<sup>00<\/sup><\/strong><\/em><\/td><td>\u015bp. Henryk \u0141upi\u0144ski <strong>\u2013 gregoria\u0144ska<\/strong><\/td><\/tr><tr><td><em><strong>18<sup>00<\/sup><\/strong><\/em><\/td><td>\u015bp. Aleksander i Helena Twarowscy<\/td><\/tr><tr><td><em><strong>18<sup> 00<\/sup><\/strong><\/em><\/td><td>\u015bp. Regina Galas w rocznic\u0119 \u015bmierci <strong>\u2013 ks. poza parafi\u0105<\/strong><\/td><\/tr><tr><td><br><\/td><td>CZWARTEK<\/td><\/tr><tr><td><em><strong>6<sup> 30<\/sup><\/strong><\/em><\/td><td>\u015bp. Ryszard \u015awi\u0119cki \u2013 1 rocznica \u015bmierci <strong>\u2013 ks. poza parafi\u0105<\/strong><\/td><\/tr><tr><td><em><strong>6<sup> 30<\/sup><\/strong><\/em><\/td><td>\u015bp. Jan Zaremba \u2013 intencja od rodziny Jab\u0142o\u0144skich<\/td><\/tr><tr><td><em><strong>7<sup> 00<\/sup><\/strong><\/em><\/td><td>\u015bp. Marian Kosi\u0144ski<\/td><\/tr><tr><td><em><strong>18<sup>00<\/sup><\/strong><\/em><\/td><td>\u015bp. Eugeniusz i Krystyna Ko\u015bnik w 7 rocznic\u0119 \u015bmierci Eugeniusza<\/td><\/tr><tr><td><em><strong>18<sup> 00<\/sup><\/strong><\/em><\/td><td>\u015bp. Henryk \u0141upi\u0144ski <strong>\u2013 gregoria\u0144ska<\/strong><\/td><\/tr><tr><td><br><\/td><td>PI\u0104TEK<\/td><\/tr><tr><td><em><strong>7<sup> 00<\/sup><\/strong><\/em><\/td><td>\u015bp. Janina i Boles\u0142aw Sikorscy, Jadwiga i W\u0142adys\u0142aw \u0141api\u0144scy<\/td><\/tr><tr><td><em><strong>9<sup> 00<\/sup><\/strong><\/em><\/td><td>O zdrowie, Bo\u017ce b\u0142ogos\u0142awie\u0144stwo i opiek\u0119 Matki Bo\u017cej dla rodziny \u0141api\u0144skich<\/td><\/tr><tr><td><em><strong>9<sup> 00<\/sup><\/strong><\/em><\/td><td>\u015bp. Julia Choi\u0144ska<\/td><\/tr><tr><td><em><strong>11<sup> 30<\/sup><\/strong><\/em><\/td><td>\u015bp. Henryk Roszkowski oraz zmarli z rodziny Ruszczy\u0144skich, Roszkowskich, Serafi\u0144skich i Jamio\u0142kowskich w 7 rocznic\u0119 \u015bmierci Henryka<\/td><\/tr><tr><td><em><strong>11<sup> 30<\/sup><\/strong><\/em><\/td><td>O zdrowie i Bo\u017ce b\u0142ogos\u0142awie\u0144stwo, Dary Ducha \u015bw. dla Marcina z okazji urodzin<\/td><\/tr><tr><td><em><strong>16<sup> 00<\/sup><\/strong><\/em><\/td><td>O zdrowie i Bo\u017ce b\u0142ogos\u0142awie\u0144stwo dla mieszka\u0144c\u00f3w \u0141ap Szo\u0142ajd<\/td><\/tr><tr><td><em><strong>18<sup> 00<\/sup><\/strong><\/em><\/td><td>\u015bp. Henryk \u0141upi\u0144ski <strong>\u2013 gregoria\u0144ska<\/strong><\/td><\/tr><tr><td><br><\/td><td>SOBOTA<\/td><\/tr><tr><td><em><strong>7<sup> 00<\/sup><\/strong><\/em><\/td><td>\u015bp. Henryk \u0141upi\u0144ski <strong>\u2013 gregoria\u0144ska<\/strong><\/td><\/tr><tr><td><em><strong>7<sup> 00<\/sup><\/strong><\/em><\/td><td>\u015bp. Zygmunt i Emilia<\/td><\/tr><tr><td><em><strong>9<sup> 00<\/sup><\/strong><\/em><\/td><td>\u015bp. Janina Skorupska \u2013 2 rocznica \u015bmierci<\/td><\/tr><tr><td><em><strong>11<sup> 30<\/sup><\/strong><\/em><\/td><td>Dzi\u0119kczynna za 50 lat ma\u0142\u017ce\u0144stwa Wandy i Ireneusza z pro\u015bb\u0105 o b\u0142ogos\u0142awie\u0144stwo na kolejne lata \u017cycia<\/td><\/tr><tr><td><em><strong>11<sup> 30<\/sup><\/strong><\/em><\/td><td>\u015bp. Stefania i J\u00f3zef Olszewscy i Jadwiga Woszczy\u0142o<\/td><\/tr><tr><td><em><strong>16<sup> 00<\/sup><\/strong><\/em><\/td><td>\u015bp. Stanis\u0142aw \u0141api\u0144ski \u2013 intencja od Doroty i Wojciecha D\u0105browskich z dzie\u0107mi<\/td><\/tr><tr><td><em><strong>18<sup> 00<\/sup><\/strong><\/em><\/td><td>\u015bp. Zygmunt Falkowski \u2013 intencja z racji imienin<\/td><\/tr><tr><td><br><\/td><td>NIEDZIELA<\/td><\/tr><tr><td><em><strong>7<sup> 00<\/sup><\/strong><\/em><\/td><td>\u015bp. J\u00f3zef, Lucyna, Barbara i Stefan Zimnoch<\/td><\/tr><tr><td><em><strong>9<sup> 00<\/sup><\/strong><\/em><\/td><td>\u015bp. Henryk \u0141upi\u0144ski <strong>\u2013 gregoria\u0144ska<\/strong><\/td><\/tr><tr><td><em><strong>9<sup> 00<\/sup><\/strong><\/em><\/td><td><a><\/a> \u015bp. Marianna, Zygmunt i Roman, Barbara Zdrojkowscy<\/td><\/tr><tr><td><em><strong>10<sup> 30<\/sup><\/strong><\/em><\/td><td>\u015bp. Edward Szczerbowski 1 rocznica \u015bmierci<\/td><\/tr><tr><td><em><strong>12<sup> 00<\/sup><\/strong><\/em><\/td><td>\u015bp. Stanis\u0142aw i Stanis\u0142awa Zdrodowskich<\/td><\/tr><tr><td><em><strong>12<sup> 00<\/sup><\/strong><\/em><\/td><td>O pok\u00f3j i Bo\u017ce b\u0142ogos\u0142awie\u0144stwo dla naszej Ojczyzny i o zbawienie dla poleg\u0142ych w jej obronie<\/td><\/tr><tr><td><em><strong>16<sup> 00<\/sup><\/strong><\/em><\/td><td>O Bo\u017ce b\u0142ogos\u0142awie\u0144stwo dary Ducha \u015bwi\u0119tego i opiek\u0119 Matki Naj\u015bwi\u0119tszej dla dzieci z r\u00f3\u017cy R\u00f3\u017ca\u0144cowej rodzic\u00f3w pw. NMP Kr\u00f3lowej Polski<\/td><\/tr><tr><td><em><strong>18<sup> 00<\/sup><\/strong><\/em><\/td><td><a><\/a> Pro populo \u2013 za parafian<\/td><\/tr><\/tbody><\/table><\/figure>\n","protected":false},"excerpt":{"rendered":"<p>NIEDZIELA 7 00 \u015bp. Henryk \u0141upi\u0144ski \u2013 gregoria\u0144ska 9 00 \u015bp. Waldemar, Iwona, Krystyna, Wanda, Franciszek i Stefania Raczy\u0144scy 9 00 Pro populo \u2013 za<\/p>\n","protected":false},"author":1,"featured_media":0,"comment_status":"closed","ping_status":"closed","sticky":false,"template":"","format":"standard","meta":{"footnotes":""},"categories":[6],"tags":[],"class_list":["post-4040","post","type-post","status-publish","format-standard","hentry","category-intencje-mszy-sw"],"_links":{"self":[{"href":"http:\/\/parafialapy-pp.pl\/index.php\/wp-json\/wp\/v2\/posts\/4040","targetHints":{"allow":["GET"]}}],"collection":[{"href":"http:\/\/parafialapy-pp.pl\/index.php\/wp-json\/wp\/v2\/posts"}],"about":[{"href":"http:\/\/parafialapy-pp.pl\/index.php\/wp-json\/wp\/v2\/types\/post"}],"author":[{"embeddable":true,"href":"http:\/\/parafialapy-pp.pl\/index.php\/wp-json\/wp\/v2\/users\/1"}],"replies":[{"embeddable":true,"href":"http:\/\/parafialapy-pp.pl\/index.php\/wp-json\/wp\/v2\/comments?post=4040"}],"version-history":[{"count":1,"href":"http:\/\/parafialapy-pp.pl\/index.php\/wp-json\/wp\/v2\/posts\/4040\/revisions"}],"predecessor-version":[{"id":4041,"href":"http:\/\/parafialapy-pp.pl\/index.php\/wp-json\/wp\/v2\/posts\/4040\/revisions\/4041"}],"wp:attachment":[{"href":"http:\/\/parafialapy-pp.pl\/index.php\/wp-json\/wp\/v2\/media?parent=4040"}],"wp:term":[{"taxonomy":"category","embeddable":true,"href":"http:\/\/parafialapy-pp.pl\/index.php\/wp-json\/wp\/v2\/categories?post=4040"},{"taxonomy":"post_tag","embeddable":true,"href":"http:\/\/parafialapy-pp.pl\/index.php\/wp-json\/wp\/v2\/tags?post=4040"}],"curies":[{"name":"wp","href":"https:\/\/api.w.org\/{rel}","templated":true}]}}