{"id":4042,"date":"2026-04-26T14:00:57","date_gmt":"2026-04-26T14:00:57","guid":{"rendered":"https:\/\/parafialapy-pp.pl\/?p=4042"},"modified":"2026-04-26T14:00:58","modified_gmt":"2026-04-26T14:00:58","slug":"ogloszenia-duszpasterskie-26-kwietnia-2026r","status":"publish","type":"post","link":"http:\/\/parafialapy-pp.pl\/index.php\/2026\/04\/26\/ogloszenia-duszpasterskie-26-kwietnia-2026r\/","title":{"rendered":"OG\u0141OSZENIA DUSZPASTERSKIE 26 KWIETNIA 2026r."},"content":{"rendered":"\n<p>\u25cf Dzisiejsz\u0105 czwart\u0105 niedziel\u0119 Wielkanocn\u0105 prze\u017cywamy w Ko\u015bciele jako \u015awiatowy Dzie\u0144 Modlitw o Powo\u0142ania. Rozpoczynaj\u0105 si\u0119 te\u017c Kwartalne dni modlitw o powo\u0142ania do s\u0142u\u017cby w&nbsp;Ko\u015bciele. Musimy prosi\u0107 Jezusa Chrystusa \u2013 Dobrego Pasterza, aby nigdy nie zabrak\u0142o nowych pracownik\u00f3w w&nbsp;winnicy Bo\u017cej. Musimy modli\u0107 si\u0119 o \u015bwi\u0119te i liczne powo\u0142ania kap\u0142a\u0144skie i zakonne, o&nbsp;ludzi gotowych p\u00f3j\u015b\u0107 przemienia\u0107 serca innych, podj\u0105\u0107 trudne zadania wobec wsp\u00f3\u0142czesnego \u015bwiata. Maj\u0105c w\u015br\u00f3d siebie kap\u0142an\u00f3w, mamy dost\u0119p do niewyczerpanych \u0142ask Bo\u017cych p\u0142yn\u0105cych z sakrament\u00f3w \u015bwi\u0119tych.<\/p>\n\n\n\n<p>\u25cf Podczas tego tygodnia b\u0119dziemy szczeg\u00f3lnie prosi\u0107 o powo\u0142ania kap\u0142a\u0144skie i zakonne z&nbsp;naszej wsp\u00f3lnoty parafialnej. Pro\u015bmy o pomoc T\u0119, kt\u00f3ra wiernie i do ko\u0144ca trwa\u0142a przy Chrystusie i przy rodz\u0105cym si\u0119 Ko\u015bciele w Dniu Pi\u0119\u0107dziesi\u0105tnicy. Maryja jest najlepsz\u0105 Matk\u0105 wszystkich kap\u0142an\u00f3w i Wychowawczyni\u0105 powo\u0142a\u0144 kap\u0142a\u0144skich.<\/p>\n\n\n\n<p>\u25cf Od pi\u0105tku 1 maja w naszej parafii b\u0119dziemy prze\u017cywa\u0107 czterdziestogodzinne nabo\u017ce\u0144stwo, kt\u00f3re przeprowadzi Ks. Krzysztof Bruszewski pochodz\u0105cy z parafii Kobylin a pracuj\u0105cy we W\u0142oszech. Zach\u0119camy gor\u0105co wszystkich, aby znale\u017a\u0107 czas na modlitw\u0119 i spotkanie z Jezusem Eucharystycznym ka\u017cdego dnia do \u015brody w\u0142\u0105cznie. Msze \u015bwi\u0119te w tych dniach o godzinie 7<sup>00<\/sup>, 9<sup>00<\/sup>, 11<sup>30<\/sup>, 16<sup>00<\/sup> i 18<sup>00<\/sup>, adoracja Naj\u015bwi\u0119tszego Sakramentu przez ca\u0142y dzie\u0144. Ofiary sk\u0142adane w ostatnim dniu na tac\u0119 s\u0105 przeznaczone dla ksi\u0119dza prowadz\u0105cego. Maj\u0105c na wzgl\u0119dzie \u017ce pocz\u0105tek maja sprzyja organizowaniu spotka\u0144 rodzinnych, biskup \u0142om\u017cy\u0144ski udziela dyspensy od pokarm\u00f3w mi\u0119snych na pi\u0105tek 1 maja.<\/p>\n\n\n\n<p>\u25cf 2 maja przypada Dzie\u0144 Polonii oraz Dzie\u0144 Flagi Narodowej. W modlitwie pami\u0119tajmy o naszych rodakach mieszkaj\u0105cych poza granicami Ojczyzny. Nie zapomnijmy tak\u017ce wywiesi\u0107 flagi narodowej. Niedziele wielkanocne nie dopuszczaj\u0105 \u017cadnych wspomnie\u0144, \u015bwi\u0105t czy uroczysto\u015bci, dlatego uroczysto\u015b\u0107 Naj\u015bwi\u0119tszej Marii Panny Kr\u00f3lowej Polski przeniesiona zosta\u0142a na dzie\u0144 2 maja. Tym samym r\u00f3wnie\u017c zosta\u0142 przeniesiony dzie\u0144 odpustu parafialnego. W tym dniu przypada r\u00f3wnie\u017c 90 rocznica sprowadzenia obrazu Matki Bo\u017cej Cz\u0119stochowskiej do naszej miejscowo\u015bci i parafii, procesja z feretronem Matki Bo\u017cej po\u0142\u0105czona z procesj\u0105 eucharystyczn\u0105, po sumie odpustowej o godzinie 18<sup>00<\/sup>.<\/p>\n\n\n\n<p>\u25cf W najbli\u017csz\u0105 niedziel\u0119, na zako\u0144czenie 40-sto godzinnego nabo\u017ce\u0144stwa przypada kolejna rocznica uchwalenia Konstytucji 3 Maja. Zapraszamy na wsp\u00f3ln\u0105 modlitw\u0119, aby przez wstawiennictwo Kr\u00f3lowej Polski wyprasza\u0107 Bo\u017c\u0105 opiek\u0119 dla ca\u0142ego naszego narodu, szczeg\u00f3lnie dar jedno\u015bci i wzajemnego szacunku. Uczynimy to szczeg\u00f3lnie na Mszy \u015bwi\u0119tej o godzinie 12<sup>00<\/sup> modl\u0105c si\u0119 O pok\u00f3j zgod\u0119 Bo\u017ce b\u0142ogos\u0142awie\u0144stwo dla naszej Ojczyzny i o zbawienie dla poleg\u0142ych w jej obronie. B\u0142ogos\u0142awie\u0144stwo rodzin i dzieci z racji pierwszej niedzieli miesi\u0105ca, jak zawsze na zako\u0144czenie Mszy o godzinie 12<sup>00<\/sup>.W tym dniu o godzinie 13<sup>00<\/sup> w Domu Kultury b\u0119dzie mo\u017cna obejrze\u0107 monta\u017c s\u0142owno-muzyczny \u201eKonstytucja 3 maja \u2013 Testament Niepodleg\u0142o\u015bci\u201d w wykonaniu przedszkolak\u00f3w z Przedszkola nr 2 w \u0141apach.<\/p>\n\n\n\n<p>\u25cf W tym tygodniu podczas Nabo\u017ce\u0144stwa Czterdziestogodzinnego przypada czwartek przed pierwszym pi\u0105tkiem miesi\u0105ca, pierwszy pi\u0105tek i sobota miesi\u0105ca. W czwartek Godzina \u015bwi\u0119ta o 17<sup>00<\/sup>. Ze wzgl\u0119du na nabo\u017ce\u0144stwo 40-sto godzinne kap\u0142ani odwiedziny chorych w pi\u0105tek rozpoczn\u0105 od godziny 13<sup>00<\/sup>. W sobot\u0119 wynagradzamy Niepokalanemu Sercu Maryi za grzechy swoje i ca\u0142ego \u015bwiata.<\/p>\n\n\n\n<p>\u25cf Przypominamy \u017ce istot\u0105 i warunkiem pierwszych pi\u0105tk\u00f3w i sob\u00f3t jest uczestnictwo we Mszy \u015bw. wraz z przyj\u0119ciem Komunii \u015bwi\u0119tej wynagradzaj\u0105cej Sercu Jezusowemu i Niepokalanemu Sercu Maryi za grzechy swoje i ca\u0142ego \u015bwiata.<\/p>\n\n\n\n<p>\u25cf W tym tygodniu w \u015brod\u0119 Dzie\u0144 M\u0119cze\u0144stwa Duchowie\u0144stwa Polskiego, upami\u0119tniaj\u0105cy rocznic\u0119 wyzwolenia obozu koncentracyjnego w Dachau w 1945 roku.<\/p>\n\n\n\n<p>\u25cf Maj kt\u00f3ry rozpoczniemy w pi\u0105tek, po\u015bwi\u0119cony jest szczeg\u00f3lnej czci Matki Bo\u017cej. Zapraszamy wszystkich, aby \u015bpiewem Litanii loreta\u0144skiej wyprasza\u0107 wstawiennictwo Naj\u015bwi\u0119tszej Maryi Panny w naszych codziennych potrzebach. Zapraszamy na nabo\u017ce\u0144stwa majowe do \u015bwi\u0105tyni w dni powszednie po Mszy \u015bwi\u0119tej o godzinie 18<sup>00<\/sup>, w niedziel\u0119 o 17<sup>30<\/sup>. Tych, kt\u00f3rzy nie mog\u0105 uczestniczy\u0107 w nabo\u017ce\u0144stwach majowych w ko\u015bciele, zach\u0119camy do modlitwy przy przydro\u017cnych kapliczkach oraz domach rodzinnych.<\/p>\n\n\n\n<p><a><\/a> \u25cf W tym dniu przypada r\u00f3wnie\u017c \u015awi\u0119to Pracy. Nasz\u0105 modlitw\u0105 wspieramy wszystkich pracownik\u00f3w i&nbsp;pracodawc\u00f3w, aby podejmowali uczciwie swoje obowi\u0105zki. Za wstawiennictwem Wielkiego Patrona Ko\u015bcio\u0142a i Rodziny \u2013 \u015bw. J\u00f3zefa Robotnika \u2013 modlimy si\u0119 za wszystkich bezrobotnych i poszukuj\u0105cych pracy, aby znale\u017ali godne zaj\u0119cie i mogli zapewni\u0107 byt swoim bliskim. W dniu 1 maja we wspomnienie \u015bw. J\u00f3zefa Robotnika o godzinie 8<sup>00<\/sup> z parafii \u015aw. Krzy\u017ca \u2013 sanktuarium NMP Ostrobramskiej, Matki Mi\u0142osierdzia po raz siedemnasty wyruszy piesza pielgrzymka ludzi \u015bwiata pracy do Matki Bo\u017cej Pojednania w Hodyszewie. Za wstawiennictwem \u015bw. J\u00f3zefa pielgrzymi b\u0119d\u0105 prosi\u0107 Boga o rozw\u00f3j gospodarczy \u0141ap i okolic, o Bo\u017ce b\u0142ogos\u0142awie\u0144stwo dla naszych rodzin i Ojczyzny. Tym, kt\u00f3rzy nie mog\u0105 pielgrzymowa\u0107 pieszo, a chc\u0105 si\u0119 modli\u0107 proponujemy wyjazd samochodami o godzinie 10<sup>00<\/sup> r\u00f3wnie\u017c z ko\u015bcio\u0142a \u015aw. Krzy\u017ca. Organizatorzy zapraszaj\u0105 wszystkich na pielgrzymi szlak. Kontakt: Stanis\u0142aw Perkowski, tel. kom. 509510801.<\/p>\n\n\n\n<p>\u25cf Do skorzystania z sakramentu pokuty zapraszamy 15 minut przed Msz\u0105 \u015bwi\u0119t\u0105, podczas Eucharystii nie zawsze b\u0119dzie kap\u0142an pos\u0142uguj\u0105cy w konfesjonale.<\/p>\n\n\n\n<p>\u25cf Dzi\u0119kujemy wszystkim za modlitw\u0119 i ofiary sk\u0142adane na potrzeby parafii, za te sk\u0142adane na coniedzieln\u0105 tac\u0119, ofiary indywidualne, przez ofiaromat, czy na konto bankowe.<\/p>\n\n\n\n<p>\u25cf Zwi\u0105zek ma\u0142\u017ce\u0144ski maj\u0105 zamiar zawrze\u0107: Mateusz Perkowski kawaler parafii naszej i Klaudia Szpakowska panna parafii \u015awi\u0119tego Krzy\u017ca \u2013 zapowied\u017a I; \u2013 ktokolwiek wiedzia\u0142by o przeszkodach zachodz\u0105cych miedzy tymi osobami zobowi\u0105zany jest w sumieniu o powiadomieniu Kancelarii Parafialnej.<\/p>\n\n\n\n<p>\u25cf W minionym czasie do wieczno\u015bci z naszej parafii odesz\u0142a: \u015bp. Regina P\u00f3\u0142brat lat 89 \u2013 wieczny odpoczynek racz jej da\u0107 Panie, a \u015bwiat\u0142o\u015b\u0107 wiekuista niechaj jej \u015bwieci, niech odpoczywa w pokoju wiecznym amen.<\/p>\n\n\n\n<p>\u25cf Wszystkim solenizantom i jubilatom tego tygodnia \u017cyczymy do\u015bwiadczenia blisko\u015bci Boga, opieki Matki Naj\u015bwi\u0119tszej, gorliwo\u015bci w wype\u0142nianiu codziennych obowi\u0105zk\u00f3w oraz otwarto\u015bci na Bo\u017ce natchnienia. Mi\u0142ej i b\u0142ogos\u0142awionej niedzieli.<\/p>\n\n\n\n<p><strong>W tym tygodniu patronuj\u0104 nam:<\/strong><\/p>\n\n\n\n<p>\u2013 we wtorek 28 kwietnia \u2013 \u015awi\u0119ty Piotr Chanel (1803-1841), prezbiter, misjonarz i&nbsp;m\u0119czennik;<\/p>\n\n\n\n<p>\u2013 tego samego dnia \u2013 \u015awi\u0119ty Ludwik Maria Grignon do Montfort (1673-1716), prezbiter, wielki czciciel Matki Bo\u017cej;<\/p>\n\n\n\n<p>\u2013 we wtorek 29 kwietnia \u2013 \u015awi\u0119ta Katarzyna Siene\u0144ska (1347-1380), dziewica i doktor Ko\u015bcio\u0142a, w 1999 roku \u015awi\u0119ty Jan Pawe\u0142 II og\u0142osi\u0142 j\u0105 wsp\u00f3\u0142patronk\u0105 Europy;<\/p>\n\n\n\n<p>\u2013 w czwartek30 kwietnia \u2013 \u015awi\u0119ty Pius V (1504-1572), papie\u017c.<\/p>\n","protected":false},"excerpt":{"rendered":"<p>\u25cf Dzisiejsz\u0105 czwart\u0105 niedziel\u0119 Wielkanocn\u0105 prze\u017cywamy w Ko\u015bciele jako \u015awiatowy Dzie\u0144 Modlitw o Powo\u0142ania. Rozpoczynaj\u0105 si\u0119 te\u017c Kwartalne dni modlitw o powo\u0142ania do s\u0142u\u017cby w&nbsp;Ko\u015bciele.<\/p>\n","protected":false},"author":1,"featured_media":4043,"comment_status":"closed","ping_status":"closed","sticky":false,"template":"","format":"standard","meta":{"footnotes":""},"categories":[3],"tags":[],"class_list":["post-4042","post","type-post","status-publish","format-standard","has-post-thumbnail","hentry","category-ogloszenia"],"_links":{"self":[{"href":"http:\/\/parafialapy-pp.pl\/index.php\/wp-json\/wp\/v2\/posts\/4042","targetHints":{"allow":["GET"]}}],"collection":[{"href":"http:\/\/parafialapy-pp.pl\/index.php\/wp-json\/wp\/v2\/posts"}],"about":[{"href":"http:\/\/parafialapy-pp.pl\/index.php\/wp-json\/wp\/v2\/types\/post"}],"author":[{"embeddable":true,"href":"http:\/\/parafialapy-pp.pl\/index.php\/wp-json\/wp\/v2\/users\/1"}],"replies":[{"embeddable":true,"href":"http:\/\/parafialapy-pp.pl\/index.php\/wp-json\/wp\/v2\/comments?post=4042"}],"version-history":[{"count":1,"href":"http:\/\/parafialapy-pp.pl\/index.php\/wp-json\/wp\/v2\/posts\/4042\/revisions"}],"predecessor-version":[{"id":4044,"href":"http:\/\/parafialapy-pp.pl\/index.php\/wp-json\/wp\/v2\/posts\/4042\/revisions\/4044"}],"wp:featuredmedia":[{"embeddable":true,"href":"http:\/\/parafialapy-pp.pl\/index.php\/wp-json\/wp\/v2\/media\/4043"}],"wp:attachment":[{"href":"http:\/\/parafialapy-pp.pl\/index.php\/wp-json\/wp\/v2\/media?parent=4042"}],"wp:term":[{"taxonomy":"category","embeddable":true,"href":"http:\/\/parafialapy-pp.pl\/index.php\/wp-json\/wp\/v2\/categories?post=4042"},{"taxonomy":"post_tag","embeddable":true,"href":"http:\/\/parafialapy-pp.pl\/index.php\/wp-json\/wp\/v2\/tags?post=4042"}],"curies":[{"name":"wp","href":"https:\/\/api.w.org\/{rel}","templated":true}]}}