{"id":4139,"date":"2026-09-06T16:24:45","date_gmt":"2026-09-06T16:24:45","guid":{"rendered":"http:\/\/parafialapy-pp.pl\/?p=4139"},"modified":"2026-09-06T16:24:45","modified_gmt":"2026-09-06T16:24:45","slug":"intencje-mszy-swietych-13-20-ix-26-r","status":"publish","type":"post","link":"http:\/\/parafialapy-pp.pl\/index.php\/2026\/09\/06\/intencje-mszy-swietych-13-20-ix-26-r\/","title":{"rendered":"INTENCJE MSZY \u015aWI\u0118TYCH: 13 \u2013 20 IX 26 r."},"content":{"rendered":"\n<figure class=\"wp-block-table\"><table><tbody><tr><td><br><\/td><td>NIEDZIELA<\/td><\/tr><tr><td><em><strong>7<\/strong> <sup><strong>00<\/strong><\/sup><\/em><\/td><td>\u015bp. Marianna Piekut \u2013 9 rocznica \u015bmierci<\/td><\/tr><tr><td><em><strong>9<\/strong> <sup><strong>00<\/strong><\/sup><\/em><\/td><td>Pro populo \u2013 za parafian <strong>\u2013 Ks. Proboszcz poza parafi\u0105<\/strong><\/td><\/tr><tr><td><em><strong>9 <sup>00<\/sup><\/strong><\/em><\/td><td>\u015bp. Jacek Sobolewski \u2013 6 rocznica \u015bmierci \u2013 rezerwacja<\/td><\/tr><tr><td><em><strong>9 <sup>00<\/sup><\/strong><\/em><\/td><td>\u015bp. Eugenia i Edward \u0141ukaszuk <strong>\u2013 ks. U\u015bci\u0144ski poza parafi\u0105<\/strong><\/td><\/tr><tr><td><em><strong>10 <sup>30<\/sup><\/strong><\/em><\/td><td>O Bo\u017ce B\u0142ogos\u0142awie\u0144stwo dla Patrycji i Mateusza w 2 rocznic\u0119 ich \u015blubu oraz dla ich c\u00f3reczki Zosi<\/td><\/tr><tr><td><em><strong>12 <sup>00<\/sup><\/strong><\/em><\/td><td>\u015bp. Krystyna oraz zmarli z ca\u0142ej rodziny \u0141api\u0144skich w 14 rocznic\u0119 \u015bmierci Krystyny<\/td><\/tr><tr><td><em><strong>16<sup>00<\/sup><\/strong><\/em><\/td><td>\u015bp. Cezary \u0141api\u0144ski, Krystyna Ludkiewicz &#8211; rezerwacja<\/td><\/tr><tr><td><em><strong>18<\/strong> <sup><strong>00<\/strong><\/sup><\/em><\/td><td>O Bo\u017ce b\u0142ogos\u0142awie\u0144stwie opiek\u0119 Matki Bo\u017cej dla Aleksandry w 5 rocznic\u0119 urodzin<\/td><\/tr><tr><td><br><\/td><td>PONIEDZIA\u0141EK<\/td><\/tr><tr><td><em><strong>6 <sup>30<\/sup><\/strong><\/em><\/td><td>\u015bp. Antoni Brzozowski<\/td><\/tr><tr><td><em><strong>7 <sup>00<\/sup><\/strong><\/em><\/td><td>\u015bp. Amelia Zenon i Roman Hryniewiccy<\/td><\/tr><tr><td><em><strong>7 <sup>00<\/sup><\/strong><\/em><\/td><td>\u015bp. Eugeniusz G\u0105sowski \u2013 intencja od uczestnik\u00f3w pogrzebu<\/td><\/tr><tr><td><em><strong>18<sup>00<\/sup><\/strong><\/em><\/td><td>O zdrowie Bo\u017ce b\u0142ogos\u0142awie\u0144stwo dla Patrycji i Mateusza w 2 rocznica \u015blubu &#8211; rezerwacja<\/td><\/tr><tr><td><em><strong>18<sup>00<\/sup><\/strong><\/em><\/td><td>\u015bp. Barbara Olejnicka \u2013 26 rocznica \u015bmierci <strong>\u2013 ks. U\u015bci\u0144ski poza parafi\u0105<\/strong><\/td><\/tr><tr><td><br><\/td><td>WTOREK<\/td><\/tr><tr><td><em><strong>6 <sup>30<\/sup><\/strong><\/em><\/td><td>\u015bp. Stanis\u0142aw i Krystyna \u0141api\u0144scy &#8211; rezerwacja<\/td><\/tr><tr><td><em><strong>7 <sup>00<\/sup><\/strong><\/em><\/td><td>\u015bp. Kazimierz Kostro i zmarli z ca\u0142ej rodziny Kostr\u00f3w w 37 rocznic\u0119 \u015bmierci Kazimierza<\/td><\/tr><tr><td><em><strong>18 <sup>00<\/sup><\/strong><\/em><\/td><td>O b\u0142ogos\u0142awie\u0144stwo Bo\u017ce opiek\u0119 Matki Bo\u017cej dla Kacpra Dr\u0105gowskiego z okazji 18 urodzin<\/td><\/tr><tr><td><em><strong>18<sup>00<\/sup><\/strong><\/em><\/td><td>\u015bp. Ma\u0142gorzata i Pawe\u0142 Dragun i za zmar\u0142ych rodzic\u00f3w Paw\u0142a<\/td><\/tr><tr><td><em><strong>18<sup>00<\/sup><\/strong><\/em><\/td><td>O Bo\u017ce b\u0142ogos\u0142awie\u0144stwo i szcz\u0119\u015bliwe rozwi\u0105zanie dla Pauliny <strong>\u2013 ks. U\u015bci\u0144ski poza parafi\u0105<\/strong><\/td><\/tr><tr><td><br><\/td><td>\u015aRODA<\/td><\/tr><tr><td><em><strong>6 <sup>30<\/sup><\/strong><\/em><\/td><td>\u015bp. Teresa \u0141api\u0144ska \u2013 1 rocznica \u015bmierci \u2013 intencja od uczestnik\u00f3w pogrzebu<\/td><\/tr><tr><td><em><strong>7<sup>00<\/sup><\/strong><\/em><\/td><td>\u015bp. Angelina (And\u017celina) Krasnod\u0119bska \u2013 8 rocznica \u015bmierci<\/td><\/tr><tr><td><em><strong>18<sup>00<\/sup><\/strong><\/em><\/td><td>\u015bp. Regina, Dariusz i Ireneusz Puci\u0142owscy<strong>\u2013 ks. U\u015bci\u0144ski poza parafi\u0105<\/strong><\/td><\/tr><tr><td><em><strong>18<sup>00<\/sup><\/strong><\/em><\/td><td><a><\/a> \u015bp. Mieczys\u0142aw \u0141api\u0144ski<\/td><\/tr><tr><td><br><\/td><td>CZWARTEK<\/td><\/tr><tr><td><em><strong>6 <sup>30<\/sup><\/strong><\/em><\/td><td>\u015bw. Mieczys\u0142awa Kulikowska \u2013 intencja od Stanis\u0142awa Roszkowskiego z rodzin\u0105<\/td><\/tr><tr><td><em><strong>7 <sup>00<\/sup><\/strong><\/em><\/td><td>\u015bp. Halina \u0141api\u0144ska \u2013 1 rocznica \u015bmierci &#8211; rezerwacja<\/td><\/tr><tr><td><em><strong>18<sup>00<\/sup><\/strong><\/em><\/td><td>\u015bp. Antoni \u0141api\u0144ski \u2013 intencja od rodziny \u0141uczaj\u00f3w <strong>\u2013 ks. U\u015bci\u0144ski poza parafi\u0105<\/strong><\/td><\/tr><tr><td><em><strong>18<sup>00<\/sup><\/strong><\/em><\/td><td>O zdrowie i Bo\u017ce b\u0142ogos\u0142awie\u0144stwo opiek\u0119 Matki Bo\u017cej i dary Ducha \u015awi\u0119tego dla Arkadiusza<\/td><\/tr><tr><td><br><\/td><td>PI\u0104TEK<\/td><\/tr><tr><td><em><strong>6 <sup>30<\/sup><\/strong><\/em><\/td><td>\u015bp. Mariusz Kami\u0144ski<\/td><\/tr><tr><td><em><strong>7<sup>00<\/sup><\/strong><\/em><\/td><td>\u015bp. Felicja, Genowefa, Aleksander i Piotr<\/td><\/tr><tr><td><em><strong>18 <sup>00<\/sup><\/strong><\/em><\/td><td>\u015bp. J\u00f3zef Ku\u0107mierowski \u2013 8 rocznica \u015bmierci <strong>\u2013 ks. U\u015bci\u0144ski poza parafi\u0105<\/strong> &#8211; rezerwacja<\/td><\/tr><tr><td><em><strong>18<sup>00<\/sup><\/strong><\/em><\/td><td>O zdrowie i Bo\u017ce b\u0142ogos\u0142awie\u0144stwo dla Mariusza i Justyna i ich dzieci &#8211; rezerwacja<\/td><\/tr><tr><td><br><\/td><td>SOBOTA<\/td><\/tr><tr><td><em><strong>6 <sup>30<\/sup><\/strong><\/em><\/td><td>\u015bp. Jerzy Dzielnik<\/td><\/tr><tr><td><em><strong>7<sup>00<\/sup><\/strong><\/em><\/td><td>\u015bp. Wanda Kusznerko<\/td><\/tr><tr><td><em><strong>18<sup>00<\/sup><\/strong><\/em><\/td><td>Dzi\u0119kczynna w 12 rocznic\u0119 \u015blubu Eweliny i Szymona z pro\u015bb\u0105 O zdrowie i Bo\u017ce b\u0142ogos\u0142awie\u0144stwo dla jubilat\u00f3w i ich dzieci <strong>\u2013 ks. U\u015bci\u0144ski poza parafi\u0105<\/strong><\/td><\/tr><tr><td><em><strong>18 <sup>00<\/sup><\/strong><\/em><\/td><td>\u015bp. Antoni, Felicja, J\u00f3zef, w 20 rocznic\u0119 \u015bmierci Antoniego Fiedorczuka &#8211; rezerwacja<\/td><\/tr><tr><td><br><\/td><td>NIEDZIELA<\/td><\/tr><tr><td><em><strong>7 <sup>00<\/sup><\/strong><\/em><\/td><td>\u015bp. W\u0142adys\u0142aw Wyszy\u0144ski<\/td><\/tr><tr><td><em><strong>9 <sup>00<\/sup><\/strong><\/em><\/td><td>\u015bp. Irena i Aleksander Francke w kolejn\u0105 rocznic\u0119 \u015bmierci<\/td><\/tr><tr><td><em><strong>9 <sup>00<\/sup><\/strong><\/em><\/td><td>Pro populo \u2013 za parafian <strong>\u2013 ks. U\u015bci\u0144ski poza parafi\u0105<\/strong><\/td><\/tr><tr><td><em><strong>10 <sup>30<\/sup><\/strong><\/em><\/td><td>O zdrowie i Bo\u017ce b\u0142ogos\u0142awie\u0144stwo dla Agnieszki i Dariusza &#8211; rezerwacja<\/td><\/tr><tr><td><em><strong>12 <sup>00<\/sup><\/strong><\/em><\/td><td>O Bo\u017ce b\u0142ogos\u0142awie\u0144stwo i zdrowie dla Jakuba i Dariusza z okazji urodzin<\/td><\/tr><tr><td><em><strong>16<sup>00<\/sup><\/strong><\/em><\/td><td>O Bo\u017ce b\u0142ogos\u0142awie\u0144stwo, dary Ducha \u015bwi\u0119tego i opiek\u0119 Matki Bo\u017cej dla Szymona w 13 rocznic\u0119 urodzin<\/td><\/tr><tr><td><em><strong>18 <sup>00<\/sup><\/strong><\/em><\/td><td><a><\/a> \u015bp. Janina i Tadeusz Kulesza &#8211; rezerwacja<\/td><\/tr><\/tbody><\/table><\/figure>\n","protected":false},"excerpt":{"rendered":"<p>NIEDZIELA 7 00 \u015bp. Marianna Piekut \u2013 9 rocznica \u015bmierci 9 00 Pro populo \u2013 za parafian \u2013 Ks. Proboszcz poza parafi\u0105 9 00 \u015bp.<\/p>\n","protected":false},"author":1,"featured_media":0,"comment_status":"closed","ping_status":"closed","sticky":false,"template":"","format":"standard","meta":{"footnotes":""},"categories":[6],"tags":[],"class_list":["post-4139","post","type-post","status-publish","format-standard","hentry","category-intencje-mszy-sw"],"_links":{"self":[{"href":"http:\/\/parafialapy-pp.pl\/index.php\/wp-json\/wp\/v2\/posts\/4139","targetHints":{"allow":["GET"]}}],"collection":[{"href":"http:\/\/parafialapy-pp.pl\/index.php\/wp-json\/wp\/v2\/posts"}],"about":[{"href":"http:\/\/parafialapy-pp.pl\/index.php\/wp-json\/wp\/v2\/types\/post"}],"author":[{"embeddable":true,"href":"http:\/\/parafialapy-pp.pl\/index.php\/wp-json\/wp\/v2\/users\/1"}],"replies":[{"embeddable":true,"href":"http:\/\/parafialapy-pp.pl\/index.php\/wp-json\/wp\/v2\/comments?post=4139"}],"version-history":[{"count":1,"href":"http:\/\/parafialapy-pp.pl\/index.php\/wp-json\/wp\/v2\/posts\/4139\/revisions"}],"predecessor-version":[{"id":4140,"href":"http:\/\/parafialapy-pp.pl\/index.php\/wp-json\/wp\/v2\/posts\/4139\/revisions\/4140"}],"wp:attachment":[{"href":"http:\/\/parafialapy-pp.pl\/index.php\/wp-json\/wp\/v2\/media?parent=4139"}],"wp:term":[{"taxonomy":"category","embeddable":true,"href":"http:\/\/parafialapy-pp.pl\/index.php\/wp-json\/wp\/v2\/categories?post=4139"},{"taxonomy":"post_tag","embeddable":true,"href":"http:\/\/parafialapy-pp.pl\/index.php\/wp-json\/wp\/v2\/tags?post=4139"}],"curies":[{"name":"wp","href":"https:\/\/api.w.org\/{rel}","templated":true}]}}