{"id":4141,"date":"2026-09-06T16:25:55","date_gmt":"2026-09-06T16:25:55","guid":{"rendered":"http:\/\/parafialapy-pp.pl\/?p=4141"},"modified":"2026-09-06T16:25:56","modified_gmt":"2026-09-06T16:25:56","slug":"ogloszenia-duszpasterskie-13-wrzesnia-2026r","status":"publish","type":"post","link":"http:\/\/parafialapy-pp.pl\/index.php\/2026\/09\/06\/ogloszenia-duszpasterskie-13-wrzesnia-2026r\/","title":{"rendered":"OG\u0141OSZENIA DUSZPASTERSKIE 13 WRZE\u015aNIA 2026r."},"content":{"rendered":"\n<p class=\"wp-block-paragraph\">\u25cf Dzisiaj rozpoczyna si\u0119 Tydzie\u0144 Wychowania oraz Kwartalne dni modlitw za dzieci, m\u0142odzie\u017c i wychowawc\u00f3w. W&nbsp;tym czasie w kalendarzu liturgicznym pod dat\u0105 18 wrze\u015bnia (najbli\u017cszy pi\u0105tek) przypada \u015bwi\u0119to \u015awi\u0119tego Stanis\u0142awa Kostki, patrona polskiej m\u0142odzie\u017cy. Mimo up\u0142ywu stuleci, jest on nadal czytelnym wzorem \u017cycia dla m\u0142odego pokolenia. Podczas Eucharystii ka\u017cdego dnia nadchodz\u0105cego tygodnia, przez wstawiennictwo \u015awi\u0119tego Stanis\u0142awa Kostki, b\u0119dziemy prosili Boga o \u015bwi\u0119to\u015b\u0107 naszych dzieci i m\u0142odzie\u017cy, bo od nich zale\u017cy przysz\u0142o\u015b\u0107 naszego narodu i Ko\u015bcio\u0142a.<\/p>\n\n\n\n<p class=\"wp-block-paragraph\"><a><\/a> \u25cf Dzi\u0119kuj\u0119 ksi\u0119dzu Janowi Okule za wyg\u0142oszone S\u0142owo Bo\u017ce w dniu dzisiejszym, a ksi\u0119dzu Miros\u0142awowi Or\u0142owskiemu, naszemu ziomkowi za pomoc duszpastersk\u0105.<\/p>\n\n\n\n<p class=\"wp-block-paragraph\">\u25cf W jutrzejszy poniedzia\u0142ek, 14 wrze\u015bnia, przypada \u015bwi\u0119to Podwy\u017cszenia Krzy\u017ca \u015awi\u0119tego. Krzy\u017c jest naszym chrze\u015bcija\u0144skim god\u0142em \u2013 znakiem m\u0119ki i \u015bmierci naszego Odkupiciela, jednak po nim by\u0142o zmartwychwstanie i wniebowst\u0105pienie. Krzy\u017c jest wi\u0119c tak\u017ce znakiem naszej nadziei. Pami\u0119tajmy, \u017ce Chrystusowym krzy\u017cem staje si\u0119 o\u0142tarz w naszej \u015bwi\u0105tyni i we wszystkich ko\u015bcio\u0142ach na ca\u0142ym \u015bwiecie. Na nim podczas Eucharystii Chrystus ponawia swoj\u0105 paschaln\u0105 Ofiar\u0119 \u201eza \u017cycie \u015bwiata\u201d. Nasza Ojczyzna i jej dzieje znaczone s\u0105 krzy\u017cami. Jak nigdzie w Europie, zw\u0142aszcza Zachodniej, wsz\u0119dzie g\u00f3ruj\u0105 u nas krzy\u017ce. Zachowujmy je w szacunku i dba\u0142o\u015bci nie tylko przy okazji \u015bwi\u0119ta Podwy\u017cszenia Krzy\u017ca.<\/p>\n\n\n\n<p class=\"wp-block-paragraph\">\u25cf W s\u0105siedztwie \u015bwi\u0119ta Podwy\u017cszenia Krzy\u017ca \u015awi\u0119tego w kalendarzu liturgicznym pod dat\u0105 15 wrze\u015bnia (najbli\u017cszy wtorek) przypada wspomnienie Matki Bo\u017cej Bolesnej. Przez to wspomnienie mo\u017cemy u\u015bwiadomi\u0107 sobie cierpienia, jakie by\u0142y udzia\u0142em Maryi, kt\u00f3ra \u2013 jak nikt inny \u2013 by\u0142a zjednoczona z Chrystusem r\u00f3wnie\u017c w Jego m\u0119ce, cierpieniu i \u015bmierci.<\/p>\n\n\n\n<p class=\"wp-block-paragraph\">\u25cf W czwartek, 17 wrze\u015bnia, w rocznic\u0119 napa\u015bci Zwi\u0105zku Radzieckiego na Polsk\u0119 w 1939 roku w modlitwach pami\u0119tajmy o wszystkich poleg\u0142ych w obronie naszej Ojczyzny na Wschodzie.<\/p>\n\n\n\n<p class=\"wp-block-paragraph\">\u25cf W pi\u0105tek 18 wrze\u015bnia przypada rocznica po\u015bwi\u0119cenia naszej \u015bwi\u0105tyni, przed dziewi\u0119\u0107dziesi\u0119ciu dziewi\u0119ciu laty zosta\u0142a oddana Bogu na wy\u0142\u0105czn\u0105 w\u0142asno\u015b\u0107 i od tego momentu tutaj jest miejsce Jego szczeg\u00f3lnej obecno\u015bci z nami. W najbli\u017csz\u0105 niedziel\u0119 przypadaj\u0105c\u0105 po tej dacie, 20 wrze\u015bnia b\u0119dziemy obchodzili Uroczysto\u015b\u0107 Rocznicy Po\u015bwi\u0119cenia W\u0142asnego Ko\u015bcio\u0142a. Pami\u0119tajmy w naszych modlitwach, o tych kt\u00f3rzy wznosili t\u0119 \u015bwi\u0105tyni\u0119 i przez lata o ni\u0105 si\u0119 troszczyli.<\/p>\n\n\n\n<p class=\"wp-block-paragraph\">\u25cf W niedziel\u0119 20 wrze\u015bnia po Mszy wieczornej rozpoczynamy Nowenn\u0119 do \u015bw. Micha\u0142a Archanio\u0142a.<\/p>\n\n\n\n<p class=\"wp-block-paragraph\">\u25cf W przysz\u0142\u0105 niedziel\u0119 przypada Mi\u0119dzynarodowy Dzie\u0144 \u015arodk\u00f3w Spo\u0142ecznego Przekazu. B\u0119dziemy modli\u0107 si\u0119 za wszystkich pracuj\u0105cych w mediach, aby zawsze s\u0142u\u017cyli prawdzie i dobru. Ofiary sk\u0142adane do puszek w tym dniu b\u0119d\u0105 przeznaczone na Radio Nadzieja.<\/p>\n\n\n\n<p class=\"wp-block-paragraph\">\u25cf Kandydat\u00f3w przygotowuj\u0105cych si\u0119 do sakramentu bierzmowania w tym roku szkolnym, zapraszamy wraz z rodzicami w przysz\u0142\u0105 niedziel\u0119 20 wrze\u015bnia na Msz\u0119 \u015bwi\u0119t\u0105 o godzinie 9<sup>00<\/sup>. Po Mszy om\u00f3wienie spraw organizacyjnych oraz rozdanie deklaracji i indeks\u00f3w.<\/p>\n\n\n\n<p class=\"wp-block-paragraph\">\u25cf Przypominamy, aby zam\u00f3wione intencje Mszy op\u0142aca\u0107 minimum dwa tygodnie przed terminem odprawiania.<\/p>\n\n\n\n<p class=\"wp-block-paragraph\">\u25cf Dzi\u0119kujemy wszystkim za modlitw\u0119 i ofiary sk\u0142adane na potrzeby parafii, za te sk\u0142adane na coniedzieln\u0105 tac\u0119, ofiary indywidualne, przez ofiaromat czy na konto bankowe.<\/p>\n\n\n\n<p class=\"wp-block-paragraph\">\u25cf W ostatnim czasie odeszli do wieczno\u015bci z naszej wsp\u00f3lnoty parafialnej: \u015bp. \u2026\u2026\u2026\u2026.. lat \u2026.; \u2013 wieczny odpoczynek racz im da\u0107 Panie, a \u015bwiat\u0142o\u015b\u0107 wiekuista niechaj im \u015bwieci, niech odpoczywaj\u0105 w pokoju wiecznym amen.<\/p>\n\n\n\n<p class=\"wp-block-paragraph\">\u25cf Wszystkim jubilatom i solenizantom najbli\u017cszego tygodnia \u017cyczymy do\u015bwiadczenia blisko\u015bci i mocy Pana w codziennym \u017cyciu, pos\u0142usze\u0144stwa Jego s\u0142owu oraz nieustannego dawania \u015bwiadectwa przynale\u017cno\u015bci do Boga i Ko\u015bcio\u0142a.<\/p>\n\n\n\n<p class=\"wp-block-paragraph\"><strong>W tym tygodniu patronuj\u0104 nam:<\/strong><\/p>\n\n\n\n<p class=\"wp-block-paragraph\">\u2013 w dzisiejsz\u0105 niedziel\u0119 13 wrze\u015bnia \u2013 \u015awi\u0119ty Jan Chryzostom, biskup Konstantynopola z&nbsp;prze\u0142omu IV i V wieku, zapami\u0119tany jako wybitnie uzdolniony kaznodzieja, st\u0105d jego przydomek \u201ez\u0142otousty\u201d, czyli Chryzostom;<\/p>\n\n\n\n<p class=\"wp-block-paragraph\">\u2013 w \u015brod\u0119 16 wrze\u015bnia \u2013 \u015awi\u0119ci Korneliusz (ok. 200-253), papie\u017c, i Cyprian (ok. 210-258), biskup; obydwaj gorliwie bronili wiary chrze\u015bcija\u0144skiej i ponie\u015bli \u015bmier\u0107 m\u0119cze\u0144sk\u0105 w&nbsp;po\u0142owie III wieku;<\/p>\n\n\n\n<p class=\"wp-block-paragraph\">\u2013 w czwartek 17 wrze\u015bnia \u2013 \u015awi\u0119ty Robert Bellarmin (1542-1621), wybitny jezuita, biskup i&nbsp;doktor Ko\u015bcio\u0142a, jako kardyna\u0142, by\u0142 doradc\u0105 papie\u017ca i s\u0142u\u017cy\u0142 w Kurii Rzymskiej, jest patronem katechet\u00f3w;<\/p>\n\n\n\n<p class=\"wp-block-paragraph\">\u2013 tego samego dnia \u2013 \u015awi\u0119ty Zygmunt Szcz\u0119sny Feli\u0144ski (1822-1895), arcybiskup metropolita warszawski w latach 1862-1883, za swoj\u0105 bezkompromisowo\u015b\u0107 by\u0142 prze\u015bladowany przez w\u0142adze carskie i zes\u0142any na d\u0142ugie lata do Jaros\u0142awia, po powrocie do kraju po\u015bwi\u0119ci\u0142 si\u0119 pracy duszpasterskiej i charytatywnej;<\/p>\n\n\n\n<p class=\"wp-block-paragraph\">\u2013 tego samego dnia \u2013 \u015awi\u0119ta Hildegarda (1098-1179), benedyktynka, kt\u00f3ra zas\u0142yn\u0119\u0142a jako mistyczka, kompozytorka, pisarka i uzdrowicielka, w 2012 roku papie\u017c Benedykt XVI og\u0142osi\u0142 j\u0105 doktorem Ko\u015bcio\u0142a;<\/p>\n\n\n\n<p class=\"wp-block-paragraph\">\u2013 w pi\u0105tek 18 wrze\u015bnia \u2013 \u015awi\u0119ty Stanis\u0142aw Kostka (1550-1568), zakonnik ze zgromadzenia jezuit\u00f3w, patron Polski, polskiej m\u0142odzie\u017cy i nowicjuszy;<\/p>\n\n\n\n<p class=\"wp-block-paragraph\">\u2013 w sobot\u0119 19 wrze\u015bnia \u2013 \u015awi\u0119ty January (oko\u0142o 270-oko\u0142o 305), biskup i m\u0119czennik podczas prze\u015bladowa\u0107 za cesarza Dioklecjana.<\/p>\n","protected":false},"excerpt":{"rendered":"<p>\u25cf Dzisiaj rozpoczyna si\u0119 Tydzie\u0144 Wychowania oraz Kwartalne dni modlitw za dzieci, m\u0142odzie\u017c i wychowawc\u00f3w. W&nbsp;tym czasie w kalendarzu liturgicznym pod dat\u0105 18 wrze\u015bnia (najbli\u017cszy<\/p>\n","protected":false},"author":1,"featured_media":3434,"comment_status":"closed","ping_status":"closed","sticky":false,"template":"","format":"standard","meta":{"footnotes":""},"categories":[3],"tags":[],"class_list":["post-4141","post","type-post","status-publish","format-standard","has-post-thumbnail","hentry","category-ogloszenia"],"_links":{"self":[{"href":"http:\/\/parafialapy-pp.pl\/index.php\/wp-json\/wp\/v2\/posts\/4141","targetHints":{"allow":["GET"]}}],"collection":[{"href":"http:\/\/parafialapy-pp.pl\/index.php\/wp-json\/wp\/v2\/posts"}],"about":[{"href":"http:\/\/parafialapy-pp.pl\/index.php\/wp-json\/wp\/v2\/types\/post"}],"author":[{"embeddable":true,"href":"http:\/\/parafialapy-pp.pl\/index.php\/wp-json\/wp\/v2\/users\/1"}],"replies":[{"embeddable":true,"href":"http:\/\/parafialapy-pp.pl\/index.php\/wp-json\/wp\/v2\/comments?post=4141"}],"version-history":[{"count":1,"href":"http:\/\/parafialapy-pp.pl\/index.php\/wp-json\/wp\/v2\/posts\/4141\/revisions"}],"predecessor-version":[{"id":4142,"href":"http:\/\/parafialapy-pp.pl\/index.php\/wp-json\/wp\/v2\/posts\/4141\/revisions\/4142"}],"wp:featuredmedia":[{"embeddable":true,"href":"http:\/\/parafialapy-pp.pl\/index.php\/wp-json\/wp\/v2\/media\/3434"}],"wp:attachment":[{"href":"http:\/\/parafialapy-pp.pl\/index.php\/wp-json\/wp\/v2\/media?parent=4141"}],"wp:term":[{"taxonomy":"category","embeddable":true,"href":"http:\/\/parafialapy-pp.pl\/index.php\/wp-json\/wp\/v2\/categories?post=4141"},{"taxonomy":"post_tag","embeddable":true,"href":"http:\/\/parafialapy-pp.pl\/index.php\/wp-json\/wp\/v2\/tags?post=4141"}],"curies":[{"name":"wp","href":"https:\/\/api.w.org\/{rel}","templated":true}]}}